{"id":15514,"date":"2026-03-06T07:15:00","date_gmt":"2026-03-06T06:15:00","guid":{"rendered":"https:\/\/philippeboulanger.com\/?p=15514"},"modified":"2026-03-06T15:00:20","modified_gmt":"2026-03-06T14:00:20","slug":"kelly-boesch-lartiste-qui-a-gagne-cest-celui-qui-met-en-scene","status":"publish","type":"post","link":"https:\/\/philippeboulanger.com\/fr\/kelly-boesch-lartiste-qui-a-gagne-cest-celui-qui-met-en-scene\/","title":{"rendered":"Kelly Boesch, l\u2019artiste qui a gagn\u00e9, c&rsquo;est celui qui met en sc\u00e8ne"},"content":{"rendered":"\n<hr class=\"wp-block-separator has-alpha-channel-opacity\"\/>\n\n\n\n<p>Quand une \u201cmachine infernale\u201d entre dans un studio, l\u2019industrie a deux r\u00e9flexes : paniquer\u2026 ou banaliser.<\/p>\n\n\n\n<p>Paniquer : \u201c\u00e7a va remplacer les artistes\u201d.<br>Banaliser : \u201cc\u2019est juste un outil, tout le monde peut le faire\u201d.<\/p>\n\n\n\n<p>Le cas Kelly Boesch est int\u00e9ressant parce qu\u2019il d\u00e9monte les deux.<\/p>\n\n\n\n<p>Elle n\u2019a pas \u201csurf\u00e9\u201d sur l\u2019IA comme une mode. Elle a transport\u00e9 une comp\u00e9tence rare \u2014 la grammaire cin\u00e9ma \u2014 dans un nouveau m\u00e9dium.<\/p>\n\n\n\n<p>Dans une interview, elle raconte avoir pass\u00e9 <strong>17 ans chez IMAX<\/strong> en production et marketing, et explique que cette p\u00e9riode lui a appris \u00e0 penser \u201ccinematic\u201d et \u00e0 travailler la composition et la couleur comme un langage (ProVideo Coalition). Sur son site, elle se pr\u00e9sente comme une cr\u00e9atrice qui m\u00e9lange une expertise de design issue d\u2019IMAX et une pratique d\u2019artiste (Kelly Boesch AI Art).<\/p>\n\n\n\n<p>La diff\u00e9rence est l\u00e0 :<\/p>\n\n\n\n<ul class=\"wp-block-list\">\n<li>Beaucoup de gens g\u00e9n\u00e8rent.<\/li>\n\n\n\n<li>Elle <strong>met en sc\u00e8ne<\/strong>.<\/li>\n<\/ul>\n\n\n\n<p>Et c\u2019est pr\u00e9cis\u00e9ment ce que l\u2019IA ne donne pas \u201ctoute seule\u201d.<\/p>\n\n\n\n<hr class=\"wp-block-separator has-alpha-channel-opacity\"\/>\n\n\n\n<h3 class=\"wp-block-heading\" id=\"h-1-le-malentendu-croire-que-l-avantage-c-est-l-outil\">1) Le malentendu : croire que l\u2019avantage, c\u2019est l\u2019outil<\/h3>\n\n\n\n<p>Oui, Midjourney est puissant (Midjourney).<br>Oui, Runway a industrialis\u00e9 des workflows vid\u00e9o (Runway).<br>Oui, Pika rend l\u2019animation plus accessible (Pika).<\/p>\n\n\n\n<p>Mais l\u2019histoire des outils cr\u00e9atifs est toujours la m\u00eame : l\u2019acc\u00e8s se d\u00e9mocratise\u2026 et la valeur migre.<\/p>\n\n\n\n<p>Quand tout le monde a acc\u00e8s \u00e0 la cam\u00e9ra, la valeur ne va plus \u00e0 \u201ccelui qui a une cam\u00e9ra\u201d.<br>Elle va \u00e0 celui qui sait :<\/p>\n\n\n\n<ul class=\"wp-block-list\">\n<li>cadrer,<\/li>\n\n\n\n<li>\u00e9clairer,<\/li>\n\n\n\n<li>diriger,<\/li>\n\n\n\n<li>monter,<\/li>\n\n\n\n<li>rythmer,<\/li>\n\n\n\n<li>cr\u00e9er une intention.<\/li>\n<\/ul>\n\n\n\n<p>L\u2019IA acc\u00e9l\u00e8re exactement ce d\u00e9placement.<\/p>\n\n\n\n<p>Le r\u00e9sultat : l\u2019avantage comp\u00e9titif ne se situe pas dans \u201cle meilleur outil\u201d, mais dans <strong>la meilleure grammaire<\/strong>.<\/p>\n\n\n\n<hr class=\"wp-block-separator has-alpha-channel-opacity\"\/>\n\n\n\n<h3 class=\"wp-block-heading\" id=\"h-2-le-vrai-pivot-passer-d-executer-a-raconter\">2) Le vrai pivot : passer d\u2019\u201cex\u00e9cuter\u201d \u00e0 \u201craconter\u201d<\/h3>\n\n\n\n<p>Dans son process, Kelly Boesch d\u00e9crit une logique tr\u00e8s \u201ccin\u00e9ma\u201d :<\/p>\n\n\n\n<ol class=\"wp-block-list\">\n<li><strong>Construire une image h\u00e9ro<\/strong> (un plan qui porte l\u2019intention) avec Midjourney (ProVideo Coalition).<\/li>\n\n\n\n<li>Privil\u00e9gier des workflows <strong>Image-to-Video<\/strong> pour garder le contr\u00f4le stylistique (ProVideo Coalition).<\/li>\n\n\n\n<li>Assembler et raconter au montage \u2014 elle cite explicitement l\u2019importance d\u2019un outil de montage pour transformer des clips en histoire (ProVideo Coalition).<\/li>\n<\/ol>\n\n\n\n<p>Ce d\u00e9tail est essentiel : si vous n\u2019avez pas l\u2019\u0153il du montage, vous aurez une succession de jolies choses. Pas un r\u00e9cit. Pas une \u00e9motion tenue. Pas une progression.<\/p>\n\n\n\n<p>C\u2019est l\u00e0 que la fronti\u00e8re bouge : l\u2019IA prend une partie de l\u2019ex\u00e9cution, et l\u2019artiste remonte d\u2019un \u00e9tage dans la cha\u00eene de valeur.<\/p>\n\n\n\n<figure class=\"wp-block-embed is-type-video is-provider-youtube wp-block-embed-youtube wp-embed-aspect-16-9 wp-has-aspect-ratio\"><div class=\"wp-block-embed__wrapper\">\n<iframe title=\"AI Surreal Video - Quiet Rebellion - 4K\" width=\"800\" height=\"450\" src=\"https:\/\/www.youtube.com\/embed\/UkpVoYYfX8Q?feature=oembed\" frameborder=\"0\" allow=\"accelerometer; autoplay; clipboard-write; encrypted-media; gyroscope; picture-in-picture; web-share\" referrerpolicy=\"strict-origin-when-cross-origin\" allowfullscreen><\/iframe>\n<\/div><\/figure>\n\n\n\n<hr class=\"wp-block-separator has-alpha-channel-opacity\"\/>\n\n\n\n<h3 class=\"wp-block-heading\" id=\"h-3-tout-le-monde-prompt-l-erreur-de-niveau\">3) \u201cTout le monde prompt\u201d : l\u2019erreur de niveau<\/h3>\n\n\n\n<p>Aujourd\u2019hui, beaucoup s\u2019arr\u00eatent au prompt comme s\u2019il s\u2019agissait du m\u00e9tier.<\/p>\n\n\n\n<p>Mais un prompt n\u2019est pas une intention.<br>Un prompt n\u2019est pas une mise en sc\u00e8ne.<br>Un prompt n\u2019est pas un montage.<\/p>\n\n\n\n<p>M\u00eame Midjourney insiste sur l\u2019id\u00e9e de guider un r\u00e9sultat \u00e0 partir d\u2019images de r\u00e9f\u00e9rence \u2014 autrement dit : travailler avec des contraintes visuelles, pas seulement des mots (Midjourney).<\/p>\n\n\n\n<p>Et c\u00f4t\u00e9 vid\u00e9o, les plateformes investissent dans le contr\u00f4le (coh\u00e9rence, continuit\u00e9, direction). Les progr\u00e8s sur la coh\u00e9rence des personnages et des sc\u00e8nes sont devenus un sujet central dans la g\u00e9n\u00e9ration vid\u00e9o (The Verge).<\/p>\n\n\n\n<p>Traduction op\u00e9rationnelle : le march\u00e9 r\u00e9compense ceux qui savent diriger.<\/p>\n\n\n\n<hr class=\"wp-block-separator has-alpha-channel-opacity\"\/>\n\n\n\n<h3 class=\"wp-block-heading\" id=\"h-4-ce-que-vous-devez-copier-sans-copier-son-style\">4) Ce que vous devez copier (sans copier son style)<\/h3>\n\n\n\n<p>Vous n\u2019avez pas besoin d\u2019\u00eatre artiste.<br>Vous avez besoin d\u2019identifier votre <strong>comp\u00e9tence pr\u00e9-IA<\/strong>.<\/p>\n\n\n\n<p>Parce que l\u2019IA est un amplificateur : elle grossit votre force\u2026 ou votre faiblesse.<\/p>\n\n\n\n<p>Voici une grille simple :<\/p>\n\n\n\n<p><strong>A. Votre grammaire<\/strong><\/p>\n\n\n\n<ul class=\"wp-block-list\">\n<li>Cin\u00e9ma : cadrage, montage, rythme, intention.<\/li>\n\n\n\n<li>Design : hi\u00e9rarchie visuelle, contraste, coh\u00e9rence.<\/li>\n\n\n\n<li>Strat\u00e9gie : segmentation, narration, proposition de valeur.<\/li>\n\n\n\n<li>P\u00e9dagogie : progression, analogies, exemples, mise en pratique.<\/li>\n\n\n\n<li>Vente : objection, preuve, s\u00e9quence, closing.<\/li>\n<\/ul>\n\n\n\n<p><strong>B. Votre unit\u00e9 de production<\/strong><\/p>\n\n\n\n<ul class=\"wp-block-list\">\n<li>Avant : vous produisiez 1 \u201cunit\u00e9\u201d par semaine.<\/li>\n\n\n\n<li>Avec l\u2019IA : vous pouvez en produire 10.<\/li>\n\n\n\n<li>Question : est-ce que ces 10 unit\u00e9s sont <strong>10x plus coh\u00e9rentes<\/strong>\u2026 ou juste <strong>10x plus bruyantes<\/strong> ?<\/li>\n<\/ul>\n\n\n\n<p><strong>C. Votre goulot<\/strong><\/p>\n\n\n\n<ul class=\"wp-block-list\">\n<li>Ce qui limite n\u2019est plus \u201cfaire\u201d.<\/li>\n\n\n\n<li>Ce qui limite devient : <strong>choisir<\/strong>, <strong>diriger<\/strong>, <strong>\u00e9diter<\/strong>.<\/li>\n<\/ul>\n\n\n\n<p>C\u2019est exactement le sujet que je d\u00e9veloppe dans <strong>mon livre, chapitre 5<\/strong> : l\u2019outil n\u2019a de valeur que s\u2019il sert un objectif, et la diff\u00e9rence se fait dans la discipline d\u2019usage (mon livre, chapitre 5).<\/p>\n\n\n\n<hr class=\"wp-block-separator has-alpha-channel-opacity\"\/>\n\n\n\n<h3 class=\"wp-block-heading\" id=\"h-5-le-signal-faible-l-artiste-augmente-la-culture-du-studio\">5) Le signal faible : l\u2019artiste augmente la culture du studio<\/h3>\n\n\n\n<p>Le point le plus int\u00e9ressant n\u2019est pas \u201cKelly Boesch fait des vid\u00e9os oniriques\u201d.<\/p>\n\n\n\n<p>Le point int\u00e9ressant, c\u2019est ce que cela annonce :<\/p>\n\n\n\n<ul class=\"wp-block-list\">\n<li>Les studios vont recruter moins sur \u201cma\u00eetrise d\u2019un logiciel\u201d<\/li>\n\n\n\n<li>et plus sur \u201ccapacit\u00e9 \u00e0 diriger un langage\u201d :\n<ul class=\"wp-block-list\">\n<li>direction artistique,<\/li>\n\n\n\n<li>sens du r\u00e9cit,<\/li>\n\n\n\n<li>montage,<\/li>\n\n\n\n<li>rythme,<\/li>\n\n\n\n<li>intention.<\/li>\n<\/ul>\n<\/li>\n<\/ul>\n\n\n\n<p>C\u2019est le retour de la comp\u00e9tence profonde, mais dans un pipeline nouveau.<\/p>\n\n\n\n<hr class=\"wp-block-separator has-alpha-channel-opacity\"\/>\n\n\n\n<h3 class=\"wp-block-heading\" id=\"h-quelle-competence-pre-ia-allez-vous-transformer-en-arme-decisive-avec-l-ia\">\ud83d\udc49 <strong>Quelle comp\u00e9tence \u201cpr\u00e9-IA\u201d allez-vous transformer en arme d\u00e9cisive avec l\u2019IA ?<\/strong><\/h3>\n\n\n\n<hr class=\"wp-block-separator has-alpha-channel-opacity\"\/>\n\n\n\n<h2 class=\"wp-block-heading\" id=\"h-references\">R\u00e9f\u00e9rences<\/h2>\n\n\n\n<p>(ProVideo Coalition) = <a href=\"https:\/\/www.provideocoalition.com\/ai-tools-artist-spotlight-kelly-boesch\/\">https:\/\/www.provideocoalition.com\/ai-tools-artist-spotlight-kelly-boesch\/<\/a><br>(Kelly Boesch AI Art) = <a href=\"https:\/\/www.kellyboesch.com\/?utm_source=philippeboulanger.com\">https:\/\/www.kellyboesch.com\/<\/a><br>(Midjourney) = <a href=\"https:\/\/www.midjourney.com\/?utm_source=philippeboulanger.com\">https:\/\/www.midjourney.com\/<\/a><br>(Midjourney Docs) = <a href=\"https:\/\/docs.midjourney.com\/hc\/en-us\/articles\/32040250122381-Image-Prompts?utm_source=philippeboulanger.com\">https:\/\/docs.midjourney.com\/hc\/en-us\/articles\/32040250122381-Image-Prompts<\/a><br>(Runway) = <a href=\"https:\/\/runwayml.com\/research\/introducing-gen-3-alpha?utm_source=philippeboulanger.com\">https:\/\/runwayml.com\/research\/introducing-gen-3-alpha<\/a><br>(Pika) = <a href=\"https:\/\/pika.art\/?utm_source=philippeboulanger.com\">https:\/\/pika.art\/<\/a><br>(The Verge) = <a href=\"https:\/\/www.theverge.com\/news\/640821\/runway-gen-4-artificial-intelligence-video-generator-filmmaking?utm_source=philippeboulanger.com\">https:\/\/www.theverge.com\/news\/640821\/runway-gen-4-artificial-intelligence-video-generator-filmmaking<\/a><\/p>\n\n\n\n<p><\/p>\n","protected":false},"excerpt":{"rendered":"<p>Quand une \u201cmachine infernale\u201d entre dans un studio, l\u2019industrie a deux r\u00e9flexes : paniquer\u2026 ou banaliser. Paniquer : \u201c\u00e7a va remplacer les artistes\u201d.Banaliser : \u201cc\u2019est juste un outil, tout le monde peut le faire\u201d. Le cas Kelly Boesch est int\u00e9ressant parce qu\u2019il d\u00e9monte les deux. Elle n\u2019a pas \u201csurf\u00e9\u201d sur l\u2019IA comme une mode. Elle [&hellip;]<\/p>\n","protected":false},"author":4,"featured_media":15515,"comment_status":"open","ping_status":"open","sticky":false,"template":"","format":"standard","meta":{"_acf_changed":false,"_jetpack_memberships_contains_paid_content":false,"footnotes":""},"categories":[50],"tags":[386,391,387,384,238,125,389,385,390,388,117],"class_list":["post-15514","post","type-post","status-publish","format-standard","has-post-thumbnail","hentry","category-intelligence-innovationnelle","tag-cinema","tag-competences","tag-creation-de-contenu","tag-direction-artistique","tag-ia-generative","tag-intelligence-artificielle","tag-midjourney","tag-montage","tag-pika","tag-runway","tag-storytelling"],"acf":[],"yoast_head":"<!-- This site is optimized with the Yoast SEO Premium plugin v27.5 (Yoast SEO v27.5) - https:\/\/yoast.com\/product\/yoast-seo-premium-wordpress\/ -->\n<title>Kelly Boesch, l\u2019artiste qui a gagn\u00e9, c&#039;est celui qui met en sc\u00e8ne - Philippe Boulanger<\/title>\n<meta name=\"description\" content=\"D\u00e9couvrez le travail innovant de Kelly Boesch, qui allie cin\u00e9ma et art de l&#039;IA gr\u00e2ce \u00e0 son expertise unique.\" \/>\n<meta name=\"robots\" content=\"index, follow, max-snippet:-1, max-image-preview:large, max-video-preview:-1\" \/>\n<link rel=\"canonical\" href=\"https:\/\/philippeboulanger.com\/fr\/kelly-boesch-lartiste-qui-a-gagne-cest-celui-qui-met-en-scene\/\" \/>\n<meta property=\"og:locale\" content=\"fr_FR\" \/>\n<meta property=\"og:type\" content=\"article\" \/>\n<meta property=\"og:title\" content=\"Kelly Boesch, l\u2019artiste qui a gagn\u00e9, c&#039;est celui qui met en sc\u00e8ne\" \/>\n<meta property=\"og:description\" content=\"D\u00e9couvrez le travail innovant de Kelly Boesch, qui allie cin\u00e9ma et art de l&#039;IA gr\u00e2ce \u00e0 son expertise unique.\" \/>\n<meta property=\"og:url\" content=\"https:\/\/philippeboulanger.com\/fr\/kelly-boesch-lartiste-qui-a-gagne-cest-celui-qui-met-en-scene\/\" \/>\n<meta property=\"og:site_name\" content=\"Philippe Boulanger\" \/>\n<meta property=\"article:publisher\" content=\"https:\/\/www.facebook.com\/philippe.boulanger.official\" \/>\n<meta property=\"article:published_time\" content=\"2026-03-06T06:15:00+00:00\" \/>\n<meta property=\"article:modified_time\" content=\"2026-03-06T14:00:20+00:00\" \/>\n<meta property=\"og:image\" content=\"https:\/\/philippeboulanger.com\/wp-content\/uploads\/2026\/03\/Kelly-Boesch-Philippe-Boulanger-scaled.webp?wsr\" \/>\n\t<meta property=\"og:image:width\" content=\"2560\" \/>\n\t<meta property=\"og:image:height\" content=\"1440\" \/>\n\t<meta property=\"og:image:type\" content=\"image\/jpeg\" \/>\n<meta name=\"author\" content=\"Philippe Boulanger\" \/>\n<meta name=\"twitter:card\" content=\"summary_large_image\" \/>\n<meta name=\"twitter:creator\" content=\"@Ph_Boulanger\" \/>\n<meta name=\"twitter:site\" content=\"@Ph_Boulanger\" \/>\n<meta name=\"twitter:label1\" content=\"\u00c9crit par\" \/>\n\t<meta name=\"twitter:data1\" content=\"Philippe Boulanger\" \/>\n\t<meta name=\"twitter:label2\" content=\"Dur\u00e9e de lecture estim\u00e9e\" \/>\n\t<meta name=\"twitter:data2\" content=\"4 minutes\" \/>\n<script type=\"application\/ld+json\" class=\"yoast-schema-graph\">{\"@context\":\"https:\\\/\\\/schema.org\",\"@graph\":[{\"@type\":\"Article\",\"@id\":\"https:\\\/\\\/philippeboulanger.com\\\/fr\\\/kelly-boesch-lartiste-qui-a-gagne-cest-celui-qui-met-en-scene\\\/#article\",\"isPartOf\":{\"@id\":\"https:\\\/\\\/philippeboulanger.com\\\/fr\\\/kelly-boesch-lartiste-qui-a-gagne-cest-celui-qui-met-en-scene\\\/\"},\"author\":{\"name\":\"Philippe Boulanger\",\"@id\":\"https:\\\/\\\/philippeboulanger.com\\\/fr\\\/#\\\/schema\\\/person\\\/6bb370f9c91a64097487f01391ea335f\"},\"headline\":\"Kelly Boesch, l\u2019artiste qui a gagn\u00e9, c&rsquo;est celui qui met en sc\u00e8ne\",\"datePublished\":\"2026-03-06T06:15:00+00:00\",\"dateModified\":\"2026-03-06T14:00:20+00:00\",\"mainEntityOfPage\":{\"@id\":\"https:\\\/\\\/philippeboulanger.com\\\/fr\\\/kelly-boesch-lartiste-qui-a-gagne-cest-celui-qui-met-en-scene\\\/\"},\"wordCount\":900,\"commentCount\":0,\"publisher\":{\"@id\":\"https:\\\/\\\/philippeboulanger.com\\\/fr\\\/#organization\"},\"image\":{\"@id\":\"https:\\\/\\\/philippeboulanger.com\\\/fr\\\/kelly-boesch-lartiste-qui-a-gagne-cest-celui-qui-met-en-scene\\\/#primaryimage\"},\"thumbnailUrl\":\"https:\\\/\\\/philippeboulanger.com\\\/wp-content\\\/uploads\\\/2026\\\/03\\\/Kelly-Boesch-Philippe-Boulanger-scaled.webp?wsr\",\"keywords\":[\"cin\u00e9ma\",\"comp\u00e9tences\",\"cr\u00e9ation de contenu\",\"direction artistique\",\"IA g\u00e9n\u00e9rative\",\"intelligence artificielle\",\"Midjourney\",\"montage\",\"Pika\",\"Runway\",\"storytelling\"],\"articleSection\":[\"intelligence innovationnelle\u00ae\"],\"inLanguage\":\"fr-FR\",\"potentialAction\":[{\"@type\":\"CommentAction\",\"name\":\"Comment\",\"target\":[\"https:\\\/\\\/philippeboulanger.com\\\/fr\\\/kelly-boesch-lartiste-qui-a-gagne-cest-celui-qui-met-en-scene\\\/#respond\"]}]},{\"@type\":\"WebPage\",\"@id\":\"https:\\\/\\\/philippeboulanger.com\\\/fr\\\/kelly-boesch-lartiste-qui-a-gagne-cest-celui-qui-met-en-scene\\\/\",\"url\":\"https:\\\/\\\/philippeboulanger.com\\\/fr\\\/kelly-boesch-lartiste-qui-a-gagne-cest-celui-qui-met-en-scene\\\/\",\"name\":\"Kelly Boesch, l\u2019artiste qui a gagn\u00e9, c'est celui qui met en sc\u00e8ne - Philippe Boulanger\",\"isPartOf\":{\"@id\":\"https:\\\/\\\/philippeboulanger.com\\\/fr\\\/#website\"},\"primaryImageOfPage\":{\"@id\":\"https:\\\/\\\/philippeboulanger.com\\\/fr\\\/kelly-boesch-lartiste-qui-a-gagne-cest-celui-qui-met-en-scene\\\/#primaryimage\"},\"image\":{\"@id\":\"https:\\\/\\\/philippeboulanger.com\\\/fr\\\/kelly-boesch-lartiste-qui-a-gagne-cest-celui-qui-met-en-scene\\\/#primaryimage\"},\"thumbnailUrl\":\"https:\\\/\\\/philippeboulanger.com\\\/wp-content\\\/uploads\\\/2026\\\/03\\\/Kelly-Boesch-Philippe-Boulanger-scaled.webp?wsr\",\"datePublished\":\"2026-03-06T06:15:00+00:00\",\"dateModified\":\"2026-03-06T14:00:20+00:00\",\"description\":\"D\u00e9couvrez le travail innovant de Kelly Boesch, qui allie cin\u00e9ma et art de l'IA gr\u00e2ce \u00e0 son expertise unique.\",\"breadcrumb\":{\"@id\":\"https:\\\/\\\/philippeboulanger.com\\\/fr\\\/kelly-boesch-lartiste-qui-a-gagne-cest-celui-qui-met-en-scene\\\/#breadcrumb\"},\"inLanguage\":\"fr-FR\",\"potentialAction\":[{\"@type\":\"ReadAction\",\"target\":[\"https:\\\/\\\/philippeboulanger.com\\\/fr\\\/kelly-boesch-lartiste-qui-a-gagne-cest-celui-qui-met-en-scene\\\/\"]}]},{\"@type\":\"ImageObject\",\"inLanguage\":\"fr-FR\",\"@id\":\"https:\\\/\\\/philippeboulanger.com\\\/fr\\\/kelly-boesch-lartiste-qui-a-gagne-cest-celui-qui-met-en-scene\\\/#primaryimage\",\"url\":\"https:\\\/\\\/philippeboulanger.com\\\/wp-content\\\/uploads\\\/2026\\\/03\\\/Kelly-Boesch-Philippe-Boulanger-scaled.webp?wsr\",\"contentUrl\":\"https:\\\/\\\/philippeboulanger.com\\\/wp-content\\\/uploads\\\/2026\\\/03\\\/Kelly-Boesch-Philippe-Boulanger-scaled.webp?wsr\",\"width\":2560,\"height\":1440},{\"@type\":\"BreadcrumbList\",\"@id\":\"https:\\\/\\\/philippeboulanger.com\\\/fr\\\/kelly-boesch-lartiste-qui-a-gagne-cest-celui-qui-met-en-scene\\\/#breadcrumb\",\"itemListElement\":[{\"@type\":\"ListItem\",\"position\":1,\"name\":\"Home\",\"item\":\"https:\\\/\\\/philippeboulanger.com\\\/fr\\\/\"},{\"@type\":\"ListItem\",\"position\":2,\"name\":\"Kelly Boesch, l\u2019artiste qui a gagn\u00e9, c&#8217;est celui qui met en sc\u00e8ne\"}]},{\"@type\":\"WebSite\",\"@id\":\"https:\\\/\\\/philippeboulanger.com\\\/fr\\\/#website\",\"url\":\"https:\\\/\\\/philippeboulanger.com\\\/fr\\\/\",\"name\":\"Philippe Boulanger\",\"description\":\"Global Keynote Speaker &amp; Advisor\",\"publisher\":{\"@id\":\"https:\\\/\\\/philippeboulanger.com\\\/fr\\\/#organization\"},\"potentialAction\":[{\"@type\":\"SearchAction\",\"target\":{\"@type\":\"EntryPoint\",\"urlTemplate\":\"https:\\\/\\\/philippeboulanger.com\\\/fr\\\/?s={search_term_string}\"},\"query-input\":{\"@type\":\"PropertyValueSpecification\",\"valueRequired\":true,\"valueName\":\"search_term_string\"}}],\"inLanguage\":\"fr-FR\"},{\"@type\":\"Organization\",\"@id\":\"https:\\\/\\\/philippeboulanger.com\\\/fr\\\/#organization\",\"name\":\"Philippe Boulanger - The Innovation Evangelist - Global Keynote Speaker\",\"url\":\"https:\\\/\\\/philippeboulanger.com\\\/fr\\\/\",\"logo\":{\"@type\":\"ImageObject\",\"inLanguage\":\"fr-FR\",\"@id\":\"https:\\\/\\\/philippeboulanger.com\\\/fr\\\/#\\\/schema\\\/logo\\\/image\\\/\",\"url\":\"https:\\\/\\\/philippeboulanger.com\\\/wp-content\\\/uploads\\\/2026\\\/01\\\/cropped-philippe-boulanger-favicon-2026.webp\",\"contentUrl\":\"https:\\\/\\\/philippeboulanger.com\\\/wp-content\\\/uploads\\\/2026\\\/01\\\/cropped-philippe-boulanger-favicon-2026.webp\",\"width\":512,\"height\":512,\"caption\":\"Philippe Boulanger - The Innovation Evangelist - Global Keynote Speaker\"},\"image\":{\"@id\":\"https:\\\/\\\/philippeboulanger.com\\\/fr\\\/#\\\/schema\\\/logo\\\/image\\\/\"},\"sameAs\":[\"https:\\\/\\\/www.facebook.com\\\/philippe.boulanger.official\",\"https:\\\/\\\/x.com\\\/Ph_Boulanger\",\"https:\\\/\\\/www.youtube.com\\\/@PhilippeBoulanger\",\"https:\\\/\\\/www.lespeakers.com\\\/conferencier\\\/philippe-boulanger\",\"https:\\\/\\\/www.adn-conferenciers.com\\\/conferenciers-philippe-boulanger\",\"https:\\\/\\\/www.wechamp-entreprise.co\\\/conferencier\\\/philippe-boulanger\\\/\",\"https:\\\/\\\/hyfen.fr\\\/intervenant\\\/philippe-boulanger\\\/\",\"https:\\\/\\\/okaydoc.fr\\\/philippe-boulanger-conferencier-innovation\\\/\",\"https:\\\/\\\/www.lesconferenciers.com\\\/conferencier\\\/philippe-boulanger\\\/\",\"https:\\\/\\\/simoneetnelson.com\\\/annuaire\\\/conferenciers\\\/philippe-boulanger\\\/\",\"https:\\\/\\\/myspeaker.fr\\\/conferenciers\\\/philippe-boulanger\\\/\",\"https:\\\/\\\/www.premium-communication.fr\\\/conferenciers\\\/ia-et-innovation\\\/boulanger\",\"https:\\\/\\\/www.vivavox.fr\\\/conferencier\\\/233\\\/\",\"https:\\\/\\\/www.a-speakers.fr\\\/conferencier\\\/philippe-boulanger\\\/\",\"https:\\\/\\\/www.espeakers.com\\\/marketplace\\\/profile\\\/41889\\\/philippe-boulanger\",\"https:\\\/\\\/www.dunod.com\\\/livres-philippe-boulanger-2\",\"https:\\\/\\\/www.amazon.fr\\\/stores\\\/Dr-Philippe-Boulanger\\\/author\\\/B0DD4CMFDX\",\"https:\\\/\\\/www.lecampus.online\\\/conferenciers\\\/philippe-boulanger\",\"https:\\\/\\\/www.startnplay.com\\\/personnalite\\\/conferencier\\\/phlippe-boulanger\\\/\"]},{\"@type\":\"Person\",\"@id\":\"https:\\\/\\\/philippeboulanger.com\\\/fr\\\/#\\\/schema\\\/person\\\/6bb370f9c91a64097487f01391ea335f\",\"name\":\"Philippe Boulanger\",\"image\":{\"@type\":\"ImageObject\",\"inLanguage\":\"fr-FR\",\"@id\":\"https:\\\/\\\/secure.gravatar.com\\\/avatar\\\/7e269ce6778aacfb26aa4350739359d938962ebf752aa458b862bfd78ff946c1?s=96&d=mm&r=g\",\"url\":\"https:\\\/\\\/secure.gravatar.com\\\/avatar\\\/7e269ce6778aacfb26aa4350739359d938962ebf752aa458b862bfd78ff946c1?s=96&d=mm&r=g\",\"contentUrl\":\"https:\\\/\\\/secure.gravatar.com\\\/avatar\\\/7e269ce6778aacfb26aa4350739359d938962ebf752aa458b862bfd78ff946c1?s=96&d=mm&r=g\",\"caption\":\"Philippe Boulanger\"},\"url\":\"https:\\\/\\\/philippeboulanger.com\\\/fr\\\/author\\\/boulanger-philgmail-com\\\/\"}]}<\/script>\n<!-- \/ Yoast SEO Premium plugin. -->","yoast_head_json":{"title":"Kelly Boesch, l\u2019artiste qui a gagn\u00e9, c'est celui qui met en sc\u00e8ne - Philippe Boulanger","description":"D\u00e9couvrez le travail innovant de Kelly Boesch, qui allie cin\u00e9ma et art de l'IA gr\u00e2ce \u00e0 son expertise unique.","robots":{"index":"index","follow":"follow","max-snippet":"max-snippet:-1","max-image-preview":"max-image-preview:large","max-video-preview":"max-video-preview:-1"},"canonical":"https:\/\/philippeboulanger.com\/fr\/kelly-boesch-lartiste-qui-a-gagne-cest-celui-qui-met-en-scene\/","og_locale":"fr_FR","og_type":"article","og_title":"Kelly Boesch, l\u2019artiste qui a gagn\u00e9, c'est celui qui met en sc\u00e8ne","og_description":"D\u00e9couvrez le travail innovant de Kelly Boesch, qui allie cin\u00e9ma et art de l'IA gr\u00e2ce \u00e0 son expertise unique.","og_url":"https:\/\/philippeboulanger.com\/fr\/kelly-boesch-lartiste-qui-a-gagne-cest-celui-qui-met-en-scene\/","og_site_name":"Philippe Boulanger","article_publisher":"https:\/\/www.facebook.com\/philippe.boulanger.official","article_published_time":"2026-03-06T06:15:00+00:00","article_modified_time":"2026-03-06T14:00:20+00:00","og_image":[{"width":2560,"height":1440,"url":"https:\/\/philippeboulanger.com\/wp-content\/uploads\/2026\/03\/Kelly-Boesch-Philippe-Boulanger-scaled.webp?wsr","type":"image\/jpeg"}],"author":"Philippe Boulanger","twitter_card":"summary_large_image","twitter_creator":"@Ph_Boulanger","twitter_site":"@Ph_Boulanger","twitter_misc":{"\u00c9crit par":"Philippe Boulanger","Dur\u00e9e de lecture estim\u00e9e":"4 minutes"},"schema":{"@context":"https:\/\/schema.org","@graph":[{"@type":"Article","@id":"https:\/\/philippeboulanger.com\/fr\/kelly-boesch-lartiste-qui-a-gagne-cest-celui-qui-met-en-scene\/#article","isPartOf":{"@id":"https:\/\/philippeboulanger.com\/fr\/kelly-boesch-lartiste-qui-a-gagne-cest-celui-qui-met-en-scene\/"},"author":{"name":"Philippe Boulanger","@id":"https:\/\/philippeboulanger.com\/fr\/#\/schema\/person\/6bb370f9c91a64097487f01391ea335f"},"headline":"Kelly Boesch, l\u2019artiste qui a gagn\u00e9, c&rsquo;est celui qui met en sc\u00e8ne","datePublished":"2026-03-06T06:15:00+00:00","dateModified":"2026-03-06T14:00:20+00:00","mainEntityOfPage":{"@id":"https:\/\/philippeboulanger.com\/fr\/kelly-boesch-lartiste-qui-a-gagne-cest-celui-qui-met-en-scene\/"},"wordCount":900,"commentCount":0,"publisher":{"@id":"https:\/\/philippeboulanger.com\/fr\/#organization"},"image":{"@id":"https:\/\/philippeboulanger.com\/fr\/kelly-boesch-lartiste-qui-a-gagne-cest-celui-qui-met-en-scene\/#primaryimage"},"thumbnailUrl":"https:\/\/philippeboulanger.com\/wp-content\/uploads\/2026\/03\/Kelly-Boesch-Philippe-Boulanger-scaled.webp?wsr","keywords":["cin\u00e9ma","comp\u00e9tences","cr\u00e9ation de contenu","direction artistique","IA g\u00e9n\u00e9rative","intelligence artificielle","Midjourney","montage","Pika","Runway","storytelling"],"articleSection":["intelligence innovationnelle\u00ae"],"inLanguage":"fr-FR","potentialAction":[{"@type":"CommentAction","name":"Comment","target":["https:\/\/philippeboulanger.com\/fr\/kelly-boesch-lartiste-qui-a-gagne-cest-celui-qui-met-en-scene\/#respond"]}]},{"@type":"WebPage","@id":"https:\/\/philippeboulanger.com\/fr\/kelly-boesch-lartiste-qui-a-gagne-cest-celui-qui-met-en-scene\/","url":"https:\/\/philippeboulanger.com\/fr\/kelly-boesch-lartiste-qui-a-gagne-cest-celui-qui-met-en-scene\/","name":"Kelly Boesch, l\u2019artiste qui a gagn\u00e9, c'est celui qui met en sc\u00e8ne - Philippe Boulanger","isPartOf":{"@id":"https:\/\/philippeboulanger.com\/fr\/#website"},"primaryImageOfPage":{"@id":"https:\/\/philippeboulanger.com\/fr\/kelly-boesch-lartiste-qui-a-gagne-cest-celui-qui-met-en-scene\/#primaryimage"},"image":{"@id":"https:\/\/philippeboulanger.com\/fr\/kelly-boesch-lartiste-qui-a-gagne-cest-celui-qui-met-en-scene\/#primaryimage"},"thumbnailUrl":"https:\/\/philippeboulanger.com\/wp-content\/uploads\/2026\/03\/Kelly-Boesch-Philippe-Boulanger-scaled.webp?wsr","datePublished":"2026-03-06T06:15:00+00:00","dateModified":"2026-03-06T14:00:20+00:00","description":"D\u00e9couvrez le travail innovant de Kelly Boesch, qui allie cin\u00e9ma et art de l'IA gr\u00e2ce \u00e0 son expertise unique.","breadcrumb":{"@id":"https:\/\/philippeboulanger.com\/fr\/kelly-boesch-lartiste-qui-a-gagne-cest-celui-qui-met-en-scene\/#breadcrumb"},"inLanguage":"fr-FR","potentialAction":[{"@type":"ReadAction","target":["https:\/\/philippeboulanger.com\/fr\/kelly-boesch-lartiste-qui-a-gagne-cest-celui-qui-met-en-scene\/"]}]},{"@type":"ImageObject","inLanguage":"fr-FR","@id":"https:\/\/philippeboulanger.com\/fr\/kelly-boesch-lartiste-qui-a-gagne-cest-celui-qui-met-en-scene\/#primaryimage","url":"https:\/\/philippeboulanger.com\/wp-content\/uploads\/2026\/03\/Kelly-Boesch-Philippe-Boulanger-scaled.webp?wsr","contentUrl":"https:\/\/philippeboulanger.com\/wp-content\/uploads\/2026\/03\/Kelly-Boesch-Philippe-Boulanger-scaled.webp?wsr","width":2560,"height":1440},{"@type":"BreadcrumbList","@id":"https:\/\/philippeboulanger.com\/fr\/kelly-boesch-lartiste-qui-a-gagne-cest-celui-qui-met-en-scene\/#breadcrumb","itemListElement":[{"@type":"ListItem","position":1,"name":"Home","item":"https:\/\/philippeboulanger.com\/fr\/"},{"@type":"ListItem","position":2,"name":"Kelly Boesch, l\u2019artiste qui a gagn\u00e9, c&#8217;est celui qui met en sc\u00e8ne"}]},{"@type":"WebSite","@id":"https:\/\/philippeboulanger.com\/fr\/#website","url":"https:\/\/philippeboulanger.com\/fr\/","name":"Philippe Boulanger","description":"Global Keynote Speaker &amp; Advisor","publisher":{"@id":"https:\/\/philippeboulanger.com\/fr\/#organization"},"potentialAction":[{"@type":"SearchAction","target":{"@type":"EntryPoint","urlTemplate":"https:\/\/philippeboulanger.com\/fr\/?s={search_term_string}"},"query-input":{"@type":"PropertyValueSpecification","valueRequired":true,"valueName":"search_term_string"}}],"inLanguage":"fr-FR"},{"@type":"Organization","@id":"https:\/\/philippeboulanger.com\/fr\/#organization","name":"Philippe Boulanger - The Innovation Evangelist - Global Keynote Speaker","url":"https:\/\/philippeboulanger.com\/fr\/","logo":{"@type":"ImageObject","inLanguage":"fr-FR","@id":"https:\/\/philippeboulanger.com\/fr\/#\/schema\/logo\/image\/","url":"https:\/\/philippeboulanger.com\/wp-content\/uploads\/2026\/01\/cropped-philippe-boulanger-favicon-2026.webp","contentUrl":"https:\/\/philippeboulanger.com\/wp-content\/uploads\/2026\/01\/cropped-philippe-boulanger-favicon-2026.webp","width":512,"height":512,"caption":"Philippe Boulanger - The Innovation Evangelist - Global Keynote Speaker"},"image":{"@id":"https:\/\/philippeboulanger.com\/fr\/#\/schema\/logo\/image\/"},"sameAs":["https:\/\/www.facebook.com\/philippe.boulanger.official","https:\/\/x.com\/Ph_Boulanger","https:\/\/www.youtube.com\/@PhilippeBoulanger","https:\/\/www.lespeakers.com\/conferencier\/philippe-boulanger","https:\/\/www.adn-conferenciers.com\/conferenciers-philippe-boulanger","https:\/\/www.wechamp-entreprise.co\/conferencier\/philippe-boulanger\/","https:\/\/hyfen.fr\/intervenant\/philippe-boulanger\/","https:\/\/okaydoc.fr\/philippe-boulanger-conferencier-innovation\/","https:\/\/www.lesconferenciers.com\/conferencier\/philippe-boulanger\/","https:\/\/simoneetnelson.com\/annuaire\/conferenciers\/philippe-boulanger\/","https:\/\/myspeaker.fr\/conferenciers\/philippe-boulanger\/","https:\/\/www.premium-communication.fr\/conferenciers\/ia-et-innovation\/boulanger","https:\/\/www.vivavox.fr\/conferencier\/233\/","https:\/\/www.a-speakers.fr\/conferencier\/philippe-boulanger\/","https:\/\/www.espeakers.com\/marketplace\/profile\/41889\/philippe-boulanger","https:\/\/www.dunod.com\/livres-philippe-boulanger-2","https:\/\/www.amazon.fr\/stores\/Dr-Philippe-Boulanger\/author\/B0DD4CMFDX","https:\/\/www.lecampus.online\/conferenciers\/philippe-boulanger","https:\/\/www.startnplay.com\/personnalite\/conferencier\/phlippe-boulanger\/"]},{"@type":"Person","@id":"https:\/\/philippeboulanger.com\/fr\/#\/schema\/person\/6bb370f9c91a64097487f01391ea335f","name":"Philippe Boulanger","image":{"@type":"ImageObject","inLanguage":"fr-FR","@id":"https:\/\/secure.gravatar.com\/avatar\/7e269ce6778aacfb26aa4350739359d938962ebf752aa458b862bfd78ff946c1?s=96&d=mm&r=g","url":"https:\/\/secure.gravatar.com\/avatar\/7e269ce6778aacfb26aa4350739359d938962ebf752aa458b862bfd78ff946c1?s=96&d=mm&r=g","contentUrl":"https:\/\/secure.gravatar.com\/avatar\/7e269ce6778aacfb26aa4350739359d938962ebf752aa458b862bfd78ff946c1?s=96&d=mm&r=g","caption":"Philippe Boulanger"},"url":"https:\/\/philippeboulanger.com\/fr\/author\/boulanger-philgmail-com\/"}]}},"jetpack_featured_media_url":"https:\/\/philippeboulanger.com\/wp-content\/uploads\/2026\/03\/Kelly-Boesch-Philippe-Boulanger-scaled.webp?wsr","jetpack_sharing_enabled":true,"_links":{"self":[{"href":"https:\/\/philippeboulanger.com\/fr\/wp-json\/wp\/v2\/posts\/15514","targetHints":{"allow":["GET"]}}],"collection":[{"href":"https:\/\/philippeboulanger.com\/fr\/wp-json\/wp\/v2\/posts"}],"about":[{"href":"https:\/\/philippeboulanger.com\/fr\/wp-json\/wp\/v2\/types\/post"}],"author":[{"embeddable":true,"href":"https:\/\/philippeboulanger.com\/fr\/wp-json\/wp\/v2\/users\/4"}],"replies":[{"embeddable":true,"href":"https:\/\/philippeboulanger.com\/fr\/wp-json\/wp\/v2\/comments?post=15514"}],"version-history":[{"count":2,"href":"https:\/\/philippeboulanger.com\/fr\/wp-json\/wp\/v2\/posts\/15514\/revisions"}],"predecessor-version":[{"id":15539,"href":"https:\/\/philippeboulanger.com\/fr\/wp-json\/wp\/v2\/posts\/15514\/revisions\/15539"}],"wp:featuredmedia":[{"embeddable":true,"href":"https:\/\/philippeboulanger.com\/fr\/wp-json\/wp\/v2\/media\/15515"}],"wp:attachment":[{"href":"https:\/\/philippeboulanger.com\/fr\/wp-json\/wp\/v2\/media?parent=15514"}],"wp:term":[{"taxonomy":"category","embeddable":true,"href":"https:\/\/philippeboulanger.com\/fr\/wp-json\/wp\/v2\/categories?post=15514"},{"taxonomy":"post_tag","embeddable":true,"href":"https:\/\/philippeboulanger.com\/fr\/wp-json\/wp\/v2\/tags?post=15514"}],"curies":[{"name":"wp","href":"https:\/\/api.w.org\/{rel}","templated":true}]}}