{"id":15556,"date":"2026-03-08T07:15:00","date_gmt":"2026-03-08T06:15:00","guid":{"rendered":"https:\/\/philippeboulanger.com\/?p=15556"},"modified":"2026-03-06T21:17:47","modified_gmt":"2026-03-06T20:17:47","slug":"trois-femmes-ont-force-le-futur","status":"publish","type":"post","link":"https:\/\/philippeboulanger.com\/fr\/trois-femmes-ont-force-le-futur\/","title":{"rendered":"Trois femmes ont forc\u00e9 le futur"},"content":{"rendered":"\n<p id=\"h-le-futur-n-a-pas-ete-invente-par-des-machines-il-a-souvent-ete-ouvert-par-des-esprits-que-leur-epoque-n-etait-pas-prete-a-ecouter\">Le futur n\u2019a pas \u00e9t\u00e9 invent\u00e9 par des machines. Il a souvent \u00e9t\u00e9 ouvert par des esprits que leur \u00e9poque n\u2019\u00e9tait pas pr\u00eate \u00e0 \u00e9couter.<\/p>\n\n\n\n<p>Le 8 mars, on parle beaucoup de droits. Et c\u2019est normal. Mais on devrait parler aussi du droit d\u2019oser, du droit de penser avant les autres, du droit de proposer une id\u00e9e sans devoir d\u2019abord rassurer ceux que l\u2019audace inqui\u00e8te. Parce que l\u2019innovation ne d\u00e9marre pas toujours avec un budget, un comit\u00e9 et un calendrier. Elle d\u00e9marre aussi avec une voix que l\u2019on sous-estime.<\/p>\n\n\n\n<p>L\u2019histoire en donne des preuves \u00e9clatantes.<\/p>\n\n\n\n<h2 class=\"wp-block-heading\" id=\"h-marie-curie-a-deplace-la-frontiere-du-possible\">Marie Curie a d\u00e9plac\u00e9 la fronti\u00e8re du possible<\/h2>\n\n\n\n<p>Marie Curie n\u2019a pas seulement marqu\u00e9 l\u2019histoire des sciences. Elle a d\u00e9plac\u00e9 le champ du possible. Ses travaux ont profond\u00e9ment transform\u00e9 la compr\u00e9hension de la radioactivit\u00e9. Elle a d\u00e9couvert le polonium et le radium, contribu\u00e9 \u00e0 des usages m\u00e9dicaux de la radiation, et reste une figure unique dans l\u2019histoire du Nobel : elle a re\u00e7u un prix Nobel de physique en 1903 puis un prix Nobel de chimie en 1911. Le site du Nobel rappelle \u00e9galement qu\u2019elle demeure la seule personne \u00e0 avoir obtenu deux Nobel dans deux disciplines scientifiques diff\u00e9rentes (<a href=\"https:\/\/www.nobelprize.org\/stories\/women-who-changed-science\/marie-curie\/?utm_source=philippeboulanger.com\">Nobel Prize<\/a>).<\/p>\n\n\n\n<figure class=\"wp-block-image aligncenter size-full\"><img fetchpriority=\"high\" decoding=\"async\" width=\"718\" height=\"1000\" src=\"https:\/\/philippeboulanger.com\/wp-content\/uploads\/2026\/03\/marie-curie-dans-son-premier-laboratoire.webp\" alt=\"\" class=\"wp-image-15564\" srcset=\"https:\/\/philippeboulanger.com\/wp-content\/uploads\/2026\/03\/marie-curie-dans-son-premier-laboratoire.webp 718w, https:\/\/philippeboulanger.com\/wp-content\/uploads\/2026\/03\/marie-curie-dans-son-premier-laboratoire-215x300.webp 215w\" sizes=\"(max-width: 718px) 100vw, 718px\" \/><\/figure>\n\n\n\n<p>Ce qui frappe chez Marie Curie, ce n\u2019est pas seulement l\u2019excellence. C\u2019est la capacit\u00e9 \u00e0 ouvrir une voie l\u00e0 o\u00f9 le cadre intellectuel, acad\u00e9mique et social n\u2019\u00e9tait pas pr\u00eat \u00e0 lui faire de la place. Elle n\u2019a pas attendu que l\u2019\u00e9poque valide son audace. Elle a avanc\u00e9, travaill\u00e9, prouv\u00e9.<\/p>\n\n\n\n<h2 class=\"wp-block-heading\" id=\"h-ada-lovelace-a-vu-l-informatique-avant-l-informatique\">Ada Lovelace a vu l\u2019informatique avant l\u2019informatique<\/h2>\n\n\n\n<p>Ada Lovelace a eu une intuition d\u2019une modernit\u00e9 stup\u00e9fiante. Alors que beaucoup ne voyaient dans les machines de calcul qu\u2019un prolongement m\u00e9canique de l\u2019arithm\u00e9tique, elle a compris qu\u2019un syst\u00e8me programmable pouvait ex\u00e9cuter des instructions, manipuler des symboles et ouvrir un champ bien plus vaste que le simple calcul num\u00e9rique. <em>Britannica<\/em> la pr\u00e9sente comme la math\u00e9maticienne anglaise associ\u00e9e \u00e0 Charles Babbage, pour le prototype d\u2019ordinateur duquel elle a cr\u00e9\u00e9 un programme, au point d\u2019\u00eatre souvent qualifi\u00e9e de premi\u00e8re programmeuse de l\u2019histoire (<a href=\"https:\/\/www.britannica.com\/biography\/Ada-Lovelace?utm_source=philippeboulanger.com\">Britannica<\/a>).<\/p>\n\n\n\n<figure class=\"wp-block-image aligncenter size-full\"><img decoding=\"async\" width=\"250\" height=\"324\" src=\"https:\/\/philippeboulanger.com\/wp-content\/uploads\/2026\/03\/Ada-Lovelace.webp\" alt=\"\" class=\"wp-image-15566\" srcset=\"https:\/\/philippeboulanger.com\/wp-content\/uploads\/2026\/03\/Ada-Lovelace.webp 250w, https:\/\/philippeboulanger.com\/wp-content\/uploads\/2026\/03\/Ada-Lovelace-231x300.webp 231w\" sizes=\"(max-width: 250px) 100vw, 250px\" \/><\/figure>\n\n\n\n<p>Ada Lovelace est fascinante parce qu\u2019elle a vu un usage avant m\u00eame que le monde ne dispose vraiment de l\u2019objet capable de le g\u00e9n\u00e9raliser. Elle a pens\u00e9 le principe avant la massification. Elle a saisi la logique avant l\u2019industrie. Autrement dit, elle a per\u00e7u le futur \u00e0 un moment o\u00f9 ce futur paraissait encore th\u00e9orique.<\/p>\n\n\n\n<p>Et cela devrait faire r\u00e9fl\u00e9chir toutes les entreprises : combien d\u2019id\u00e9es semblent \u201ctrop t\u00f4t\u201d simplement parce qu\u2019elles arrivent dans un langage que l\u2019organisation ne sait pas encore entendre ?<\/p>\n\n\n\n<h2 class=\"wp-block-heading\" id=\"h-hedy-lamarr-a-prouve-que-le-genie-ne-porte-pas-toujours-le-costume-attendu\">Hedy Lamarr a prouv\u00e9 que le g\u00e9nie ne porte pas toujours le costume attendu<\/h2>\n\n\n\n<p>Hedy Lamarr reste, dans l\u2019imaginaire collectif, une star d\u2019Hollywood. Mais ce r\u00e9sum\u00e9 est trop \u00e9troit. Le <em>National Inventors Hall of Fame<\/em> rappelle qu\u2019avec George Antheil, elle a contribu\u00e9 \u00e0 d\u00e9velopper un syst\u00e8me de frequency hopping destin\u00e9 \u00e0 r\u00e9duire les risques d\u2019interception et de brouillage des communications radio. Cette invention est aujourd\u2019hui reconnue comme une brique importante dans l\u2019histoire des communications sans fil modernes (<a href=\"https:\/\/www.invent.org\/inductees\/hedy-lamarr?utm_source=philippeboulanger.com\">National Inventors Hall of Fame<\/a>).<\/p>\n\n\n\n<figure class=\"wp-block-image aligncenter size-large\"><img decoding=\"async\" width=\"1024\" height=\"576\" src=\"https:\/\/philippeboulanger.com\/wp-content\/uploads\/2026\/03\/hedy-lamarr-1024x576.webp\" alt=\"\" class=\"wp-image-15565\" srcset=\"https:\/\/philippeboulanger.com\/wp-content\/uploads\/2026\/03\/hedy-lamarr-1024x576.webp 1024w, https:\/\/philippeboulanger.com\/wp-content\/uploads\/2026\/03\/hedy-lamarr-300x169.webp 300w, https:\/\/philippeboulanger.com\/wp-content\/uploads\/2026\/03\/hedy-lamarr-768x432.webp 768w, https:\/\/philippeboulanger.com\/wp-content\/uploads\/2026\/03\/hedy-lamarr-1536x864.webp 1536w, https:\/\/philippeboulanger.com\/wp-content\/uploads\/2026\/03\/hedy-lamarr.webp 1920w\" sizes=\"(max-width: 1024px) 100vw, 1024px\" \/><\/figure>\n\n\n\n<p>La le\u00e7on est redoutable pour le monde de l\u2019innovation : nous continuons trop souvent \u00e0 juger la valeur d\u2019une id\u00e9e \u00e0 partir du profil de la personne qui la porte. Or le futur aime les angles morts. Il aime surgir l\u00e0 o\u00f9 les cat\u00e9gories mentales du pr\u00e9sent pensent avoir d\u00e9j\u00e0 tout class\u00e9.<\/p>\n\n\n\n<p>Hedy Lamarr rappelle une chose essentielle : l\u2019intelligence ne demande pas la permission de se manifester dans le cadre que nous avions pr\u00e9vu.<\/p>\n\n\n\n<h2 class=\"wp-block-heading\" id=\"h-trois-femmes-une-lecon-immense\">Trois femmes, une le\u00e7on immense<\/h2>\n\n\n\n<p>Marie Curie, Ada Lovelace et Hedy Lamarr viennent de mondes diff\u00e9rents. La physique. Les math\u00e9matiques. Les communications sans fil. Trois trajectoires, trois contextes, trois combats. Et pourtant un point commun relie ces trois figures : elles n\u2019ont pas attendu qu\u2019un syst\u00e8me les d\u00e9clare l\u00e9gitimes pour produire de la valeur.<\/p>\n\n\n\n<p>C\u2019est l\u00e0 que le sujet devient profond\u00e9ment contemporain.<\/p>\n\n\n\n<p>Dans les organisations, on pr\u00e9tend chercher des id\u00e9es neuves. Mais on \u00e9coute encore souvent les m\u00eames types de parcours, les m\u00eames styles d\u2019expression, les m\u00eames codes sociaux, les m\u00eames profils \u201crassurants\u201d. On valorise la conformit\u00e9 en l\u2019habillant de professionnalisme. On survalorise la cr\u00e9dibilit\u00e9 per\u00e7ue et on sous-estime l\u2019intelligence atypique.<\/p>\n\n\n\n<p>Le co\u00fbt est immense.<\/p>\n\n\n\n<p>Quand une entreprise ignore une voix singuli\u00e8re, elle ne perd pas seulement un point de vue. Elle peut perdre un saut strat\u00e9gique. Elle peut manquer une rupture de march\u00e9. Elle peut laisser filer une intuition qui, bien ex\u00e9cut\u00e9e, aurait chang\u00e9 sa trajectoire.<\/p>\n\n\n\n<h2 class=\"wp-block-heading\" id=\"h-l-innovation-commence-quand-une-intuition-rencontre-sa-mise-en-oeuvre\">L\u2019innovation commence quand une intuition rencontre sa mise en \u0153uvre<\/h2>\n\n\n\n<p>Dans mon livre, chapitre 3, j\u2019explique que l\u2019innovation n\u2019est pas l\u2019id\u00e9e seule : elle implique la mise en \u0153uvre, le plus souvent par une \u00e9quipe, et sans mise en \u0153uvre on ne peut pas parler d\u2019innovation. Le chapitre 3 rappelle aussi que l\u2019innovation est \u201cprincipalement exprim\u00e9e par la mise en \u0153uvre ou la mise en production d\u2019un produit, service, proc\u00e9d\u00e9 nouveau ou sensiblement am\u00e9lior\u00e9\u201d.<\/p>\n\n\n\n<p>C\u2019est pour cela que ces trois femmes sont aussi puissantes symboliquement. Elles ne racontent pas seulement le talent. Elles racontent le passage du pressentiment \u00e0 l\u2019impact. Elles montrent qu\u2019une intuition n\u2019entre dans l\u2019histoire qu\u2019\u00e0 partir du moment o\u00f9 elle modifie le r\u00e9el.<\/p>\n\n\n\n<p>Et c\u2019est pr\u00e9cis\u00e9ment ici que beaucoup d\u2019entreprises se trompent encore : elles parlent volontiers d\u2019id\u00e9ation, de cr\u00e9ativit\u00e9, de brainstorming, de vision. Puis elles coupent l\u2019\u00e9lan au moment d\u00e9cisif : celui o\u00f9 une id\u00e9e doit recevoir de l\u2019attention, des ressources, de l\u2019espace, du test, de l\u2019it\u00e9ration et du courage manag\u00e9rial.<\/p>\n\n\n\n<h2 class=\"wp-block-heading\" id=\"h-diversite-egalite-inclusion-un-sujet-d-innovation-avant-d-etre-un-slogan\">Diversit\u00e9, \u00e9galit\u00e9, inclusion : un sujet d\u2019innovation avant d\u2019\u00eatre un slogan<\/h2>\n\n\n\n<p>La Journ\u00e9e internationale des droits des femmes est c\u00e9l\u00e9br\u00e9e chaque 8 mars. <em>UN Women<\/em> rappelle que cette journ\u00e9e est un moment mondial de mobilisation autour des droits, de l\u2019\u00e9galit\u00e9 et de la justice pour les femmes (<a href=\"https:\/\/www.unwomen.org\/en\/get-involved\/international-womens-day?utm_source=philippeboulanger.com\">UN Women<\/a>).<\/p>\n\n\n\n<p>Pour moi, cette date doit aussi servir de test de lucidit\u00e9 pour les entreprises.<\/p>\n\n\n\n<p>Parce que la diversit\u00e9, l\u2019\u00e9galit\u00e9 et l\u2019inclusion ne rel\u00e8vent pas seulement de la justice sociale. Elles sont aussi des moteurs d\u2019innovation. Elles augmentent la vari\u00e9t\u00e9 des perceptions. Elles r\u00e9v\u00e8lent des angles morts. Elles \u00e9vitent que tout le monde lise le m\u00eame probl\u00e8me de la m\u00eame fa\u00e7on. Elles cr\u00e9ent davantage de chances qu\u2019une intuition minoritaire soit entendue avant qu\u2019il soit trop tard.<\/p>\n\n\n\n<p>Une \u00e9quipe homog\u00e8ne peut \u00eatre brillante. Une \u00e9quipe diverse peut d\u00e9tecter plus t\u00f4t ce que les autres ne voient pas encore. Dans un monde o\u00f9 les ruptures viennent souvent des bords, cette capacit\u00e9 devient d\u00e9cisive.<\/p>\n\n\n\n<h2 class=\"wp-block-heading\" id=\"h-les-entreprises-n-etouffent-pas-seulement-des-voix-elles-etouffent-parfois-leur-avenir\">Les entreprises n\u2019\u00e9touffent pas seulement des voix : elles \u00e9touffent parfois leur avenir<\/h2>\n\n\n\n<p>Le sujet n\u2019est donc pas de c\u00e9l\u00e9brer les femmes une fois par an avec un message propre, poli et oubliable. Le sujet est de regarder honn\u00eatement les m\u00e9canismes internes qui filtrent la l\u00e9gitimit\u00e9.<\/p>\n\n\n\n<p>Qui a le droit d\u2019\u00eatre audacieux dans votre organisation ?<\/p>\n\n\n\n<p>Qui a le droit de proposer une id\u00e9e sans \u00eatre instantan\u00e9ment renvoy\u00e9 \u00e0 son manque suppos\u00e9 d\u2019exp\u00e9rience, de statut ou de conformit\u00e9 ?<\/p>\n\n\n\n<p>Qui a le droit d\u2019\u00eatre atypique sans \u00eatre p\u00e9nalis\u00e9 par avance ?<\/p>\n\n\n\n<p>Voil\u00e0 le test.<\/p>\n\n\n\n<p>Parce qu\u2019une entreprise qui ignore les profils inattendus ne d\u00e9fend pas seulement ses habitudes. Elle r\u00e9duit sa surface d\u2019avenir.<\/p>\n\n\n\n<p>Le futur n\u2019appartient pas toujours \u00e0 ceux qui parlent le plus fort. Il appartient souvent \u00e0 ceux qui voient plus t\u00f4t. Encore faut-il que quelqu\u2019un accepte de les \u00e9couter.<\/p>\n\n\n\n<p>PS : Je c\u00e9l\u00e8bre \u00e9videmment la diversit\u00e9, l\u2019\u00e9galit\u00e9 et l\u2019inclusion, que je consid\u00e8re comme des sources fabuleuses d\u2019innovation.<\/p>\n\n\n\n<p>PS encore : Ada Lovelace est n\u00e9e en 1815 et morte en 1852. Elle ne devrait donc \u00e9videmment pas appara\u00eetre \u201cr\u00e9ellement\u201d aux c\u00f4t\u00e9s de Marie Curie et Hedy Lamarr dans une m\u00eame sc\u00e8ne historique. Vous l\u2019avez compris : l\u2019image joue avec les codes, et avec les limites d\u2019une g\u00e9n\u00e9ration visuelle par IA.<\/p>\n\n\n\n<h2 class=\"wp-block-heading\">R\u00e9f\u00e9rences<\/h2>\n\n\n\n<ul class=\"wp-block-list\">\n<li>(Nobel Prize) = <a href=\"https:\/\/www.nobelprize.org\/stories\/women-who-changed-science\/marie-curie\/?utm_source=philippeboulanger.com\">https:\/\/www.nobelprize.org\/stories\/women-who-changed-science\/marie-curie\/<\/a><\/li>\n\n\n\n<li>(Nobel Prize) = <a href=\"https:\/\/www.nobelprize.org\/prizes\/chemistry\/1911\/marie-curie\/facts\/?utm_source=philippeboulanger.com\">https:\/\/www.nobelprize.org\/prizes\/chemistry\/1911\/marie-curie\/facts\/<\/a><\/li>\n\n\n\n<li>(Nobel Prize) = <a href=\"https:\/\/www.nobelprize.org\/prizes\/physics\/1903\/marie-curie\/facts\/?utm_source=philippeboulanger.com\">https:\/\/www.nobelprize.org\/prizes\/physics\/1903\/marie-curie\/facts\/<\/a><\/li>\n\n\n\n<li>(Britannica) = <a href=\"https:\/\/www.britannica.com\/biography\/Ada-Lovelace?utm_source=philippeboulanger.com\">https:\/\/www.britannica.com\/biography\/Ada-Lovelace<\/a><\/li>\n\n\n\n<li>(Britannica) = <a href=\"https:\/\/www.britannica.com\/story\/ada-lovelace-the-first-computer-programmer?utm_source=philippeboulanger.com\">https:\/\/www.britannica.com\/story\/ada-lovelace-the-first-computer-programmer<\/a><\/li>\n\n\n\n<li>(National Inventors Hall of Fame) = <a href=\"https:\/\/www.invent.org\/inductees\/hedy-lamarr?utm_source=philippeboulanger.com\">https:\/\/www.invent.org\/inductees\/hedy-lamarr<\/a><\/li>\n\n\n\n<li>(National Inventors Hall of Fame) = <a href=\"https:\/\/www.invent.org\/inductees\/george-antheil?utm_source=philippeboulanger.com\">https:\/\/www.invent.org\/inductees\/george-antheil<\/a><\/li>\n\n\n\n<li>(UN Women) = <a href=\"https:\/\/www.unwomen.org\/en\/get-involved\/international-womens-day?utm_source=philippeboulanger.com\">https:\/\/www.unwomen.org\/en\/get-involved\/international-womens-day<\/a><\/li>\n<\/ul>\n\n\n\n<p><\/p>\n","protected":false},"excerpt":{"rendered":"<p>Le futur n\u2019a pas \u00e9t\u00e9 invent\u00e9 par des machines. Il a souvent \u00e9t\u00e9 ouvert par des esprits que leur \u00e9poque n\u2019\u00e9tait pas pr\u00eate \u00e0 \u00e9couter. Le 8 mars, on parle beaucoup de droits. Et c\u2019est normal. Mais on devrait parler aussi du droit d\u2019oser, du droit de penser avant les autres, du droit de proposer [&hellip;]<\/p>\n","protected":false},"author":4,"featured_media":15557,"comment_status":"open","ping_status":"open","sticky":false,"template":"","format":"standard","meta":{"_acf_changed":false,"_jetpack_memberships_contains_paid_content":false,"footnotes":""},"categories":[50],"tags":[419,342,421,420,423,416,417,422,69,125,115,418],"class_list":["post-15556","post","type-post","status-publish","format-standard","has-post-thumbnail","hentry","category-intelligence-innovationnelle","tag-ada-lovelace","tag-culture-dinnovation","tag-diversite","tag-droits-des-femmes","tag-egalite","tag-femmes-inspirantes","tag-hedy-lamarr","tag-inclusion","tag-innovation","tag-intelligence-artificielle","tag-leadership","tag-marie-curie"],"acf":[],"yoast_head":"<!-- This site is optimized with the Yoast SEO Premium plugin v27.5 (Yoast SEO v27.5) - https:\/\/yoast.com\/product\/yoast-seo-premium-wordpress\/ -->\n<title>Trois femmes ont forc\u00e9 le futur - Philippe Boulanger<\/title>\n<meta name=\"description\" content=\"Le futur doit beaucoup \u00e0 trois femmes visionnaires : Marie Curie, Ada Lovelace et Hedy Lamarr. Un post sur innovation, audace et inclusion.\" \/>\n<meta name=\"robots\" content=\"index, follow, max-snippet:-1, max-image-preview:large, max-video-preview:-1\" \/>\n<link rel=\"canonical\" href=\"https:\/\/philippeboulanger.com\/fr\/trois-femmes-ont-force-le-futur\/\" \/>\n<meta property=\"og:locale\" content=\"fr_FR\" \/>\n<meta property=\"og:type\" content=\"article\" \/>\n<meta property=\"og:title\" content=\"Trois femmes ont forc\u00e9 le futur\" \/>\n<meta property=\"og:description\" content=\"Le futur doit beaucoup \u00e0 trois femmes visionnaires : Marie Curie, Ada Lovelace et Hedy Lamarr. Un post sur innovation, audace et inclusion.\" \/>\n<meta property=\"og:url\" content=\"https:\/\/philippeboulanger.com\/fr\/trois-femmes-ont-force-le-futur\/\" \/>\n<meta property=\"og:site_name\" content=\"Philippe Boulanger\" \/>\n<meta property=\"article:publisher\" content=\"https:\/\/www.facebook.com\/philippe.boulanger.official\" \/>\n<meta property=\"article:published_time\" content=\"2026-03-08T06:15:00+00:00\" \/>\n<meta property=\"og:image\" content=\"https:\/\/philippeboulanger.com\/wp-content\/uploads\/2026\/03\/Marie-CurieHedy-Lamarr-Ada-Lovelace-scaled.webp\" \/>\n\t<meta property=\"og:image:width\" content=\"2560\" \/>\n\t<meta property=\"og:image:height\" content=\"1429\" \/>\n\t<meta property=\"og:image:type\" content=\"image\/jpeg\" \/>\n<meta name=\"author\" content=\"Philippe Boulanger\" \/>\n<meta name=\"twitter:card\" content=\"summary_large_image\" \/>\n<meta name=\"twitter:creator\" content=\"@Ph_Boulanger\" \/>\n<meta name=\"twitter:site\" content=\"@Ph_Boulanger\" \/>\n<meta name=\"twitter:label1\" content=\"\u00c9crit par\" \/>\n\t<meta name=\"twitter:data1\" content=\"Philippe Boulanger\" \/>\n\t<meta name=\"twitter:label2\" content=\"Dur\u00e9e de lecture estim\u00e9e\" \/>\n\t<meta name=\"twitter:data2\" content=\"7 minutes\" \/>\n<script type=\"application\/ld+json\" class=\"yoast-schema-graph\">{\"@context\":\"https:\\\/\\\/schema.org\",\"@graph\":[{\"@type\":\"Article\",\"@id\":\"https:\\\/\\\/philippeboulanger.com\\\/fr\\\/trois-femmes-ont-force-le-futur\\\/#article\",\"isPartOf\":{\"@id\":\"https:\\\/\\\/philippeboulanger.com\\\/fr\\\/trois-femmes-ont-force-le-futur\\\/\"},\"author\":{\"name\":\"Philippe Boulanger\",\"@id\":\"https:\\\/\\\/philippeboulanger.com\\\/fr\\\/#\\\/schema\\\/person\\\/6bb370f9c91a64097487f01391ea335f\"},\"headline\":\"Trois femmes ont forc\u00e9 le futur\",\"datePublished\":\"2026-03-08T06:15:00+00:00\",\"mainEntityOfPage\":{\"@id\":\"https:\\\/\\\/philippeboulanger.com\\\/fr\\\/trois-femmes-ont-force-le-futur\\\/\"},\"wordCount\":1524,\"commentCount\":0,\"publisher\":{\"@id\":\"https:\\\/\\\/philippeboulanger.com\\\/fr\\\/#organization\"},\"image\":{\"@id\":\"https:\\\/\\\/philippeboulanger.com\\\/fr\\\/trois-femmes-ont-force-le-futur\\\/#primaryimage\"},\"thumbnailUrl\":\"https:\\\/\\\/philippeboulanger.com\\\/wp-content\\\/uploads\\\/2026\\\/03\\\/Marie-CurieHedy-Lamarr-Ada-Lovelace-scaled.webp?wsr\",\"keywords\":[\"Ada Lovelace\",\"culture d\u2019innovation\",\"diversit\u00e9\",\"droits des femmes\",\"\u00e9galit\u00e9\",\"femmes inspirantes\",\"Hedy Lamarr\",\"inclusion\",\"innovation\",\"intelligence artificielle\",\"leadership\",\"Marie Curie\"],\"articleSection\":[\"intelligence innovationnelle\u00ae\"],\"inLanguage\":\"fr-FR\",\"potentialAction\":[{\"@type\":\"CommentAction\",\"name\":\"Comment\",\"target\":[\"https:\\\/\\\/philippeboulanger.com\\\/fr\\\/trois-femmes-ont-force-le-futur\\\/#respond\"]}]},{\"@type\":\"WebPage\",\"@id\":\"https:\\\/\\\/philippeboulanger.com\\\/fr\\\/trois-femmes-ont-force-le-futur\\\/\",\"url\":\"https:\\\/\\\/philippeboulanger.com\\\/fr\\\/trois-femmes-ont-force-le-futur\\\/\",\"name\":\"Trois femmes ont forc\u00e9 le futur - Philippe Boulanger\",\"isPartOf\":{\"@id\":\"https:\\\/\\\/philippeboulanger.com\\\/fr\\\/#website\"},\"primaryImageOfPage\":{\"@id\":\"https:\\\/\\\/philippeboulanger.com\\\/fr\\\/trois-femmes-ont-force-le-futur\\\/#primaryimage\"},\"image\":{\"@id\":\"https:\\\/\\\/philippeboulanger.com\\\/fr\\\/trois-femmes-ont-force-le-futur\\\/#primaryimage\"},\"thumbnailUrl\":\"https:\\\/\\\/philippeboulanger.com\\\/wp-content\\\/uploads\\\/2026\\\/03\\\/Marie-CurieHedy-Lamarr-Ada-Lovelace-scaled.webp?wsr\",\"datePublished\":\"2026-03-08T06:15:00+00:00\",\"description\":\"Le futur doit beaucoup \u00e0 trois femmes visionnaires : Marie Curie, Ada Lovelace et Hedy Lamarr. Un post sur innovation, audace et inclusion.\",\"breadcrumb\":{\"@id\":\"https:\\\/\\\/philippeboulanger.com\\\/fr\\\/trois-femmes-ont-force-le-futur\\\/#breadcrumb\"},\"inLanguage\":\"fr-FR\",\"potentialAction\":[{\"@type\":\"ReadAction\",\"target\":[\"https:\\\/\\\/philippeboulanger.com\\\/fr\\\/trois-femmes-ont-force-le-futur\\\/\"]}]},{\"@type\":\"ImageObject\",\"inLanguage\":\"fr-FR\",\"@id\":\"https:\\\/\\\/philippeboulanger.com\\\/fr\\\/trois-femmes-ont-force-le-futur\\\/#primaryimage\",\"url\":\"https:\\\/\\\/philippeboulanger.com\\\/wp-content\\\/uploads\\\/2026\\\/03\\\/Marie-CurieHedy-Lamarr-Ada-Lovelace-scaled.webp?wsr\",\"contentUrl\":\"https:\\\/\\\/philippeboulanger.com\\\/wp-content\\\/uploads\\\/2026\\\/03\\\/Marie-CurieHedy-Lamarr-Ada-Lovelace-scaled.webp?wsr\",\"width\":2560,\"height\":1429},{\"@type\":\"BreadcrumbList\",\"@id\":\"https:\\\/\\\/philippeboulanger.com\\\/fr\\\/trois-femmes-ont-force-le-futur\\\/#breadcrumb\",\"itemListElement\":[{\"@type\":\"ListItem\",\"position\":1,\"name\":\"Home\",\"item\":\"https:\\\/\\\/philippeboulanger.com\\\/fr\\\/\"},{\"@type\":\"ListItem\",\"position\":2,\"name\":\"Trois femmes ont forc\u00e9 le futur\"}]},{\"@type\":\"WebSite\",\"@id\":\"https:\\\/\\\/philippeboulanger.com\\\/fr\\\/#website\",\"url\":\"https:\\\/\\\/philippeboulanger.com\\\/fr\\\/\",\"name\":\"Philippe Boulanger\",\"description\":\"Global Keynote Speaker &amp; Advisor\",\"publisher\":{\"@id\":\"https:\\\/\\\/philippeboulanger.com\\\/fr\\\/#organization\"},\"potentialAction\":[{\"@type\":\"SearchAction\",\"target\":{\"@type\":\"EntryPoint\",\"urlTemplate\":\"https:\\\/\\\/philippeboulanger.com\\\/fr\\\/?s={search_term_string}\"},\"query-input\":{\"@type\":\"PropertyValueSpecification\",\"valueRequired\":true,\"valueName\":\"search_term_string\"}}],\"inLanguage\":\"fr-FR\"},{\"@type\":\"Organization\",\"@id\":\"https:\\\/\\\/philippeboulanger.com\\\/fr\\\/#organization\",\"name\":\"Philippe Boulanger - The Innovation Evangelist - Global Keynote Speaker\",\"url\":\"https:\\\/\\\/philippeboulanger.com\\\/fr\\\/\",\"logo\":{\"@type\":\"ImageObject\",\"inLanguage\":\"fr-FR\",\"@id\":\"https:\\\/\\\/philippeboulanger.com\\\/fr\\\/#\\\/schema\\\/logo\\\/image\\\/\",\"url\":\"https:\\\/\\\/philippeboulanger.com\\\/wp-content\\\/uploads\\\/2026\\\/01\\\/cropped-philippe-boulanger-favicon-2026.webp\",\"contentUrl\":\"https:\\\/\\\/philippeboulanger.com\\\/wp-content\\\/uploads\\\/2026\\\/01\\\/cropped-philippe-boulanger-favicon-2026.webp\",\"width\":512,\"height\":512,\"caption\":\"Philippe Boulanger - The Innovation Evangelist - Global Keynote Speaker\"},\"image\":{\"@id\":\"https:\\\/\\\/philippeboulanger.com\\\/fr\\\/#\\\/schema\\\/logo\\\/image\\\/\"},\"sameAs\":[\"https:\\\/\\\/www.facebook.com\\\/philippe.boulanger.official\",\"https:\\\/\\\/x.com\\\/Ph_Boulanger\",\"https:\\\/\\\/www.youtube.com\\\/@PhilippeBoulanger\",\"https:\\\/\\\/www.lespeakers.com\\\/conferencier\\\/philippe-boulanger\",\"https:\\\/\\\/www.adn-conferenciers.com\\\/conferenciers-philippe-boulanger\",\"https:\\\/\\\/www.wechamp-entreprise.co\\\/conferencier\\\/philippe-boulanger\\\/\",\"https:\\\/\\\/hyfen.fr\\\/intervenant\\\/philippe-boulanger\\\/\",\"https:\\\/\\\/okaydoc.fr\\\/philippe-boulanger-conferencier-innovation\\\/\",\"https:\\\/\\\/www.lesconferenciers.com\\\/conferencier\\\/philippe-boulanger\\\/\",\"https:\\\/\\\/simoneetnelson.com\\\/annuaire\\\/conferenciers\\\/philippe-boulanger\\\/\",\"https:\\\/\\\/myspeaker.fr\\\/conferenciers\\\/philippe-boulanger\\\/\",\"https:\\\/\\\/www.premium-communication.fr\\\/conferenciers\\\/ia-et-innovation\\\/boulanger\",\"https:\\\/\\\/www.vivavox.fr\\\/conferencier\\\/233\\\/\",\"https:\\\/\\\/www.a-speakers.fr\\\/conferencier\\\/philippe-boulanger\\\/\",\"https:\\\/\\\/www.espeakers.com\\\/marketplace\\\/profile\\\/41889\\\/philippe-boulanger\",\"https:\\\/\\\/www.dunod.com\\\/livres-philippe-boulanger-2\",\"https:\\\/\\\/www.amazon.fr\\\/stores\\\/Dr-Philippe-Boulanger\\\/author\\\/B0DD4CMFDX\",\"https:\\\/\\\/www.lecampus.online\\\/conferenciers\\\/philippe-boulanger\",\"https:\\\/\\\/www.startnplay.com\\\/personnalite\\\/conferencier\\\/phlippe-boulanger\\\/\"]},{\"@type\":\"Person\",\"@id\":\"https:\\\/\\\/philippeboulanger.com\\\/fr\\\/#\\\/schema\\\/person\\\/6bb370f9c91a64097487f01391ea335f\",\"name\":\"Philippe Boulanger\",\"image\":{\"@type\":\"ImageObject\",\"inLanguage\":\"fr-FR\",\"@id\":\"https:\\\/\\\/secure.gravatar.com\\\/avatar\\\/7e269ce6778aacfb26aa4350739359d938962ebf752aa458b862bfd78ff946c1?s=96&d=mm&r=g\",\"url\":\"https:\\\/\\\/secure.gravatar.com\\\/avatar\\\/7e269ce6778aacfb26aa4350739359d938962ebf752aa458b862bfd78ff946c1?s=96&d=mm&r=g\",\"contentUrl\":\"https:\\\/\\\/secure.gravatar.com\\\/avatar\\\/7e269ce6778aacfb26aa4350739359d938962ebf752aa458b862bfd78ff946c1?s=96&d=mm&r=g\",\"caption\":\"Philippe Boulanger\"},\"url\":\"https:\\\/\\\/philippeboulanger.com\\\/fr\\\/author\\\/boulanger-philgmail-com\\\/\"}]}<\/script>\n<!-- \/ Yoast SEO Premium plugin. -->","yoast_head_json":{"title":"Trois femmes ont forc\u00e9 le futur - Philippe Boulanger","description":"Le futur doit beaucoup \u00e0 trois femmes visionnaires : Marie Curie, Ada Lovelace et Hedy Lamarr. Un post sur innovation, audace et inclusion.","robots":{"index":"index","follow":"follow","max-snippet":"max-snippet:-1","max-image-preview":"max-image-preview:large","max-video-preview":"max-video-preview:-1"},"canonical":"https:\/\/philippeboulanger.com\/fr\/trois-femmes-ont-force-le-futur\/","og_locale":"fr_FR","og_type":"article","og_title":"Trois femmes ont forc\u00e9 le futur","og_description":"Le futur doit beaucoup \u00e0 trois femmes visionnaires : Marie Curie, Ada Lovelace et Hedy Lamarr. Un post sur innovation, audace et inclusion.","og_url":"https:\/\/philippeboulanger.com\/fr\/trois-femmes-ont-force-le-futur\/","og_site_name":"Philippe Boulanger","article_publisher":"https:\/\/www.facebook.com\/philippe.boulanger.official","article_published_time":"2026-03-08T06:15:00+00:00","og_image":[{"width":2560,"height":1429,"url":"https:\/\/philippeboulanger.com\/wp-content\/uploads\/2026\/03\/Marie-CurieHedy-Lamarr-Ada-Lovelace-scaled.webp","type":"image\/jpeg"}],"author":"Philippe Boulanger","twitter_card":"summary_large_image","twitter_creator":"@Ph_Boulanger","twitter_site":"@Ph_Boulanger","twitter_misc":{"\u00c9crit par":"Philippe Boulanger","Dur\u00e9e de lecture estim\u00e9e":"7 minutes"},"schema":{"@context":"https:\/\/schema.org","@graph":[{"@type":"Article","@id":"https:\/\/philippeboulanger.com\/fr\/trois-femmes-ont-force-le-futur\/#article","isPartOf":{"@id":"https:\/\/philippeboulanger.com\/fr\/trois-femmes-ont-force-le-futur\/"},"author":{"name":"Philippe Boulanger","@id":"https:\/\/philippeboulanger.com\/fr\/#\/schema\/person\/6bb370f9c91a64097487f01391ea335f"},"headline":"Trois femmes ont forc\u00e9 le futur","datePublished":"2026-03-08T06:15:00+00:00","mainEntityOfPage":{"@id":"https:\/\/philippeboulanger.com\/fr\/trois-femmes-ont-force-le-futur\/"},"wordCount":1524,"commentCount":0,"publisher":{"@id":"https:\/\/philippeboulanger.com\/fr\/#organization"},"image":{"@id":"https:\/\/philippeboulanger.com\/fr\/trois-femmes-ont-force-le-futur\/#primaryimage"},"thumbnailUrl":"https:\/\/philippeboulanger.com\/wp-content\/uploads\/2026\/03\/Marie-CurieHedy-Lamarr-Ada-Lovelace-scaled.webp?wsr","keywords":["Ada Lovelace","culture d\u2019innovation","diversit\u00e9","droits des femmes","\u00e9galit\u00e9","femmes inspirantes","Hedy Lamarr","inclusion","innovation","intelligence artificielle","leadership","Marie Curie"],"articleSection":["intelligence innovationnelle\u00ae"],"inLanguage":"fr-FR","potentialAction":[{"@type":"CommentAction","name":"Comment","target":["https:\/\/philippeboulanger.com\/fr\/trois-femmes-ont-force-le-futur\/#respond"]}]},{"@type":"WebPage","@id":"https:\/\/philippeboulanger.com\/fr\/trois-femmes-ont-force-le-futur\/","url":"https:\/\/philippeboulanger.com\/fr\/trois-femmes-ont-force-le-futur\/","name":"Trois femmes ont forc\u00e9 le futur - Philippe Boulanger","isPartOf":{"@id":"https:\/\/philippeboulanger.com\/fr\/#website"},"primaryImageOfPage":{"@id":"https:\/\/philippeboulanger.com\/fr\/trois-femmes-ont-force-le-futur\/#primaryimage"},"image":{"@id":"https:\/\/philippeboulanger.com\/fr\/trois-femmes-ont-force-le-futur\/#primaryimage"},"thumbnailUrl":"https:\/\/philippeboulanger.com\/wp-content\/uploads\/2026\/03\/Marie-CurieHedy-Lamarr-Ada-Lovelace-scaled.webp?wsr","datePublished":"2026-03-08T06:15:00+00:00","description":"Le futur doit beaucoup \u00e0 trois femmes visionnaires : Marie Curie, Ada Lovelace et Hedy Lamarr. Un post sur innovation, audace et inclusion.","breadcrumb":{"@id":"https:\/\/philippeboulanger.com\/fr\/trois-femmes-ont-force-le-futur\/#breadcrumb"},"inLanguage":"fr-FR","potentialAction":[{"@type":"ReadAction","target":["https:\/\/philippeboulanger.com\/fr\/trois-femmes-ont-force-le-futur\/"]}]},{"@type":"ImageObject","inLanguage":"fr-FR","@id":"https:\/\/philippeboulanger.com\/fr\/trois-femmes-ont-force-le-futur\/#primaryimage","url":"https:\/\/philippeboulanger.com\/wp-content\/uploads\/2026\/03\/Marie-CurieHedy-Lamarr-Ada-Lovelace-scaled.webp?wsr","contentUrl":"https:\/\/philippeboulanger.com\/wp-content\/uploads\/2026\/03\/Marie-CurieHedy-Lamarr-Ada-Lovelace-scaled.webp?wsr","width":2560,"height":1429},{"@type":"BreadcrumbList","@id":"https:\/\/philippeboulanger.com\/fr\/trois-femmes-ont-force-le-futur\/#breadcrumb","itemListElement":[{"@type":"ListItem","position":1,"name":"Home","item":"https:\/\/philippeboulanger.com\/fr\/"},{"@type":"ListItem","position":2,"name":"Trois femmes ont forc\u00e9 le futur"}]},{"@type":"WebSite","@id":"https:\/\/philippeboulanger.com\/fr\/#website","url":"https:\/\/philippeboulanger.com\/fr\/","name":"Philippe Boulanger","description":"Global Keynote Speaker &amp; Advisor","publisher":{"@id":"https:\/\/philippeboulanger.com\/fr\/#organization"},"potentialAction":[{"@type":"SearchAction","target":{"@type":"EntryPoint","urlTemplate":"https:\/\/philippeboulanger.com\/fr\/?s={search_term_string}"},"query-input":{"@type":"PropertyValueSpecification","valueRequired":true,"valueName":"search_term_string"}}],"inLanguage":"fr-FR"},{"@type":"Organization","@id":"https:\/\/philippeboulanger.com\/fr\/#organization","name":"Philippe Boulanger - The Innovation Evangelist - Global Keynote Speaker","url":"https:\/\/philippeboulanger.com\/fr\/","logo":{"@type":"ImageObject","inLanguage":"fr-FR","@id":"https:\/\/philippeboulanger.com\/fr\/#\/schema\/logo\/image\/","url":"https:\/\/philippeboulanger.com\/wp-content\/uploads\/2026\/01\/cropped-philippe-boulanger-favicon-2026.webp","contentUrl":"https:\/\/philippeboulanger.com\/wp-content\/uploads\/2026\/01\/cropped-philippe-boulanger-favicon-2026.webp","width":512,"height":512,"caption":"Philippe Boulanger - The Innovation Evangelist - Global Keynote Speaker"},"image":{"@id":"https:\/\/philippeboulanger.com\/fr\/#\/schema\/logo\/image\/"},"sameAs":["https:\/\/www.facebook.com\/philippe.boulanger.official","https:\/\/x.com\/Ph_Boulanger","https:\/\/www.youtube.com\/@PhilippeBoulanger","https:\/\/www.lespeakers.com\/conferencier\/philippe-boulanger","https:\/\/www.adn-conferenciers.com\/conferenciers-philippe-boulanger","https:\/\/www.wechamp-entreprise.co\/conferencier\/philippe-boulanger\/","https:\/\/hyfen.fr\/intervenant\/philippe-boulanger\/","https:\/\/okaydoc.fr\/philippe-boulanger-conferencier-innovation\/","https:\/\/www.lesconferenciers.com\/conferencier\/philippe-boulanger\/","https:\/\/simoneetnelson.com\/annuaire\/conferenciers\/philippe-boulanger\/","https:\/\/myspeaker.fr\/conferenciers\/philippe-boulanger\/","https:\/\/www.premium-communication.fr\/conferenciers\/ia-et-innovation\/boulanger","https:\/\/www.vivavox.fr\/conferencier\/233\/","https:\/\/www.a-speakers.fr\/conferencier\/philippe-boulanger\/","https:\/\/www.espeakers.com\/marketplace\/profile\/41889\/philippe-boulanger","https:\/\/www.dunod.com\/livres-philippe-boulanger-2","https:\/\/www.amazon.fr\/stores\/Dr-Philippe-Boulanger\/author\/B0DD4CMFDX","https:\/\/www.lecampus.online\/conferenciers\/philippe-boulanger","https:\/\/www.startnplay.com\/personnalite\/conferencier\/phlippe-boulanger\/"]},{"@type":"Person","@id":"https:\/\/philippeboulanger.com\/fr\/#\/schema\/person\/6bb370f9c91a64097487f01391ea335f","name":"Philippe Boulanger","image":{"@type":"ImageObject","inLanguage":"fr-FR","@id":"https:\/\/secure.gravatar.com\/avatar\/7e269ce6778aacfb26aa4350739359d938962ebf752aa458b862bfd78ff946c1?s=96&d=mm&r=g","url":"https:\/\/secure.gravatar.com\/avatar\/7e269ce6778aacfb26aa4350739359d938962ebf752aa458b862bfd78ff946c1?s=96&d=mm&r=g","contentUrl":"https:\/\/secure.gravatar.com\/avatar\/7e269ce6778aacfb26aa4350739359d938962ebf752aa458b862bfd78ff946c1?s=96&d=mm&r=g","caption":"Philippe Boulanger"},"url":"https:\/\/philippeboulanger.com\/fr\/author\/boulanger-philgmail-com\/"}]}},"jetpack_featured_media_url":"https:\/\/philippeboulanger.com\/wp-content\/uploads\/2026\/03\/Marie-CurieHedy-Lamarr-Ada-Lovelace-scaled.webp?wsr","jetpack_sharing_enabled":true,"_links":{"self":[{"href":"https:\/\/philippeboulanger.com\/fr\/wp-json\/wp\/v2\/posts\/15556","targetHints":{"allow":["GET"]}}],"collection":[{"href":"https:\/\/philippeboulanger.com\/fr\/wp-json\/wp\/v2\/posts"}],"about":[{"href":"https:\/\/philippeboulanger.com\/fr\/wp-json\/wp\/v2\/types\/post"}],"author":[{"embeddable":true,"href":"https:\/\/philippeboulanger.com\/fr\/wp-json\/wp\/v2\/users\/4"}],"replies":[{"embeddable":true,"href":"https:\/\/philippeboulanger.com\/fr\/wp-json\/wp\/v2\/comments?post=15556"}],"version-history":[{"count":3,"href":"https:\/\/philippeboulanger.com\/fr\/wp-json\/wp\/v2\/posts\/15556\/revisions"}],"predecessor-version":[{"id":15569,"href":"https:\/\/philippeboulanger.com\/fr\/wp-json\/wp\/v2\/posts\/15556\/revisions\/15569"}],"wp:featuredmedia":[{"embeddable":true,"href":"https:\/\/philippeboulanger.com\/fr\/wp-json\/wp\/v2\/media\/15557"}],"wp:attachment":[{"href":"https:\/\/philippeboulanger.com\/fr\/wp-json\/wp\/v2\/media?parent=15556"}],"wp:term":[{"taxonomy":"category","embeddable":true,"href":"https:\/\/philippeboulanger.com\/fr\/wp-json\/wp\/v2\/categories?post=15556"},{"taxonomy":"post_tag","embeddable":true,"href":"https:\/\/philippeboulanger.com\/fr\/wp-json\/wp\/v2\/tags?post=15556"}],"curies":[{"name":"wp","href":"https:\/\/api.w.org\/{rel}","templated":true}]}}