{"id":15664,"date":"2026-03-19T07:15:00","date_gmt":"2026-03-19T06:15:00","guid":{"rendered":"https:\/\/philippeboulanger.com\/?p=15664"},"modified":"2026-03-18T19:30:51","modified_gmt":"2026-03-18T18:30:51","slug":"le-vrai-vol-de-lia","status":"publish","type":"post","link":"https:\/\/philippeboulanger.com\/fr\/le-vrai-vol-de-lia\/","title":{"rendered":"Le vrai vol de l\u2019IA"},"content":{"rendered":"\n<h2 class=\"wp-block-heading\" id=\"h-l-ia-ne-commence-pas-par-voler-des-emplois\">L\u2019IA ne commence pas par voler des emplois<\/h2>\n\n\n\n<p>Depuis des mois, le d\u00e9bat public tourne en boucle autour d\u2019un sc\u00e9nario simple, spectaculaire et anxiog\u00e8ne : l\u2019intelligence artificielle remplacerait les humains \u00e0 grande vitesse. Le r\u00e9cit fonctionne bien parce qu\u2019il frappe fort, qu\u2019il se retient facilement et qu\u2019il nourrit une peur tr\u00e8s ancienne : celle de devenir inutile.<\/p>\n\n\n\n<p>Pourtant, quand on regarde les signaux disponibles, le paysage est plus nuanc\u00e9. Snowflake indique que 77 % des organisations interrog\u00e9es d\u00e9clarent une cr\u00e9ation de postes li\u00e9e \u00e0 l\u2019IA, m\u00eame si 46 % signalent aussi des pertes d\u2019emplois. Le mouvement observable n\u2019est donc pas seulement celui de la suppression. Il ressemble davantage \u00e0 une reconfiguration des r\u00f4les, des comp\u00e9tences et des priorit\u00e9s. (<a href=\"https:\/\/www.snowflake.com\/en\/news\/press-releases\/snowflake-research-reveals-ai-driven-job-creation-outpaces-job-loss-with-77-percent-reporting-workforce-gains\/?utm_source=philippeboulanger.com\">Snowflake<\/a>)<\/p>\n\n\n\n<p>Autrement dit, l\u2019IA ne retire pas d\u2019abord une place dans l\u2019organigramme. Elle attaque d\u2019abord quelque chose de plus intime : nos certitudes. La certitude que notre expertise nous prot\u00e9gera \u00e9ternellement. La certitude que notre m\u00e9tier restera stable. La certitude que l\u2019exp\u00e9rience accumul\u00e9e suffira \u00e0 garder notre valeur.<\/p>\n\n\n\n<p>C\u2019est l\u00e0 que le sujet devient passionnant.<\/p>\n\n\n\n<p>Le choc majeur n\u2019est pas seulement \u00e9conomique. Il est psychologique, culturel et manag\u00e9rial.<\/p>\n\n\n\n<h2 class=\"wp-block-heading\" id=\"h-ce-que-l-ia-deplace-vraiment-la-valeur-du-travail\">Ce que l\u2019IA d\u00e9place vraiment : la valeur du travail<\/h2>\n\n\n\n<p>Le Forum \u00e9conomique mondial explique que la d\u00e9cennie en cours devrait d\u00e9truire certains emplois, mais aussi en cr\u00e9er davantage, avec un solde net positif \u00e0 l\u2019\u00e9chelle mondiale. Son rapport 2025 \u00e9voque 170 millions de nouveaux emplois cr\u00e9\u00e9s et 92 millions supprim\u00e9s d\u2019ici 2030. Cela ne veut pas dire que tout ira bien pour tout le monde. Cela veut dire que le march\u00e9 du travail se transforme plus qu\u2019il ne s\u2019efface. (<a href=\"https:\/\/www.weforum.org\/publications\/the-future-of-jobs-report-2025\/?utm_source=philippeboulanger.com\">World Economic Forum<\/a>)<\/p>\n\n\n\n<p>Le point cl\u00e9 est ailleurs : quand les t\u00e2ches changent, la valeur change aussi.<\/p>\n\n\n\n<p>Les t\u00e2ches r\u00e9p\u00e9titives, standardis\u00e9es, documentables et facilement transmissibles \u00e0 une machine deviennent plus vuln\u00e9rables. \u00c0 l\u2019inverse, tout ce qui rel\u00e8ve du jugement, de l\u2019arbitrage, de la relation, de la contextualisation, de la supervision, de la cr\u00e9ativit\u00e9 appliqu\u00e9e et de la d\u00e9cision prend plus de poids.<\/p>\n\n\n\n<p>L\u2019Organisation internationale du Travail rappelle d\u2019ailleurs que l\u2019effet le plus probable de l\u2019IA g\u00e9n\u00e9rative n\u2019est pas la disparition pure et simple des emplois, mais leur transformation par les t\u00e2ches, avec des niveaux d\u2019exposition variables selon les m\u00e9tiers, les secteurs et les pays. (<a href=\"https:\/\/www.ilo.org\/publications\/generative-ai-and-jobs-2025-update?utm_source=philippeboulanger.com\">ILO<\/a>)<\/p>\n\n\n\n<p>C\u2019est une bascule majeure.<\/p>\n\n\n\n<p>Pendant longtemps, beaucoup de professionnels ont pu mon\u00e9tiser une expertise comme un stock : un savoir accumul\u00e9, stabilis\u00e9, prot\u00e9g\u00e9 par l\u2019exp\u00e9rience et reconnu par l\u2019organisation.<\/p>\n\n\n\n<p>L\u2019IA pousse vers une autre logique : l\u2019expertise comme flux.<br>Un flux d\u2019apprentissage.<br>Un flux d\u2019adaptation.<br>Un flux de mise \u00e0 jour permanente.<\/p>\n\n\n\n<p>Ceux qui s\u2019accrochent \u00e0 une expertise fig\u00e9e entrent dans une zone de fragilit\u00e9. Ceux qui transforment leur expertise en capacit\u00e9 d\u2019\u00e9volution deviennent plus pr\u00e9cieux.<\/p>\n\n\n\n<h2 class=\"wp-block-heading\" id=\"h-l-obsolescence-n-est-plus-un-risque-theorique\">L\u2019obsolescence n\u2019est plus un risque th\u00e9orique<\/h2>\n\n\n\n<p>L\u2019un des effets les plus puissants de l\u2019IA est de rendre visible une peur que beaucoup d\u2019organisations cachaient sous le tapis : la peur de devenir obsol\u00e8te.<\/p>\n\n\n\n<p>Dans mon livre, chapitre 14, j\u2019explique que l\u2019arriv\u00e9e de l\u2019intelligence artificielle active tr\u00e8s vite chez les individus une lecture de survie : \u201cqu\u2019est-ce que cela veut dire pour moi ? est-ce que mon job est \u00e0 risque ?\u201d. Cette m\u00e9canique compte autant que la technologie elle-m\u00eame.<\/p>\n\n\n\n<p>Et c\u2019est exactement ce qui se joue aujourd\u2019hui.<\/p>\n\n\n\n<p>Quand une entreprise d\u00e9ploie un copilote, un assistant conversationnel, un agent m\u00e9tier ou des automatisations avanc\u00e9es, les collaborateurs n\u2019analysent pas seulement un outil. Ils analysent leur futur. Ils essaient d\u2019estimer leur valeur relative face \u00e0 un syst\u00e8me qui produit vite, \u00e0 bas co\u00fbt, sans fatigue apparente.<\/p>\n\n\n\n<p>La peur surgit alors pour trois raisons :<\/p>\n\n\n\n<ol class=\"wp-block-list\">\n<li>elle brouille les rep\u00e8res ;<\/li>\n\n\n\n<li>elle ab\u00eeme le sentiment de ma\u00eetrise ;<\/li>\n\n\n\n<li>elle remet en cause le lien entre anciennet\u00e9 et l\u00e9gitimit\u00e9.<\/li>\n<\/ol>\n\n\n\n<p>Dans ces moments-l\u00e0, le probl\u00e8me n\u2019est plus l\u2019IA seule. Le probl\u00e8me devient l\u2019absence de cadre.<\/p>\n\n\n\n<h2 class=\"wp-block-heading\" id=\"h-pourquoi-tant-d-entreprises-ratent-l-adoption-de-l-ia\">Pourquoi tant d\u2019entreprises ratent l\u2019adoption de l\u2019IA<\/h2>\n\n\n\n<p>Beaucoup d\u2019organisations croient encore qu\u2019adopter l\u2019IA consiste \u00e0 acheter des licences, lancer un pilote et communiquer sur une ambition de transformation.<\/p>\n\n\n\n<p>C\u2019est tr\u00e8s insuffisant.<\/p>\n\n\n\n<p>L\u2019OCDE souligne que l\u2019IA peut am\u00e9liorer la productivit\u00e9, la qualit\u00e9 du travail et certains aspects de la s\u00e9curit\u00e9, tout en apportant des risques concrets autour de l\u2019automatisation, de la perte d\u2019autonomie, des biais, de la surveillance ou du manque de transparence. (<a href=\"https:\/\/www.oecd.org\/en\/topics\/ai-and-work.html?utm_source=philippeboulanger.com\">OECD<\/a>)<\/p>\n\n\n\n<p>Autrement dit, la r\u00e9ussite ne d\u00e9pend pas seulement de la performance de l\u2019outil. Elle d\u00e9pend de la mani\u00e8re dont l\u2019entreprise pr\u00e9pare l\u2019environnement humain.<\/p>\n\n\n\n<p>Quand la peur pilote, les \u00e9quipes se crispent.<br>Quand les \u00e9quipes se crispent, elles exp\u00e9rimentent moins.<br>Quand elles exp\u00e9rimentent moins, elles apprennent moins.<br>Quand elles apprennent moins, l\u2019adoption ralentit.<br>Et quand l\u2019adoption ralentit, les dirigeants concluent trop vite que \u201cles gens r\u00e9sistent au changement\u201d.<\/p>\n\n\n\n<p>En r\u00e9alit\u00e9, ils r\u00e9sistent souvent \u00e0 l\u2019incertitude mal g\u00e9r\u00e9e.<\/p>\n\n\n\n<p>Microsoft note d\u2019ailleurs que les entreprises qui avancent le mieux sont celles qui posent l\u2019attente claire d\u2019une AI literacy pour tous, organisent l\u2019apprentissage continu et aident les salari\u00e9s \u00e0 int\u00e9grer l\u2019IA dans les pratiques quotidiennes. (<a href=\"https:\/\/www.microsoft.com\/en-us\/worklab\/work-trend-index\/2025-the-year-the-frontier-firm-is-born?utm_source=philippeboulanger.com\">Microsoft<\/a>)<\/p>\n\n\n\n<p>La le\u00e7on est simple : on n\u2019obtient pas l\u2019adh\u00e9sion avec une annonce. On l\u2019obtient avec de la clart\u00e9, du sens, de la formation et du droit \u00e0 l\u2019essai.<\/p>\n\n\n\n<h2 class=\"wp-block-heading\" id=\"h-l-entreprise-qui-protege-ses-talents-n-ignore-pas-l-ia\">L\u2019entreprise qui prot\u00e8ge ses talents n\u2019ignore pas l\u2019IA<\/h2>\n\n\n\n<p>Certaines directions croient prot\u00e9ger les \u00e9quipes en minimisant le sujet.<\/p>\n\n\n\n<p>Elles \u00e9vitent les conversations franches.<br>Elles retardent les formations.<br>Elles laissent chacun exp\u00e9rimenter dans son coin.<br>Elles rassurent vaguement.<br>Elles esp\u00e8rent gagner du temps.<\/p>\n\n\n\n<p>C\u2019est une erreur strat\u00e9gique.<\/p>\n\n\n\n<p>Une entreprise prot\u00e8ge ses talents quand elle leur donne une lecture claire du moment :<\/p>\n\n\n\n<ul class=\"wp-block-list\">\n<li>ce qui change,<\/li>\n\n\n\n<li>ce qui ne change pas,<\/li>\n\n\n\n<li>ce qui va \u00eatre automatis\u00e9,<\/li>\n\n\n\n<li>ce qui va \u00eatre augment\u00e9,<\/li>\n\n\n\n<li>ce qui doit \u00eatre appris,<\/li>\n\n\n\n<li>ce qui restera profond\u00e9ment humain.<\/li>\n<\/ul>\n\n\n\n<p>PwC montre que les m\u00e9tiers les plus expos\u00e9s \u00e0 l\u2019IA continuent malgr\u00e9 tout \u00e0 cro\u00eetre, tandis que les comp\u00e9tences demand\u00e9es y \u00e9voluent beaucoup plus vite. L\u2019enjeu n\u2019est donc pas seulement de conserver un poste, mais de rester pertinent \u00e0 l\u2019int\u00e9rieur de ce poste qui bouge. (<a href=\"https:\/\/www.pwc.com\/gx\/en\/services\/ai\/ai-jobs-barometer.html?utm_source=philippeboulanger.com\">PwC<\/a>)<\/p>\n\n\n\n<p>Voil\u00e0 pourquoi les organisations les plus intelligentes ne cachent pas l\u2019IA. Elles la rendent lisible. Elles expliquent. Elles forment. Elles testent. Elles accompagnent.<\/p>\n\n\n\n<p>Elles remplacent la peur diffuse par une mont\u00e9e en comp\u00e9tence visible.<\/p>\n\n\n\n<h2 class=\"wp-block-heading\" id=\"h-le-capital-decisif-de-demain-apprendre-plus-vite-que-l-incertitude\">Le capital d\u00e9cisif de demain : apprendre plus vite que l\u2019incertitude<\/h2>\n\n\n\n<p>Le vrai partage ne va pas se faire entre ceux qui utilisent l\u2019IA et ceux qui ne l\u2019utilisent pas.<\/p>\n\n\n\n<p>Il va se faire entre :<\/p>\n\n\n\n<ul class=\"wp-block-list\">\n<li>ceux qui apprennent vite,<\/li>\n\n\n\n<li>ceux qui attendent d\u2019\u00eatre rassur\u00e9s avant de bouger.<\/li>\n<\/ul>\n\n\n\n<p>IBM rel\u00e8ve que les dirigeants anticipent un besoin massif de reskilling li\u00e9 \u00e0 l\u2019IA et \u00e0 l\u2019automatisation dans les prochaines ann\u00e9es. (<a href=\"https:\/\/www.ibm.com\/think\/insights\/new-ibm-study-reveals-how-ai-is-changing-work-and-what-hr-leaders-should-do-about-it?utm_source=philippeboulanger.com\">IBM<\/a>)<\/p>\n\n\n\n<p>Cette donn\u00e9e est centrale, car elle change la responsabilit\u00e9 du management.<\/p>\n\n\n\n<p>Former n\u2019est plus un avantage RH sympathique.<br>Former devient une responsabilit\u00e9 strat\u00e9gique.<br>Et apprendre n\u2019est plus un effort p\u00e9riph\u00e9rique.<br>Apprendre devient une condition de maintien de valeur.<\/p>\n\n\n\n<p>Dans mon livre, chapitre 4, je rappelle que l\u2019innovation n\u2019est pas r\u00e9serv\u00e9e \u00e0 quelques profils h\u00e9ro\u00efques : elle est l\u2019affaire de tous, sans exception. Cette id\u00e9e prend une force particuli\u00e8re avec l\u2019IA. L\u2019adoption ne peut pas reposer sur une \u00e9quipe innovation, une DSI ou quelques passionn\u00e9s. Elle doit traverser toute l\u2019organisation.<\/p>\n\n\n\n<p>L\u2019entreprise qui gagnera ne sera pas celle qui aura d\u00e9ploy\u00e9 le plus d\u2019outils en premier.<br>Ce sera celle qui aura construit le meilleur syst\u00e8me d\u2019apprentissage collectif.<\/p>\n\n\n\n<h2 class=\"wp-block-heading\" id=\"h-l-ia-revele-les-organisations-solides-et-les-autres\">L\u2019IA r\u00e9v\u00e8le les organisations solides\u2026 et les autres<\/h2>\n\n\n\n<p>L\u2019IA agit comme un r\u00e9v\u00e9lateur.<\/p>\n\n\n\n<p>Elle r\u00e9v\u00e8le les entreprises qui savent d\u00e9j\u00e0 :<\/p>\n\n\n\n<ul class=\"wp-block-list\">\n<li>partager une vision,<\/li>\n\n\n\n<li>exp\u00e9rimenter sans punir,<\/li>\n\n\n\n<li>faire circuler la connaissance,<\/li>\n\n\n\n<li>d\u00e9velopper les comp\u00e9tences,<\/li>\n\n\n\n<li>d\u00e9cider plus vite,<\/li>\n\n\n\n<li>cr\u00e9er de la s\u00e9curit\u00e9 psychologique.<\/li>\n<\/ul>\n\n\n\n<p>Et elle r\u00e9v\u00e8le aussi celles qui vivaient sur des illusions :<\/p>\n\n\n\n<ul class=\"wp-block-list\">\n<li>expertise fig\u00e9e,<\/li>\n\n\n\n<li>silos rassurants,<\/li>\n\n\n\n<li>management du contr\u00f4le,<\/li>\n\n\n\n<li>innovation cosm\u00e9tique,<\/li>\n\n\n\n<li>formation p\u00e9riph\u00e9rique,<\/li>\n\n\n\n<li>communication floue.<\/li>\n<\/ul>\n\n\n\n<p>Dans ces structures, l\u2019IA ne cr\u00e9e pas le probl\u00e8me. Elle l\u2019acc\u00e9l\u00e8re. Elle met sous lumi\u00e8re les fragilit\u00e9s qui existaient d\u00e9j\u00e0.<\/p>\n\n\n\n<p>C\u2019est pour cela que le d\u00e9bat \u201cl\u2019IA va-t-elle voler des emplois ?\u201d est trop petit.<\/p>\n\n\n\n<p>Le sujet plus profond est celui-ci : votre organisation sait-elle transformer la peur en capacit\u00e9 ?<\/p>\n\n\n\n<p>Parce qu\u2019au fond, l\u2019IA vole d\u2019abord nos certitudes.<br>Et c\u2019est peut-\u00eatre une excellente nouvelle pour les entreprises pr\u00eates \u00e0 r\u00e9apprendre.<\/p>\n\n\n\n<h2 class=\"wp-block-heading\" id=\"h-transformer-la-peur-en-valeur\">Transformer la peur en valeur<\/h2>\n\n\n\n<p>La peur n\u2019est pas honteuse. Elle est humaine. Elle peut m\u00eame \u00eatre utile si elle pousse \u00e0 regarder lucidement ce qui doit \u00e9voluer.<\/p>\n\n\n\n<p>Le danger commence quand cette peur est ni\u00e9e, mal nomm\u00e9e ou laiss\u00e9e sans cadre.<\/p>\n\n\n\n<p>\u00c0 ce moment-l\u00e0 :<\/p>\n\n\n\n<ul class=\"wp-block-list\">\n<li>les collaborateurs d\u00e9fendent leur territoire ;<\/li>\n\n\n\n<li>les managers freinent sans le dire ;<\/li>\n\n\n\n<li>les dirigeants surjouent la ma\u00eetrise ;<\/li>\n\n\n\n<li>l\u2019organisation perd du temps ;<\/li>\n\n\n\n<li>les concurrents apprennent plus vite.<\/li>\n<\/ul>\n\n\n\n<p>\u00c0 l\u2019inverse, quand une entreprise assume le sujet avec maturit\u00e9, elle peut faire de l\u2019IA un levier de valeur tr\u00e8s concret :<\/p>\n\n\n\n<ul class=\"wp-block-list\">\n<li>meilleure qualit\u00e9 d\u2019ex\u00e9cution,<\/li>\n\n\n\n<li>gain de temps,<\/li>\n\n\n\n<li>mont\u00e9e en comp\u00e9tence,<\/li>\n\n\n\n<li>red\u00e9finition des r\u00f4les,<\/li>\n\n\n\n<li>capacit\u00e9 d\u2019innovation plus large,<\/li>\n\n\n\n<li>d\u00e9cisions mieux pr\u00e9par\u00e9es.<\/li>\n<\/ul>\n\n\n\n<p>L\u2019IA ne retire pas seulement des t\u00e2ches.<br>Elle recompose la carte de la valeur.<\/p>\n\n\n\n<p>Et dans cette recomposition, les gagnants ne seront pas forc\u00e9ment les plus techniques.<br>Ce seront souvent les plus lucides, les plus adaptables et les mieux accompagn\u00e9s.<\/p>\n\n\n\n<p>\ud83d\udc49 Dans votre organisation, l\u2019IA cr\u00e9e surtout de la peur\u2026 ou de la valeur ?<\/p>\n\n\n\n<p>C\u2019est pr\u00e9cis\u00e9ment l\u00e0 que mes conf\u00e9rences, accompagnements et ateliers peuvent aider : mettre des mots sur les peurs, clarifier les enjeux, acc\u00e9l\u00e9rer l\u2019adoption utile et transformer une inqui\u00e9tude diffuse en trajectoire de progr\u00e8s.<\/p>\n\n\n\n<h2 class=\"wp-block-heading\" id=\"h-references\">R\u00e9f\u00e9rences<\/h2>\n\n\n\n<p>(Snowflake) = <a href=\"https:\/\/www.snowflake.com\/en\/news\/press-releases\/snowflake-research-reveals-ai-driven-job-creation-outpaces-job-loss-with-77-percent-reporting-workforce-gains\/?utm_source=philippeboulanger.com\">https:\/\/www.snowflake.com\/en\/news\/press-releases\/snowflake-research-reveals-ai-driven-job-creation-outpaces-job-loss-with-77-percent-reporting-workforce-gains\/<\/a><br>(World Economic Forum) = <a href=\"https:\/\/www.weforum.org\/publications\/the-future-of-jobs-report-2025\/?utm_source=philippeboulanger.com\">https:\/\/www.weforum.org\/publications\/the-future-of-jobs-report-2025\/<\/a><br>(ILO) = <a href=\"https:\/\/www.ilo.org\/publications\/generative-ai-and-jobs-2025-update?utm_source=philippeboulanger.com\">https:\/\/www.ilo.org\/publications\/generative-ai-and-jobs-2025-update<\/a><br>(OECD) = <a href=\"https:\/\/www.oecd.org\/en\/topics\/ai-and-work.html?utm_source=philippeboulanger.com\">https:\/\/www.oecd.org\/en\/topics\/ai-and-work.html<\/a><br>(Microsoft) = <a href=\"https:\/\/www.microsoft.com\/en-us\/worklab\/work-trend-index\/2025-the-year-the-frontier-firm-is-born?utm_source=philippeboulanger.com\">https:\/\/www.microsoft.com\/en-us\/worklab\/work-trend-index\/2025-the-year-the-frontier-firm-is-born<\/a><br>(PwC) = <a href=\"https:\/\/www.pwc.com\/gx\/en\/services\/ai\/ai-jobs-barometer.html?utm_source=philippeboulanger.com\">https:\/\/www.pwc.com\/gx\/en\/services\/ai\/ai-jobs-barometer.html<\/a><br>(IBM) = <a href=\"https:\/\/www.ibm.com\/think\/insights\/new-ibm-study-reveals-how-ai-is-changing-work-and-what-hr-leaders-should-do-about-it?utm_source=philippeboulanger.com\">https:\/\/www.ibm.com\/think\/insights\/new-ibm-study-reveals-how-ai-is-changing-work-and-what-hr-leaders-should-do-about-it<\/a><\/p>\n","protected":false},"excerpt":{"rendered":"<p>L\u2019IA ne commence pas par voler des emplois Depuis des mois, le d\u00e9bat public tourne en boucle autour d\u2019un sc\u00e9nario simple, spectaculaire et anxiog\u00e8ne : l\u2019intelligence artificielle remplacerait les humains \u00e0 grande vitesse. Le r\u00e9cit fonctionne bien parce qu\u2019il frappe fort, qu\u2019il se retient facilement et qu\u2019il nourrit une peur tr\u00e8s ancienne : celle de [&hellip;]<\/p>\n","protected":false},"author":4,"featured_media":15665,"comment_status":"open","ping_status":"open","sticky":false,"template":"","format":"standard","meta":{"_acf_changed":false,"_jetpack_memberships_contains_paid_content":false,"footnotes":""},"categories":[50],"tags":[604,391,74,601,600,72,69,125,115,325,286,602,480,378,603],"class_list":["post-15664","post","type-post","status-publish","format-standard","has-post-thumbnail","hentry","category-intelligence-innovationnelle","tag-adoption-de-lia","tag-competences","tag-culture-dentreprise","tag-emploi","tag-futur-du-travail","tag-ia","tag-innovation","tag-intelligence-artificielle","tag-leadership","tag-management","tag-productivite","tag-reskilling","tag-securite-psychologique","tag-transformation","tag-upskilling"],"acf":[],"yoast_head":"<!-- This site is optimized with the Yoast SEO Premium plugin v27.5 (Yoast SEO v27.5) - https:\/\/yoast.com\/product\/yoast-seo-premium-wordpress\/ -->\n<title>Le vrai vol de l\u2019IA - Philippe Boulanger<\/title>\n<meta name=\"description\" content=\"L\u2019IA ne vole pas d\u2019abord des emplois : elle vole nos certitudes. Analyse des vraies tensions entre peur, comp\u00e9tences, management et cr\u00e9ation de valeur en entreprise.\" \/>\n<meta name=\"robots\" content=\"index, follow, max-snippet:-1, max-image-preview:large, max-video-preview:-1\" \/>\n<link rel=\"canonical\" href=\"https:\/\/philippeboulanger.com\/fr\/le-vrai-vol-de-lia\/\" \/>\n<meta property=\"og:locale\" content=\"fr_FR\" \/>\n<meta property=\"og:type\" content=\"article\" \/>\n<meta property=\"og:title\" content=\"Le vrai vol de l\u2019IA\" \/>\n<meta property=\"og:description\" content=\"L\u2019IA ne vole pas d\u2019abord des emplois : elle vole nos certitudes. Analyse des vraies tensions entre peur, comp\u00e9tences, management et cr\u00e9ation de valeur en entreprise.\" \/>\n<meta property=\"og:url\" content=\"https:\/\/philippeboulanger.com\/fr\/le-vrai-vol-de-lia\/\" \/>\n<meta property=\"og:site_name\" content=\"Philippe Boulanger\" \/>\n<meta property=\"article:publisher\" content=\"https:\/\/www.facebook.com\/philippe.boulanger.official\" \/>\n<meta property=\"article:published_time\" content=\"2026-03-19T06:15:00+00:00\" \/>\n<meta property=\"og:image\" content=\"https:\/\/philippeboulanger.com\/wp-content\/uploads\/2026\/03\/Snowflake-AI-study-Philippe-Boulanger-scaled.webp\" \/>\n\t<meta property=\"og:image:width\" content=\"2560\" \/>\n\t<meta property=\"og:image:height\" content=\"1438\" \/>\n\t<meta property=\"og:image:type\" content=\"image\/jpeg\" \/>\n<meta name=\"author\" content=\"Philippe Boulanger\" \/>\n<meta name=\"twitter:card\" content=\"summary_large_image\" \/>\n<meta name=\"twitter:creator\" content=\"@Ph_Boulanger\" \/>\n<meta name=\"twitter:site\" content=\"@Ph_Boulanger\" \/>\n<meta name=\"twitter:label1\" content=\"\u00c9crit par\" \/>\n\t<meta name=\"twitter:data1\" content=\"Philippe Boulanger\" \/>\n\t<meta name=\"twitter:label2\" content=\"Dur\u00e9e de lecture estim\u00e9e\" \/>\n\t<meta name=\"twitter:data2\" content=\"7 minutes\" \/>\n<script type=\"application\/ld+json\" class=\"yoast-schema-graph\">{\"@context\":\"https:\\\/\\\/schema.org\",\"@graph\":[{\"@type\":\"Article\",\"@id\":\"https:\\\/\\\/philippeboulanger.com\\\/fr\\\/le-vrai-vol-de-lia\\\/#article\",\"isPartOf\":{\"@id\":\"https:\\\/\\\/philippeboulanger.com\\\/fr\\\/le-vrai-vol-de-lia\\\/\"},\"author\":{\"name\":\"Philippe Boulanger\",\"@id\":\"https:\\\/\\\/philippeboulanger.com\\\/fr\\\/#\\\/schema\\\/person\\\/6bb370f9c91a64097487f01391ea335f\"},\"headline\":\"Le vrai vol de l\u2019IA\",\"datePublished\":\"2026-03-19T06:15:00+00:00\",\"mainEntityOfPage\":{\"@id\":\"https:\\\/\\\/philippeboulanger.com\\\/fr\\\/le-vrai-vol-de-lia\\\/\"},\"wordCount\":1831,\"commentCount\":0,\"publisher\":{\"@id\":\"https:\\\/\\\/philippeboulanger.com\\\/fr\\\/#organization\"},\"image\":{\"@id\":\"https:\\\/\\\/philippeboulanger.com\\\/fr\\\/le-vrai-vol-de-lia\\\/#primaryimage\"},\"thumbnailUrl\":\"https:\\\/\\\/philippeboulanger.com\\\/wp-content\\\/uploads\\\/2026\\\/03\\\/Snowflake-AI-study-Philippe-Boulanger-scaled.webp?wsr\",\"keywords\":[\"adoption de l\u2019IA\",\"comp\u00e9tences\",\"culture d\u2019entreprise\",\"emploi\",\"futur du travail\",\"IA\",\"innovation\",\"intelligence artificielle\",\"leadership\",\"management\",\"productivit\u00e9\",\"reskilling\",\"s\u00e9curit\u00e9 psychologique\",\"transformation\",\"upskilling\"],\"articleSection\":[\"intelligence innovationnelle\u00ae\"],\"inLanguage\":\"fr-FR\",\"potentialAction\":[{\"@type\":\"CommentAction\",\"name\":\"Comment\",\"target\":[\"https:\\\/\\\/philippeboulanger.com\\\/fr\\\/le-vrai-vol-de-lia\\\/#respond\"]}]},{\"@type\":\"WebPage\",\"@id\":\"https:\\\/\\\/philippeboulanger.com\\\/fr\\\/le-vrai-vol-de-lia\\\/\",\"url\":\"https:\\\/\\\/philippeboulanger.com\\\/fr\\\/le-vrai-vol-de-lia\\\/\",\"name\":\"Le vrai vol de l\u2019IA - Philippe Boulanger\",\"isPartOf\":{\"@id\":\"https:\\\/\\\/philippeboulanger.com\\\/fr\\\/#website\"},\"primaryImageOfPage\":{\"@id\":\"https:\\\/\\\/philippeboulanger.com\\\/fr\\\/le-vrai-vol-de-lia\\\/#primaryimage\"},\"image\":{\"@id\":\"https:\\\/\\\/philippeboulanger.com\\\/fr\\\/le-vrai-vol-de-lia\\\/#primaryimage\"},\"thumbnailUrl\":\"https:\\\/\\\/philippeboulanger.com\\\/wp-content\\\/uploads\\\/2026\\\/03\\\/Snowflake-AI-study-Philippe-Boulanger-scaled.webp?wsr\",\"datePublished\":\"2026-03-19T06:15:00+00:00\",\"description\":\"L\u2019IA ne vole pas d\u2019abord des emplois : elle vole nos certitudes. Analyse des vraies tensions entre peur, comp\u00e9tences, management et cr\u00e9ation de valeur en entreprise.\",\"breadcrumb\":{\"@id\":\"https:\\\/\\\/philippeboulanger.com\\\/fr\\\/le-vrai-vol-de-lia\\\/#breadcrumb\"},\"inLanguage\":\"fr-FR\",\"potentialAction\":[{\"@type\":\"ReadAction\",\"target\":[\"https:\\\/\\\/philippeboulanger.com\\\/fr\\\/le-vrai-vol-de-lia\\\/\"]}]},{\"@type\":\"ImageObject\",\"inLanguage\":\"fr-FR\",\"@id\":\"https:\\\/\\\/philippeboulanger.com\\\/fr\\\/le-vrai-vol-de-lia\\\/#primaryimage\",\"url\":\"https:\\\/\\\/philippeboulanger.com\\\/wp-content\\\/uploads\\\/2026\\\/03\\\/Snowflake-AI-study-Philippe-Boulanger-scaled.webp?wsr\",\"contentUrl\":\"https:\\\/\\\/philippeboulanger.com\\\/wp-content\\\/uploads\\\/2026\\\/03\\\/Snowflake-AI-study-Philippe-Boulanger-scaled.webp?wsr\",\"width\":2560,\"height\":1438},{\"@type\":\"BreadcrumbList\",\"@id\":\"https:\\\/\\\/philippeboulanger.com\\\/fr\\\/le-vrai-vol-de-lia\\\/#breadcrumb\",\"itemListElement\":[{\"@type\":\"ListItem\",\"position\":1,\"name\":\"Home\",\"item\":\"https:\\\/\\\/philippeboulanger.com\\\/fr\\\/\"},{\"@type\":\"ListItem\",\"position\":2,\"name\":\"Le vrai vol de l\u2019IA\"}]},{\"@type\":\"WebSite\",\"@id\":\"https:\\\/\\\/philippeboulanger.com\\\/fr\\\/#website\",\"url\":\"https:\\\/\\\/philippeboulanger.com\\\/fr\\\/\",\"name\":\"Philippe Boulanger\",\"description\":\"Global Keynote Speaker &amp; Advisor\",\"publisher\":{\"@id\":\"https:\\\/\\\/philippeboulanger.com\\\/fr\\\/#organization\"},\"potentialAction\":[{\"@type\":\"SearchAction\",\"target\":{\"@type\":\"EntryPoint\",\"urlTemplate\":\"https:\\\/\\\/philippeboulanger.com\\\/fr\\\/?s={search_term_string}\"},\"query-input\":{\"@type\":\"PropertyValueSpecification\",\"valueRequired\":true,\"valueName\":\"search_term_string\"}}],\"inLanguage\":\"fr-FR\"},{\"@type\":\"Organization\",\"@id\":\"https:\\\/\\\/philippeboulanger.com\\\/fr\\\/#organization\",\"name\":\"Philippe Boulanger - The Innovation Evangelist - Global Keynote Speaker\",\"url\":\"https:\\\/\\\/philippeboulanger.com\\\/fr\\\/\",\"logo\":{\"@type\":\"ImageObject\",\"inLanguage\":\"fr-FR\",\"@id\":\"https:\\\/\\\/philippeboulanger.com\\\/fr\\\/#\\\/schema\\\/logo\\\/image\\\/\",\"url\":\"https:\\\/\\\/philippeboulanger.com\\\/wp-content\\\/uploads\\\/2026\\\/01\\\/cropped-philippe-boulanger-favicon-2026.webp\",\"contentUrl\":\"https:\\\/\\\/philippeboulanger.com\\\/wp-content\\\/uploads\\\/2026\\\/01\\\/cropped-philippe-boulanger-favicon-2026.webp\",\"width\":512,\"height\":512,\"caption\":\"Philippe Boulanger - The Innovation Evangelist - Global Keynote Speaker\"},\"image\":{\"@id\":\"https:\\\/\\\/philippeboulanger.com\\\/fr\\\/#\\\/schema\\\/logo\\\/image\\\/\"},\"sameAs\":[\"https:\\\/\\\/www.facebook.com\\\/philippe.boulanger.official\",\"https:\\\/\\\/x.com\\\/Ph_Boulanger\",\"https:\\\/\\\/www.youtube.com\\\/@PhilippeBoulanger\",\"https:\\\/\\\/www.lespeakers.com\\\/conferencier\\\/philippe-boulanger\",\"https:\\\/\\\/www.adn-conferenciers.com\\\/conferenciers-philippe-boulanger\",\"https:\\\/\\\/www.wechamp-entreprise.co\\\/conferencier\\\/philippe-boulanger\\\/\",\"https:\\\/\\\/hyfen.fr\\\/intervenant\\\/philippe-boulanger\\\/\",\"https:\\\/\\\/okaydoc.fr\\\/philippe-boulanger-conferencier-innovation\\\/\",\"https:\\\/\\\/www.lesconferenciers.com\\\/conferencier\\\/philippe-boulanger\\\/\",\"https:\\\/\\\/simoneetnelson.com\\\/annuaire\\\/conferenciers\\\/philippe-boulanger\\\/\",\"https:\\\/\\\/myspeaker.fr\\\/conferenciers\\\/philippe-boulanger\\\/\",\"https:\\\/\\\/www.premium-communication.fr\\\/conferenciers\\\/ia-et-innovation\\\/boulanger\",\"https:\\\/\\\/www.vivavox.fr\\\/conferencier\\\/233\\\/\",\"https:\\\/\\\/www.a-speakers.fr\\\/conferencier\\\/philippe-boulanger\\\/\",\"https:\\\/\\\/www.espeakers.com\\\/marketplace\\\/profile\\\/41889\\\/philippe-boulanger\",\"https:\\\/\\\/www.dunod.com\\\/livres-philippe-boulanger-2\",\"https:\\\/\\\/www.amazon.fr\\\/stores\\\/Dr-Philippe-Boulanger\\\/author\\\/B0DD4CMFDX\",\"https:\\\/\\\/www.lecampus.online\\\/conferenciers\\\/philippe-boulanger\",\"https:\\\/\\\/www.startnplay.com\\\/personnalite\\\/conferencier\\\/phlippe-boulanger\\\/\"]},{\"@type\":\"Person\",\"@id\":\"https:\\\/\\\/philippeboulanger.com\\\/fr\\\/#\\\/schema\\\/person\\\/6bb370f9c91a64097487f01391ea335f\",\"name\":\"Philippe Boulanger\",\"image\":{\"@type\":\"ImageObject\",\"inLanguage\":\"fr-FR\",\"@id\":\"https:\\\/\\\/secure.gravatar.com\\\/avatar\\\/7e269ce6778aacfb26aa4350739359d938962ebf752aa458b862bfd78ff946c1?s=96&d=mm&r=g\",\"url\":\"https:\\\/\\\/secure.gravatar.com\\\/avatar\\\/7e269ce6778aacfb26aa4350739359d938962ebf752aa458b862bfd78ff946c1?s=96&d=mm&r=g\",\"contentUrl\":\"https:\\\/\\\/secure.gravatar.com\\\/avatar\\\/7e269ce6778aacfb26aa4350739359d938962ebf752aa458b862bfd78ff946c1?s=96&d=mm&r=g\",\"caption\":\"Philippe Boulanger\"},\"url\":\"https:\\\/\\\/philippeboulanger.com\\\/fr\\\/author\\\/boulanger-philgmail-com\\\/\"}]}<\/script>\n<!-- \/ Yoast SEO Premium plugin. -->","yoast_head_json":{"title":"Le vrai vol de l\u2019IA - Philippe Boulanger","description":"L\u2019IA ne vole pas d\u2019abord des emplois : elle vole nos certitudes. Analyse des vraies tensions entre peur, comp\u00e9tences, management et cr\u00e9ation de valeur en entreprise.","robots":{"index":"index","follow":"follow","max-snippet":"max-snippet:-1","max-image-preview":"max-image-preview:large","max-video-preview":"max-video-preview:-1"},"canonical":"https:\/\/philippeboulanger.com\/fr\/le-vrai-vol-de-lia\/","og_locale":"fr_FR","og_type":"article","og_title":"Le vrai vol de l\u2019IA","og_description":"L\u2019IA ne vole pas d\u2019abord des emplois : elle vole nos certitudes. Analyse des vraies tensions entre peur, comp\u00e9tences, management et cr\u00e9ation de valeur en entreprise.","og_url":"https:\/\/philippeboulanger.com\/fr\/le-vrai-vol-de-lia\/","og_site_name":"Philippe Boulanger","article_publisher":"https:\/\/www.facebook.com\/philippe.boulanger.official","article_published_time":"2026-03-19T06:15:00+00:00","og_image":[{"width":2560,"height":1438,"url":"https:\/\/philippeboulanger.com\/wp-content\/uploads\/2026\/03\/Snowflake-AI-study-Philippe-Boulanger-scaled.webp","type":"image\/jpeg"}],"author":"Philippe Boulanger","twitter_card":"summary_large_image","twitter_creator":"@Ph_Boulanger","twitter_site":"@Ph_Boulanger","twitter_misc":{"\u00c9crit par":"Philippe Boulanger","Dur\u00e9e de lecture estim\u00e9e":"7 minutes"},"schema":{"@context":"https:\/\/schema.org","@graph":[{"@type":"Article","@id":"https:\/\/philippeboulanger.com\/fr\/le-vrai-vol-de-lia\/#article","isPartOf":{"@id":"https:\/\/philippeboulanger.com\/fr\/le-vrai-vol-de-lia\/"},"author":{"name":"Philippe Boulanger","@id":"https:\/\/philippeboulanger.com\/fr\/#\/schema\/person\/6bb370f9c91a64097487f01391ea335f"},"headline":"Le vrai vol de l\u2019IA","datePublished":"2026-03-19T06:15:00+00:00","mainEntityOfPage":{"@id":"https:\/\/philippeboulanger.com\/fr\/le-vrai-vol-de-lia\/"},"wordCount":1831,"commentCount":0,"publisher":{"@id":"https:\/\/philippeboulanger.com\/fr\/#organization"},"image":{"@id":"https:\/\/philippeboulanger.com\/fr\/le-vrai-vol-de-lia\/#primaryimage"},"thumbnailUrl":"https:\/\/philippeboulanger.com\/wp-content\/uploads\/2026\/03\/Snowflake-AI-study-Philippe-Boulanger-scaled.webp?wsr","keywords":["adoption de l\u2019IA","comp\u00e9tences","culture d\u2019entreprise","emploi","futur du travail","IA","innovation","intelligence artificielle","leadership","management","productivit\u00e9","reskilling","s\u00e9curit\u00e9 psychologique","transformation","upskilling"],"articleSection":["intelligence innovationnelle\u00ae"],"inLanguage":"fr-FR","potentialAction":[{"@type":"CommentAction","name":"Comment","target":["https:\/\/philippeboulanger.com\/fr\/le-vrai-vol-de-lia\/#respond"]}]},{"@type":"WebPage","@id":"https:\/\/philippeboulanger.com\/fr\/le-vrai-vol-de-lia\/","url":"https:\/\/philippeboulanger.com\/fr\/le-vrai-vol-de-lia\/","name":"Le vrai vol de l\u2019IA - Philippe Boulanger","isPartOf":{"@id":"https:\/\/philippeboulanger.com\/fr\/#website"},"primaryImageOfPage":{"@id":"https:\/\/philippeboulanger.com\/fr\/le-vrai-vol-de-lia\/#primaryimage"},"image":{"@id":"https:\/\/philippeboulanger.com\/fr\/le-vrai-vol-de-lia\/#primaryimage"},"thumbnailUrl":"https:\/\/philippeboulanger.com\/wp-content\/uploads\/2026\/03\/Snowflake-AI-study-Philippe-Boulanger-scaled.webp?wsr","datePublished":"2026-03-19T06:15:00+00:00","description":"L\u2019IA ne vole pas d\u2019abord des emplois : elle vole nos certitudes. Analyse des vraies tensions entre peur, comp\u00e9tences, management et cr\u00e9ation de valeur en entreprise.","breadcrumb":{"@id":"https:\/\/philippeboulanger.com\/fr\/le-vrai-vol-de-lia\/#breadcrumb"},"inLanguage":"fr-FR","potentialAction":[{"@type":"ReadAction","target":["https:\/\/philippeboulanger.com\/fr\/le-vrai-vol-de-lia\/"]}]},{"@type":"ImageObject","inLanguage":"fr-FR","@id":"https:\/\/philippeboulanger.com\/fr\/le-vrai-vol-de-lia\/#primaryimage","url":"https:\/\/philippeboulanger.com\/wp-content\/uploads\/2026\/03\/Snowflake-AI-study-Philippe-Boulanger-scaled.webp?wsr","contentUrl":"https:\/\/philippeboulanger.com\/wp-content\/uploads\/2026\/03\/Snowflake-AI-study-Philippe-Boulanger-scaled.webp?wsr","width":2560,"height":1438},{"@type":"BreadcrumbList","@id":"https:\/\/philippeboulanger.com\/fr\/le-vrai-vol-de-lia\/#breadcrumb","itemListElement":[{"@type":"ListItem","position":1,"name":"Home","item":"https:\/\/philippeboulanger.com\/fr\/"},{"@type":"ListItem","position":2,"name":"Le vrai vol de l\u2019IA"}]},{"@type":"WebSite","@id":"https:\/\/philippeboulanger.com\/fr\/#website","url":"https:\/\/philippeboulanger.com\/fr\/","name":"Philippe Boulanger","description":"Global Keynote Speaker &amp; Advisor","publisher":{"@id":"https:\/\/philippeboulanger.com\/fr\/#organization"},"potentialAction":[{"@type":"SearchAction","target":{"@type":"EntryPoint","urlTemplate":"https:\/\/philippeboulanger.com\/fr\/?s={search_term_string}"},"query-input":{"@type":"PropertyValueSpecification","valueRequired":true,"valueName":"search_term_string"}}],"inLanguage":"fr-FR"},{"@type":"Organization","@id":"https:\/\/philippeboulanger.com\/fr\/#organization","name":"Philippe Boulanger - The Innovation Evangelist - Global Keynote Speaker","url":"https:\/\/philippeboulanger.com\/fr\/","logo":{"@type":"ImageObject","inLanguage":"fr-FR","@id":"https:\/\/philippeboulanger.com\/fr\/#\/schema\/logo\/image\/","url":"https:\/\/philippeboulanger.com\/wp-content\/uploads\/2026\/01\/cropped-philippe-boulanger-favicon-2026.webp","contentUrl":"https:\/\/philippeboulanger.com\/wp-content\/uploads\/2026\/01\/cropped-philippe-boulanger-favicon-2026.webp","width":512,"height":512,"caption":"Philippe Boulanger - The Innovation Evangelist - Global Keynote Speaker"},"image":{"@id":"https:\/\/philippeboulanger.com\/fr\/#\/schema\/logo\/image\/"},"sameAs":["https:\/\/www.facebook.com\/philippe.boulanger.official","https:\/\/x.com\/Ph_Boulanger","https:\/\/www.youtube.com\/@PhilippeBoulanger","https:\/\/www.lespeakers.com\/conferencier\/philippe-boulanger","https:\/\/www.adn-conferenciers.com\/conferenciers-philippe-boulanger","https:\/\/www.wechamp-entreprise.co\/conferencier\/philippe-boulanger\/","https:\/\/hyfen.fr\/intervenant\/philippe-boulanger\/","https:\/\/okaydoc.fr\/philippe-boulanger-conferencier-innovation\/","https:\/\/www.lesconferenciers.com\/conferencier\/philippe-boulanger\/","https:\/\/simoneetnelson.com\/annuaire\/conferenciers\/philippe-boulanger\/","https:\/\/myspeaker.fr\/conferenciers\/philippe-boulanger\/","https:\/\/www.premium-communication.fr\/conferenciers\/ia-et-innovation\/boulanger","https:\/\/www.vivavox.fr\/conferencier\/233\/","https:\/\/www.a-speakers.fr\/conferencier\/philippe-boulanger\/","https:\/\/www.espeakers.com\/marketplace\/profile\/41889\/philippe-boulanger","https:\/\/www.dunod.com\/livres-philippe-boulanger-2","https:\/\/www.amazon.fr\/stores\/Dr-Philippe-Boulanger\/author\/B0DD4CMFDX","https:\/\/www.lecampus.online\/conferenciers\/philippe-boulanger","https:\/\/www.startnplay.com\/personnalite\/conferencier\/phlippe-boulanger\/"]},{"@type":"Person","@id":"https:\/\/philippeboulanger.com\/fr\/#\/schema\/person\/6bb370f9c91a64097487f01391ea335f","name":"Philippe Boulanger","image":{"@type":"ImageObject","inLanguage":"fr-FR","@id":"https:\/\/secure.gravatar.com\/avatar\/7e269ce6778aacfb26aa4350739359d938962ebf752aa458b862bfd78ff946c1?s=96&d=mm&r=g","url":"https:\/\/secure.gravatar.com\/avatar\/7e269ce6778aacfb26aa4350739359d938962ebf752aa458b862bfd78ff946c1?s=96&d=mm&r=g","contentUrl":"https:\/\/secure.gravatar.com\/avatar\/7e269ce6778aacfb26aa4350739359d938962ebf752aa458b862bfd78ff946c1?s=96&d=mm&r=g","caption":"Philippe Boulanger"},"url":"https:\/\/philippeboulanger.com\/fr\/author\/boulanger-philgmail-com\/"}]}},"jetpack_featured_media_url":"https:\/\/philippeboulanger.com\/wp-content\/uploads\/2026\/03\/Snowflake-AI-study-Philippe-Boulanger-scaled.webp?wsr","jetpack_sharing_enabled":true,"_links":{"self":[{"href":"https:\/\/philippeboulanger.com\/fr\/wp-json\/wp\/v2\/posts\/15664","targetHints":{"allow":["GET"]}}],"collection":[{"href":"https:\/\/philippeboulanger.com\/fr\/wp-json\/wp\/v2\/posts"}],"about":[{"href":"https:\/\/philippeboulanger.com\/fr\/wp-json\/wp\/v2\/types\/post"}],"author":[{"embeddable":true,"href":"https:\/\/philippeboulanger.com\/fr\/wp-json\/wp\/v2\/users\/4"}],"replies":[{"embeddable":true,"href":"https:\/\/philippeboulanger.com\/fr\/wp-json\/wp\/v2\/comments?post=15664"}],"version-history":[{"count":1,"href":"https:\/\/philippeboulanger.com\/fr\/wp-json\/wp\/v2\/posts\/15664\/revisions"}],"predecessor-version":[{"id":15666,"href":"https:\/\/philippeboulanger.com\/fr\/wp-json\/wp\/v2\/posts\/15664\/revisions\/15666"}],"wp:featuredmedia":[{"embeddable":true,"href":"https:\/\/philippeboulanger.com\/fr\/wp-json\/wp\/v2\/media\/15665"}],"wp:attachment":[{"href":"https:\/\/philippeboulanger.com\/fr\/wp-json\/wp\/v2\/media?parent=15664"}],"wp:term":[{"taxonomy":"category","embeddable":true,"href":"https:\/\/philippeboulanger.com\/fr\/wp-json\/wp\/v2\/categories?post=15664"},{"taxonomy":"post_tag","embeddable":true,"href":"https:\/\/philippeboulanger.com\/fr\/wp-json\/wp\/v2\/tags?post=15664"}],"curies":[{"name":"wp","href":"https:\/\/api.w.org\/{rel}","templated":true}]}}