{"id":15695,"date":"2026-03-25T07:15:00","date_gmt":"2026-03-25T06:15:00","guid":{"rendered":"https:\/\/philippeboulanger.com\/?p=15695"},"modified":"2026-03-24T10:38:10","modified_gmt":"2026-03-24T09:38:10","slug":"le-ceo-augmente","status":"publish","type":"post","link":"https:\/\/philippeboulanger.com\/fr\/le-ceo-augmente\/","title":{"rendered":"Le CEO augment\u00e9"},"content":{"rendered":"\n<p>Le jour o\u00f9 un CEO travaillera avec un agent IA comme bras droit, beaucoup r\u00e9aliseront que le changement d\u2019\u00e9poque a d\u00e9j\u00e0 eu lieu.<\/p>\n\n\n\n<p>Pendant des ann\u00e9es, l\u2019intelligence artificielle a \u00e9t\u00e9 pr\u00e9sent\u00e9e comme un outil pour les \u00e9quipes. Un copilote pour r\u00e9diger, r\u00e9sumer, automatiser, classer, acc\u00e9l\u00e9rer. Une sorte de couche de productivit\u00e9 d\u00e9pos\u00e9e sur les m\u00e9tiers existants.<\/p>\n\n\n\n<p>Et puis la hi\u00e9rarchie change de niveau.<\/p>\n\n\n\n<p>D\u2019apr\u00e8s le <em>Wall Street Journal<\/em>, Mark Zuckerberg d\u00e9veloppe un agent d\u2019IA destin\u00e9 \u00e0 l\u2019aider directement dans son r\u00f4le de CEO, afin d\u2019obtenir plus vite des r\u00e9ponses qu\u2019il devait auparavant aller chercher \u00e0 travers plusieurs couches de l\u2019organisation. Le m\u00eame article d\u00e9crit aussi un usage croissant chez Meta d\u2019outils internes comme \u201cSecond Brain\u201d, \u201cMy Claw\u201d et d\u2019agents personnels employ\u00e9s pour naviguer dans les documents, les chats et les projets (<a href=\"https:\/\/www.wsj.com\/tech\/ai\/mark-zuckerberg-is-building-an-ai-agent-to-help-him-be-ceo-eddab2d5\">Wall Street Journal<\/a>, <a href=\"https:\/\/www.reuters.com\/business\/world-at-work\/meta-planning-sweeping-layoffs-ai-costs-mount-2026-03-14\/\">Reuters<\/a>).<\/p>\n\n\n\n<h2 class=\"wp-block-heading\" id=\"h-quand-l-ia-monte-dans-l-organigramme\">Quand l\u2019IA monte dans l\u2019organigramme<\/h2>\n\n\n\n<p>Ce mouvement est majeur parce qu\u2019il d\u00e9place l\u2019IA d\u2019une logique d\u2019ex\u00e9cution vers une logique de pilotage.<\/p>\n\n\n\n<p>Jusqu\u2019ici, beaucoup d\u2019organisations pla\u00e7aient l\u2019IA dans la production. Aide au marketing. Aide au support. Aide aux d\u00e9veloppeurs. Aide aux RH. Autrement dit : l\u2019IA servait ceux qui fabriquent, r\u00e9pondent, codent, analysent ou vendent.<\/p>\n\n\n\n<p>Quand le dirigeant lui-m\u00eame commence \u00e0 s\u2019appuyer sur un agent, l\u2019IA quitte le sous-sol op\u00e9rationnel pour entrer dans la salle des machines du pouvoir.<\/p>\n\n\n\n<p>Elle ne sert plus seulement \u00e0 faire plus vite.<\/p>\n\n\n\n<p>Elle sert \u00e0 voir plus vite.<br>\u00c0 arbitrer plus vite.<br>\u00c0 contourner les lenteurs.<br>\u00c0 court-circuiter les filtres.<br>\u00c0 r\u00e9duire la d\u00e9pendance aux strates interm\u00e9diaires.<\/p>\n\n\n\n<p>Et c\u2019est l\u00e0 que beaucoup sous-estiment la port\u00e9e du ph\u00e9nom\u00e8ne.<\/p>\n\n\n\n<h2 class=\"wp-block-heading\" id=\"h-ce-que-ce-signal-dit-vraiment\">Ce que ce signal dit vraiment<\/h2>\n\n\n\n<p>Quand un CEO se dote d\u2019un agent IA personnel, il envoie un message silencieux \u00e0 toute l\u2019organisation : la valeur ne r\u00e9side plus seulement dans le fait de d\u00e9tenir une information, mais dans la capacit\u00e9 \u00e0 l\u2019interpr\u00e9ter, la hi\u00e9rarchiser, la contester et lui donner du sens.<\/p>\n\n\n\n<p>Autrement dit, toutes les couches de l\u2019entreprise qui vivaient partiellement de la circulation, du filtrage ou de la reformulation de l\u2019information voient leur r\u00f4le expos\u00e9 \u00e0 une red\u00e9finition rapide.<\/p>\n\n\n\n<p>Le sujet devient alors imm\u00e9diatement politique.<\/p>\n\n\n\n<p>Car une organisation n\u2019est jamais une simple machine rationnelle. C\u2019est une architecture de pouvoirs, de d\u00e9lais, de validations, de protections de territoire et parfois de r\u00e9tention d\u2019information. Si un agent IA permet au CEO d\u2019aller chercher des r\u00e9ponses directement dans les documents, les logs, les tableaux de bord et les conversations, alors certains interm\u00e9diaires perdent m\u00e9caniquement une partie de leur utilit\u00e9 symbolique.<\/p>\n\n\n\n<p>Et quand l\u2019utilit\u00e9 symbolique vacille, les tensions montent.<\/p>\n\n\n\n<h2 class=\"wp-block-heading\" id=\"h-l-ia-du-dirigeant-n-est-pas-un-gadget\">L\u2019IA du dirigeant n\u2019est pas un gadget<\/h2>\n\n\n\n<p>Chez Meta, ce basculement s\u2019inscrit dans une strat\u00e9gie plus large. L\u2019entreprise a indiqu\u00e9 fin janvier 2026 compter 78 865 salari\u00e9s au 31 d\u00e9cembre 2025 et a annonc\u00e9 des investissements 2026 massifs, avec des d\u00e9penses d\u2019investissement pr\u00e9vues entre 115 et 135 milliards de dollars, largement tir\u00e9es par l\u2019IA et l\u2019infrastructure. Meta affirme aussi poursuivre des investissements significatifs en IA, notamment en infrastructure et en effectifs techniques sp\u00e9cialis\u00e9s (<a href=\"https:\/\/investor.atmeta.com\/investor-news\/press-release-details\/2026\/Meta-Reports-Fourth-Quarter-and-Full-Year-2025-Results\/default.aspx?utm_source=philippeboulanger.com\">Meta Investor Relations<\/a>, <a href=\"https:\/\/www.sec.gov\/Archives\/edgar\/data\/1326801\/000162828026003942\/meta-20251231.htm?utm_source=philippeboulanger.com\">SEC<\/a>, <a href=\"https:\/\/about.fb.com\/news\/2026\/01\/2026-ai-drives-performance\/?utm_source=philippeboulanger.com\">About Meta<\/a>).<\/p>\n\n\n\n<p>Ce contexte est essentiel.<\/p>\n\n\n\n<p>L\u2019agent du CEO n\u2019est pas un gadget de patron curieux.<br>C\u2019est la pointe visible d\u2019une recomposition plus profonde : l\u2019entreprise se r\u00e9organise pour devenir nativement assist\u00e9e, parfois pilot\u00e9e, par des syst\u00e8mes d\u2019IA.<\/p>\n\n\n\n<p>\u00c0 partir de l\u00e0, la question n\u2019est plus : \u201cFaut-il tester l\u2019IA ?\u201d<br>La question devient : \u201cQuel niveau de d\u00e9cision, de coordination et d\u2019arbitrage allons-nous accepter de d\u00e9l\u00e9guer \u00e0 des syst\u00e8mes ?\u201d<\/p>\n\n\n\n<h2 class=\"wp-block-heading\" id=\"h-le-vrai-seisme-la-valeur-de-l-humain-doit-etre-redefinie\">Le vrai s\u00e9isme : la valeur de l\u2019humain doit \u00eatre red\u00e9finie<\/h2>\n\n\n\n<p>Dans mon livre, chapitre 14, j\u2019explique qu\u2019avec l\u2019arriv\u00e9e de l\u2019IA dans une organisation, les collaborateurs se posent imm\u00e9diatement des questions de survie : \u201cQu\u2019est-ce que \u00e7a signifie pour moi ?\u201d, \u201c\u00c0 quel point suis-je devenu obsol\u00e8te ?\u201d, \u201cEst-ce que mon emploi est en danger ?\u201d<\/p>\n\n\n\n<p>Voil\u00e0 pourquoi ce type d\u2019annonce est loin d\u2019\u00eatre anodin.<\/p>\n\n\n\n<p>Quand le CEO s\u2019augmente lui-m\u00eame, l\u2019entreprise enti\u00e8re entre dans une zone de r\u00e9\u00e9valuation. Pas seulement les m\u00e9tiers d\u2019ex\u00e9cution. Les m\u00e9tiers de coordination, de synth\u00e8se, de reporting, de m\u00e9diation, d\u2019animation de projets et parfois m\u00eame de management interm\u00e9diaire.<\/p>\n\n\n\n<p>Si votre valeur reposait surtout sur votre capacit\u00e9 \u00e0 faire remonter de l\u2019information, \u00e0 consolider des notes ou \u00e0 servir de passage oblig\u00e9 entre plusieurs silos, le signal devient inconfortable.<\/p>\n\n\n\n<p>Si votre valeur repose sur le jugement, le discernement, la capacit\u00e9 \u00e0 arbitrer dans l\u2019incertitude, \u00e0 cr\u00e9er de la confiance, \u00e0 lire les signaux faibles humains, \u00e0 donner du courage ou \u00e0 assumer une responsabilit\u00e9 difficile, alors votre r\u00f4le devient plus strat\u00e9gique, pas moins.<\/p>\n\n\n\n<h2 class=\"wp-block-heading\" id=\"h-court-circuiter-n-est-pas-forcement-mieux-gouverner\">Court-circuiter n\u2019est pas forc\u00e9ment mieux gouverner<\/h2>\n\n\n\n<p>Il y a cependant un pi\u00e8ge.<\/p>\n\n\n\n<p>Aller plus vite n\u2019\u00e9quivaut pas automatiquement \u00e0 mieux d\u00e9cider.<\/p>\n\n\n\n<p>Une IA peut r\u00e9duire la friction informationnelle. Elle peut agr\u00e9ger, retrouver, comparer, synth\u00e9tiser. Elle peut faire gagner un temps immense \u00e0 un dirigeant noy\u00e9 sous les couches, les r\u00e9unions et les validations.<\/p>\n\n\n\n<p>Mais elle peut aussi cr\u00e9er une illusion de ma\u00eetrise.<\/p>\n\n\n\n<p>Un CEO qui obtient plus vite des r\u00e9ponses peut croire qu\u2019il comprend mieux son organisation, alors qu\u2019il comprend surtout mieux ce que les donn\u00e9es savent d\u00e9j\u00e0 montrer. Or une entreprise ne se r\u00e9sume jamais \u00e0 ses documents, \u00e0 ses dashboards ou \u00e0 ses chats internes.<\/p>\n\n\n\n<p>Les tensions r\u00e9elles, les peurs tues, les r\u00e9sistances passives, la d\u00e9motivation, les jeux d\u2019ego, les conflits larv\u00e9s, les non-dits politiques ne remontent pas toujours proprement dans un syst\u00e8me.<\/p>\n\n\n\n<p>Le danger n\u2019est donc pas seulement technique.<\/p>\n\n\n\n<p>Le danger, c\u2019est qu\u2019un dirigeant prenne la vitesse d\u2019acc\u00e8s \u00e0 l\u2019information pour une profondeur de compr\u00e9hension.<\/p>\n\n\n\n<h2 class=\"wp-block-heading\" id=\"h-ce-qui-doit-rester-profondement-humain\">Ce qui doit rester profond\u00e9ment humain<\/h2>\n\n\n\n<p>Les entreprises qui s\u2019en sortiront le mieux ne seront pas celles qui injectent de l\u2019IA partout avec enthousiasme.<\/p>\n\n\n\n<p>Ce seront celles qui feront trois choses tr\u00e8s clairement.<\/p>\n\n\n\n<p>D\u2019abord, red\u00e9finir les r\u00f4les avant que la panique ne parle \u00e0 la place de la strat\u00e9gie. Si personne ne sait ce qui change, chacun inventera sa propre version du danger.<\/p>\n\n\n\n<p>Ensuite, expliciter ce qui reste humain par choix, pas par inertie. La responsabilit\u00e9 finale, le courage face \u00e0 l\u2019ambigu\u00eft\u00e9, l\u2019\u00e9thique dans l\u2019arbitrage, la gestion des conflits, la construction de la confiance, la lecture des signaux \u00e9motionnels faibles, tout cela m\u00e9rite d\u2019\u00eatre nomm\u00e9.<\/p>\n\n\n\n<p>Enfin, former les dirigeants eux-m\u00eames \u00e0 la lecture politique et humaine de l\u2019IA. Un comit\u00e9 de direction augment\u00e9 sans maturit\u00e9 organisationnelle peut aller tr\u00e8s vite dans la mauvaise direction.<\/p>\n\n\n\n<h2 class=\"wp-block-heading\" id=\"h-nous-ne-parlons-plus-d-outils-nous-parlons-de-gouvernance\">Nous ne parlons plus d\u2019outils. Nous parlons de gouvernance.<\/h2>\n\n\n\n<p>Le moment est fascinant parce qu\u2019il r\u00e9v\u00e8le la nature r\u00e9elle de l\u2019IA en entreprise.<\/p>\n\n\n\n<p>Au d\u00e9but, elle entre souvent par la commodit\u00e9.<br>Ensuite, elle s\u2019installe par la productivit\u00e9.<br>Puis elle remonte vers la d\u00e9cision.<br>Et lorsqu\u2019elle arrive au niveau du CEO, elle cesse d\u2019\u00eatre un simple sujet d\u2019outillage.<\/p>\n\n\n\n<p>Elle devient un sujet de gouvernance.<\/p>\n\n\n\n<p>\u00c0 cet instant, beaucoup d\u00e9couvrent que la question centrale n\u2019a jamais \u00e9t\u00e9 la performance brute de la machine.<\/p>\n\n\n\n<p>La question centrale est la suivante : qu\u2019allons-nous consid\u00e9rer comme une contribution humaine irrempla\u00e7able quand les dirigeants eux-m\u00eames commenceront \u00e0 s\u2019augmenter avec des agents ?<\/p>\n\n\n\n<p>C\u2019est l\u00e0 que se joue la prochaine fronti\u00e8re.<\/p>\n\n\n\n<h2 class=\"wp-block-heading\" id=\"h-references\">R\u00e9f\u00e9rences<\/h2>\n\n\n\n<ul class=\"wp-block-list\">\n<li>(<a href=\"https:\/\/www.wsj.com\/tech\/ai\/mark-zuckerberg-is-building-an-ai-agent-to-help-him-be-ceo-eddab2d5?utm_source=philippeboulanger.com\">Wall Street Journal<\/a>)<\/li>\n\n\n\n<li>(<a href=\"https:\/\/www.reuters.com\/business\/world-at-work\/meta-planning-sweeping-layoffs-ai-costs-mount-2026-03-14\/?utm_source=philippeboulanger.com\">Reuters<\/a>)<\/li>\n\n\n\n<li>(<a href=\"https:\/\/investor.atmeta.com\/investor-news\/press-release-details\/2026\/Meta-Reports-Fourth-Quarter-and-Full-Year-2025-Results\/default.aspx?utm_source=philippeboulanger.com\">Meta Investor Relations<\/a>)<\/li>\n\n\n\n<li>(<a href=\"https:\/\/www.sec.gov\/Archives\/edgar\/data\/1326801\/000162828026003942\/meta-20251231.htm?utm_source=philippeboulanger.com\">SEC<\/a>)<\/li>\n\n\n\n<li>(<a href=\"https:\/\/about.fb.com\/news\/2026\/01\/2026-ai-drives-performance\/?utm_source=philippeboulanger.com\">About Meta<\/a>)<\/li>\n<\/ul>\n","protected":false},"excerpt":{"rendered":"<p>Le jour o\u00f9 un CEO travaillera avec un agent IA comme bras droit, beaucoup r\u00e9aliseront que le changement d\u2019\u00e9poque a d\u00e9j\u00e0 eu lieu. Pendant des ann\u00e9es, l\u2019intelligence artificielle a \u00e9t\u00e9 pr\u00e9sent\u00e9e comme un outil pour les \u00e9quipes. Un copilote pour r\u00e9diger, r\u00e9sumer, automatiser, classer, acc\u00e9l\u00e9rer. Une sorte de couche de productivit\u00e9 d\u00e9pos\u00e9e sur les m\u00e9tiers [&hellip;]<\/p>\n","protected":false},"author":4,"featured_media":15696,"comment_status":"open","ping_status":"open","sticky":false,"template":"","format":"standard","meta":{"_acf_changed":false,"_jetpack_memberships_contains_paid_content":false,"footnotes":""},"categories":[50],"tags":[663,664,437,202,69,125,115,325,667,666,658,668,665],"class_list":["post-15695","post","type-post","status-publish","format-standard","has-post-thumbnail","hentry","category-intelligence-innovationnelle","tag-agent-ia","tag-ceo-augmente","tag-comite-de-direction","tag-gouvernance","tag-innovation","tag-intelligence-artificielle","tag-leadership","tag-management","tag-mark-zuckerberg","tag-meta","tag-pouvoir","tag-strategie-ia","tag-transformation-des-organisations"],"acf":[],"yoast_head":"<!-- This site is optimized with the Yoast SEO Premium plugin v27.5 (Yoast SEO v27.5) - https:\/\/yoast.com\/product\/yoast-seo-premium-wordpress\/ -->\n<title>Le CEO augment\u00e9 - Philippe Boulanger<\/title>\n<meta name=\"description\" content=\"Un agent IA comme bras droit d\u2019un CEO change bien plus que la productivit\u00e9 : il transforme le pouvoir, la gouvernance et la place de l\u2019humain dans l\u2019entreprise.\" \/>\n<meta name=\"robots\" content=\"index, follow, max-snippet:-1, max-image-preview:large, max-video-preview:-1\" \/>\n<link rel=\"canonical\" href=\"https:\/\/philippeboulanger.com\/fr\/le-ceo-augmente\/\" \/>\n<meta property=\"og:locale\" content=\"fr_FR\" \/>\n<meta property=\"og:type\" content=\"article\" \/>\n<meta property=\"og:title\" content=\"Le CEO augment\u00e9\" \/>\n<meta property=\"og:description\" content=\"Un agent IA comme bras droit d\u2019un CEO change bien plus que la productivit\u00e9 : il transforme le pouvoir, la gouvernance et la place de l\u2019humain dans l\u2019entreprise.\" \/>\n<meta property=\"og:url\" content=\"https:\/\/philippeboulanger.com\/fr\/le-ceo-augmente\/\" \/>\n<meta property=\"og:site_name\" content=\"Philippe Boulanger\" \/>\n<meta property=\"article:publisher\" content=\"https:\/\/www.facebook.com\/philippe.boulanger.official\" \/>\n<meta property=\"article:published_time\" content=\"2026-03-25T06:15:00+00:00\" \/>\n<meta property=\"og:image\" content=\"https:\/\/philippeboulanger.com\/wp-content\/uploads\/2026\/03\/Mark-Zuckerberg-CEO-Agent-Philippe-Boulanger-scaled.webp\" \/>\n\t<meta property=\"og:image:width\" content=\"2560\" \/>\n\t<meta property=\"og:image:height\" content=\"1429\" \/>\n\t<meta property=\"og:image:type\" content=\"image\/jpeg\" \/>\n<meta name=\"author\" content=\"Philippe Boulanger\" \/>\n<meta name=\"twitter:card\" content=\"summary_large_image\" \/>\n<meta name=\"twitter:creator\" content=\"@Ph_Boulanger\" \/>\n<meta name=\"twitter:site\" content=\"@Ph_Boulanger\" \/>\n<meta name=\"twitter:label1\" content=\"\u00c9crit par\" \/>\n\t<meta name=\"twitter:data1\" content=\"Philippe Boulanger\" \/>\n\t<meta name=\"twitter:label2\" content=\"Dur\u00e9e de lecture estim\u00e9e\" \/>\n\t<meta name=\"twitter:data2\" content=\"6 minutes\" \/>\n<script type=\"application\/ld+json\" class=\"yoast-schema-graph\">{\"@context\":\"https:\\\/\\\/schema.org\",\"@graph\":[{\"@type\":\"Article\",\"@id\":\"https:\\\/\\\/philippeboulanger.com\\\/fr\\\/le-ceo-augmente\\\/#article\",\"isPartOf\":{\"@id\":\"https:\\\/\\\/philippeboulanger.com\\\/fr\\\/le-ceo-augmente\\\/\"},\"author\":{\"name\":\"Philippe Boulanger\",\"@id\":\"https:\\\/\\\/philippeboulanger.com\\\/fr\\\/#\\\/schema\\\/person\\\/6bb370f9c91a64097487f01391ea335f\"},\"headline\":\"Le CEO augment\u00e9\",\"datePublished\":\"2026-03-25T06:15:00+00:00\",\"mainEntityOfPage\":{\"@id\":\"https:\\\/\\\/philippeboulanger.com\\\/fr\\\/le-ceo-augmente\\\/\"},\"wordCount\":1313,\"commentCount\":0,\"publisher\":{\"@id\":\"https:\\\/\\\/philippeboulanger.com\\\/fr\\\/#organization\"},\"image\":{\"@id\":\"https:\\\/\\\/philippeboulanger.com\\\/fr\\\/le-ceo-augmente\\\/#primaryimage\"},\"thumbnailUrl\":\"https:\\\/\\\/philippeboulanger.com\\\/wp-content\\\/uploads\\\/2026\\\/03\\\/Mark-Zuckerberg-CEO-Agent-Philippe-Boulanger-scaled.webp?wsr\",\"keywords\":[\"agent IA\",\"CEO augment\u00e9\",\"comit\u00e9 de direction\",\"gouvernance\",\"innovation\",\"intelligence artificielle\",\"leadership\",\"management\",\"Mark Zuckerberg\",\"Meta\",\"pouvoir\",\"strat\u00e9gie IA\",\"transformation des organisations\"],\"articleSection\":[\"intelligence innovationnelle\u00ae\"],\"inLanguage\":\"fr-FR\",\"potentialAction\":[{\"@type\":\"CommentAction\",\"name\":\"Comment\",\"target\":[\"https:\\\/\\\/philippeboulanger.com\\\/fr\\\/le-ceo-augmente\\\/#respond\"]}]},{\"@type\":\"WebPage\",\"@id\":\"https:\\\/\\\/philippeboulanger.com\\\/fr\\\/le-ceo-augmente\\\/\",\"url\":\"https:\\\/\\\/philippeboulanger.com\\\/fr\\\/le-ceo-augmente\\\/\",\"name\":\"Le CEO augment\u00e9 - Philippe Boulanger\",\"isPartOf\":{\"@id\":\"https:\\\/\\\/philippeboulanger.com\\\/fr\\\/#website\"},\"primaryImageOfPage\":{\"@id\":\"https:\\\/\\\/philippeboulanger.com\\\/fr\\\/le-ceo-augmente\\\/#primaryimage\"},\"image\":{\"@id\":\"https:\\\/\\\/philippeboulanger.com\\\/fr\\\/le-ceo-augmente\\\/#primaryimage\"},\"thumbnailUrl\":\"https:\\\/\\\/philippeboulanger.com\\\/wp-content\\\/uploads\\\/2026\\\/03\\\/Mark-Zuckerberg-CEO-Agent-Philippe-Boulanger-scaled.webp?wsr\",\"datePublished\":\"2026-03-25T06:15:00+00:00\",\"description\":\"Un agent IA comme bras droit d\u2019un CEO change bien plus que la productivit\u00e9 : il transforme le pouvoir, la gouvernance et la place de l\u2019humain dans l\u2019entreprise.\",\"breadcrumb\":{\"@id\":\"https:\\\/\\\/philippeboulanger.com\\\/fr\\\/le-ceo-augmente\\\/#breadcrumb\"},\"inLanguage\":\"fr-FR\",\"potentialAction\":[{\"@type\":\"ReadAction\",\"target\":[\"https:\\\/\\\/philippeboulanger.com\\\/fr\\\/le-ceo-augmente\\\/\"]}]},{\"@type\":\"ImageObject\",\"inLanguage\":\"fr-FR\",\"@id\":\"https:\\\/\\\/philippeboulanger.com\\\/fr\\\/le-ceo-augmente\\\/#primaryimage\",\"url\":\"https:\\\/\\\/philippeboulanger.com\\\/wp-content\\\/uploads\\\/2026\\\/03\\\/Mark-Zuckerberg-CEO-Agent-Philippe-Boulanger-scaled.webp?wsr\",\"contentUrl\":\"https:\\\/\\\/philippeboulanger.com\\\/wp-content\\\/uploads\\\/2026\\\/03\\\/Mark-Zuckerberg-CEO-Agent-Philippe-Boulanger-scaled.webp?wsr\",\"width\":2560,\"height\":1429},{\"@type\":\"BreadcrumbList\",\"@id\":\"https:\\\/\\\/philippeboulanger.com\\\/fr\\\/le-ceo-augmente\\\/#breadcrumb\",\"itemListElement\":[{\"@type\":\"ListItem\",\"position\":1,\"name\":\"Home\",\"item\":\"https:\\\/\\\/philippeboulanger.com\\\/fr\\\/\"},{\"@type\":\"ListItem\",\"position\":2,\"name\":\"Le CEO augment\u00e9\"}]},{\"@type\":\"WebSite\",\"@id\":\"https:\\\/\\\/philippeboulanger.com\\\/fr\\\/#website\",\"url\":\"https:\\\/\\\/philippeboulanger.com\\\/fr\\\/\",\"name\":\"Philippe Boulanger\",\"description\":\"Global Keynote Speaker &amp; Advisor\",\"publisher\":{\"@id\":\"https:\\\/\\\/philippeboulanger.com\\\/fr\\\/#organization\"},\"potentialAction\":[{\"@type\":\"SearchAction\",\"target\":{\"@type\":\"EntryPoint\",\"urlTemplate\":\"https:\\\/\\\/philippeboulanger.com\\\/fr\\\/?s={search_term_string}\"},\"query-input\":{\"@type\":\"PropertyValueSpecification\",\"valueRequired\":true,\"valueName\":\"search_term_string\"}}],\"inLanguage\":\"fr-FR\"},{\"@type\":\"Organization\",\"@id\":\"https:\\\/\\\/philippeboulanger.com\\\/fr\\\/#organization\",\"name\":\"Philippe Boulanger - The Innovation Evangelist - Global Keynote Speaker\",\"url\":\"https:\\\/\\\/philippeboulanger.com\\\/fr\\\/\",\"logo\":{\"@type\":\"ImageObject\",\"inLanguage\":\"fr-FR\",\"@id\":\"https:\\\/\\\/philippeboulanger.com\\\/fr\\\/#\\\/schema\\\/logo\\\/image\\\/\",\"url\":\"https:\\\/\\\/philippeboulanger.com\\\/wp-content\\\/uploads\\\/2026\\\/01\\\/cropped-philippe-boulanger-favicon-2026.webp\",\"contentUrl\":\"https:\\\/\\\/philippeboulanger.com\\\/wp-content\\\/uploads\\\/2026\\\/01\\\/cropped-philippe-boulanger-favicon-2026.webp\",\"width\":512,\"height\":512,\"caption\":\"Philippe Boulanger - The Innovation Evangelist - Global Keynote Speaker\"},\"image\":{\"@id\":\"https:\\\/\\\/philippeboulanger.com\\\/fr\\\/#\\\/schema\\\/logo\\\/image\\\/\"},\"sameAs\":[\"https:\\\/\\\/www.facebook.com\\\/philippe.boulanger.official\",\"https:\\\/\\\/x.com\\\/Ph_Boulanger\",\"https:\\\/\\\/www.youtube.com\\\/@PhilippeBoulanger\",\"https:\\\/\\\/www.lespeakers.com\\\/conferencier\\\/philippe-boulanger\",\"https:\\\/\\\/www.adn-conferenciers.com\\\/conferenciers-philippe-boulanger\",\"https:\\\/\\\/www.wechamp-entreprise.co\\\/conferencier\\\/philippe-boulanger\\\/\",\"https:\\\/\\\/hyfen.fr\\\/intervenant\\\/philippe-boulanger\\\/\",\"https:\\\/\\\/okaydoc.fr\\\/philippe-boulanger-conferencier-innovation\\\/\",\"https:\\\/\\\/www.lesconferenciers.com\\\/conferencier\\\/philippe-boulanger\\\/\",\"https:\\\/\\\/simoneetnelson.com\\\/annuaire\\\/conferenciers\\\/philippe-boulanger\\\/\",\"https:\\\/\\\/myspeaker.fr\\\/conferenciers\\\/philippe-boulanger\\\/\",\"https:\\\/\\\/www.premium-communication.fr\\\/conferenciers\\\/ia-et-innovation\\\/boulanger\",\"https:\\\/\\\/www.vivavox.fr\\\/conferencier\\\/233\\\/\",\"https:\\\/\\\/www.a-speakers.fr\\\/conferencier\\\/philippe-boulanger\\\/\",\"https:\\\/\\\/www.espeakers.com\\\/marketplace\\\/profile\\\/41889\\\/philippe-boulanger\",\"https:\\\/\\\/www.dunod.com\\\/livres-philippe-boulanger-2\",\"https:\\\/\\\/www.amazon.fr\\\/stores\\\/Dr-Philippe-Boulanger\\\/author\\\/B0DD4CMFDX\",\"https:\\\/\\\/www.lecampus.online\\\/conferenciers\\\/philippe-boulanger\",\"https:\\\/\\\/www.startnplay.com\\\/personnalite\\\/conferencier\\\/phlippe-boulanger\\\/\"]},{\"@type\":\"Person\",\"@id\":\"https:\\\/\\\/philippeboulanger.com\\\/fr\\\/#\\\/schema\\\/person\\\/6bb370f9c91a64097487f01391ea335f\",\"name\":\"Philippe Boulanger\",\"image\":{\"@type\":\"ImageObject\",\"inLanguage\":\"fr-FR\",\"@id\":\"https:\\\/\\\/secure.gravatar.com\\\/avatar\\\/7e269ce6778aacfb26aa4350739359d938962ebf752aa458b862bfd78ff946c1?s=96&d=mm&r=g\",\"url\":\"https:\\\/\\\/secure.gravatar.com\\\/avatar\\\/7e269ce6778aacfb26aa4350739359d938962ebf752aa458b862bfd78ff946c1?s=96&d=mm&r=g\",\"contentUrl\":\"https:\\\/\\\/secure.gravatar.com\\\/avatar\\\/7e269ce6778aacfb26aa4350739359d938962ebf752aa458b862bfd78ff946c1?s=96&d=mm&r=g\",\"caption\":\"Philippe Boulanger\"},\"url\":\"https:\\\/\\\/philippeboulanger.com\\\/fr\\\/author\\\/boulanger-philgmail-com\\\/\"}]}<\/script>\n<!-- \/ Yoast SEO Premium plugin. -->","yoast_head_json":{"title":"Le CEO augment\u00e9 - Philippe Boulanger","description":"Un agent IA comme bras droit d\u2019un CEO change bien plus que la productivit\u00e9 : il transforme le pouvoir, la gouvernance et la place de l\u2019humain dans l\u2019entreprise.","robots":{"index":"index","follow":"follow","max-snippet":"max-snippet:-1","max-image-preview":"max-image-preview:large","max-video-preview":"max-video-preview:-1"},"canonical":"https:\/\/philippeboulanger.com\/fr\/le-ceo-augmente\/","og_locale":"fr_FR","og_type":"article","og_title":"Le CEO augment\u00e9","og_description":"Un agent IA comme bras droit d\u2019un CEO change bien plus que la productivit\u00e9 : il transforme le pouvoir, la gouvernance et la place de l\u2019humain dans l\u2019entreprise.","og_url":"https:\/\/philippeboulanger.com\/fr\/le-ceo-augmente\/","og_site_name":"Philippe Boulanger","article_publisher":"https:\/\/www.facebook.com\/philippe.boulanger.official","article_published_time":"2026-03-25T06:15:00+00:00","og_image":[{"width":2560,"height":1429,"url":"https:\/\/philippeboulanger.com\/wp-content\/uploads\/2026\/03\/Mark-Zuckerberg-CEO-Agent-Philippe-Boulanger-scaled.webp","type":"image\/jpeg"}],"author":"Philippe Boulanger","twitter_card":"summary_large_image","twitter_creator":"@Ph_Boulanger","twitter_site":"@Ph_Boulanger","twitter_misc":{"\u00c9crit par":"Philippe Boulanger","Dur\u00e9e de lecture estim\u00e9e":"6 minutes"},"schema":{"@context":"https:\/\/schema.org","@graph":[{"@type":"Article","@id":"https:\/\/philippeboulanger.com\/fr\/le-ceo-augmente\/#article","isPartOf":{"@id":"https:\/\/philippeboulanger.com\/fr\/le-ceo-augmente\/"},"author":{"name":"Philippe Boulanger","@id":"https:\/\/philippeboulanger.com\/fr\/#\/schema\/person\/6bb370f9c91a64097487f01391ea335f"},"headline":"Le CEO augment\u00e9","datePublished":"2026-03-25T06:15:00+00:00","mainEntityOfPage":{"@id":"https:\/\/philippeboulanger.com\/fr\/le-ceo-augmente\/"},"wordCount":1313,"commentCount":0,"publisher":{"@id":"https:\/\/philippeboulanger.com\/fr\/#organization"},"image":{"@id":"https:\/\/philippeboulanger.com\/fr\/le-ceo-augmente\/#primaryimage"},"thumbnailUrl":"https:\/\/philippeboulanger.com\/wp-content\/uploads\/2026\/03\/Mark-Zuckerberg-CEO-Agent-Philippe-Boulanger-scaled.webp?wsr","keywords":["agent IA","CEO augment\u00e9","comit\u00e9 de direction","gouvernance","innovation","intelligence artificielle","leadership","management","Mark Zuckerberg","Meta","pouvoir","strat\u00e9gie IA","transformation des organisations"],"articleSection":["intelligence innovationnelle\u00ae"],"inLanguage":"fr-FR","potentialAction":[{"@type":"CommentAction","name":"Comment","target":["https:\/\/philippeboulanger.com\/fr\/le-ceo-augmente\/#respond"]}]},{"@type":"WebPage","@id":"https:\/\/philippeboulanger.com\/fr\/le-ceo-augmente\/","url":"https:\/\/philippeboulanger.com\/fr\/le-ceo-augmente\/","name":"Le CEO augment\u00e9 - Philippe Boulanger","isPartOf":{"@id":"https:\/\/philippeboulanger.com\/fr\/#website"},"primaryImageOfPage":{"@id":"https:\/\/philippeboulanger.com\/fr\/le-ceo-augmente\/#primaryimage"},"image":{"@id":"https:\/\/philippeboulanger.com\/fr\/le-ceo-augmente\/#primaryimage"},"thumbnailUrl":"https:\/\/philippeboulanger.com\/wp-content\/uploads\/2026\/03\/Mark-Zuckerberg-CEO-Agent-Philippe-Boulanger-scaled.webp?wsr","datePublished":"2026-03-25T06:15:00+00:00","description":"Un agent IA comme bras droit d\u2019un CEO change bien plus que la productivit\u00e9 : il transforme le pouvoir, la gouvernance et la place de l\u2019humain dans l\u2019entreprise.","breadcrumb":{"@id":"https:\/\/philippeboulanger.com\/fr\/le-ceo-augmente\/#breadcrumb"},"inLanguage":"fr-FR","potentialAction":[{"@type":"ReadAction","target":["https:\/\/philippeboulanger.com\/fr\/le-ceo-augmente\/"]}]},{"@type":"ImageObject","inLanguage":"fr-FR","@id":"https:\/\/philippeboulanger.com\/fr\/le-ceo-augmente\/#primaryimage","url":"https:\/\/philippeboulanger.com\/wp-content\/uploads\/2026\/03\/Mark-Zuckerberg-CEO-Agent-Philippe-Boulanger-scaled.webp?wsr","contentUrl":"https:\/\/philippeboulanger.com\/wp-content\/uploads\/2026\/03\/Mark-Zuckerberg-CEO-Agent-Philippe-Boulanger-scaled.webp?wsr","width":2560,"height":1429},{"@type":"BreadcrumbList","@id":"https:\/\/philippeboulanger.com\/fr\/le-ceo-augmente\/#breadcrumb","itemListElement":[{"@type":"ListItem","position":1,"name":"Home","item":"https:\/\/philippeboulanger.com\/fr\/"},{"@type":"ListItem","position":2,"name":"Le CEO augment\u00e9"}]},{"@type":"WebSite","@id":"https:\/\/philippeboulanger.com\/fr\/#website","url":"https:\/\/philippeboulanger.com\/fr\/","name":"Philippe Boulanger","description":"Global Keynote Speaker &amp; Advisor","publisher":{"@id":"https:\/\/philippeboulanger.com\/fr\/#organization"},"potentialAction":[{"@type":"SearchAction","target":{"@type":"EntryPoint","urlTemplate":"https:\/\/philippeboulanger.com\/fr\/?s={search_term_string}"},"query-input":{"@type":"PropertyValueSpecification","valueRequired":true,"valueName":"search_term_string"}}],"inLanguage":"fr-FR"},{"@type":"Organization","@id":"https:\/\/philippeboulanger.com\/fr\/#organization","name":"Philippe Boulanger - The Innovation Evangelist - Global Keynote Speaker","url":"https:\/\/philippeboulanger.com\/fr\/","logo":{"@type":"ImageObject","inLanguage":"fr-FR","@id":"https:\/\/philippeboulanger.com\/fr\/#\/schema\/logo\/image\/","url":"https:\/\/philippeboulanger.com\/wp-content\/uploads\/2026\/01\/cropped-philippe-boulanger-favicon-2026.webp","contentUrl":"https:\/\/philippeboulanger.com\/wp-content\/uploads\/2026\/01\/cropped-philippe-boulanger-favicon-2026.webp","width":512,"height":512,"caption":"Philippe Boulanger - The Innovation Evangelist - Global Keynote Speaker"},"image":{"@id":"https:\/\/philippeboulanger.com\/fr\/#\/schema\/logo\/image\/"},"sameAs":["https:\/\/www.facebook.com\/philippe.boulanger.official","https:\/\/x.com\/Ph_Boulanger","https:\/\/www.youtube.com\/@PhilippeBoulanger","https:\/\/www.lespeakers.com\/conferencier\/philippe-boulanger","https:\/\/www.adn-conferenciers.com\/conferenciers-philippe-boulanger","https:\/\/www.wechamp-entreprise.co\/conferencier\/philippe-boulanger\/","https:\/\/hyfen.fr\/intervenant\/philippe-boulanger\/","https:\/\/okaydoc.fr\/philippe-boulanger-conferencier-innovation\/","https:\/\/www.lesconferenciers.com\/conferencier\/philippe-boulanger\/","https:\/\/simoneetnelson.com\/annuaire\/conferenciers\/philippe-boulanger\/","https:\/\/myspeaker.fr\/conferenciers\/philippe-boulanger\/","https:\/\/www.premium-communication.fr\/conferenciers\/ia-et-innovation\/boulanger","https:\/\/www.vivavox.fr\/conferencier\/233\/","https:\/\/www.a-speakers.fr\/conferencier\/philippe-boulanger\/","https:\/\/www.espeakers.com\/marketplace\/profile\/41889\/philippe-boulanger","https:\/\/www.dunod.com\/livres-philippe-boulanger-2","https:\/\/www.amazon.fr\/stores\/Dr-Philippe-Boulanger\/author\/B0DD4CMFDX","https:\/\/www.lecampus.online\/conferenciers\/philippe-boulanger","https:\/\/www.startnplay.com\/personnalite\/conferencier\/phlippe-boulanger\/"]},{"@type":"Person","@id":"https:\/\/philippeboulanger.com\/fr\/#\/schema\/person\/6bb370f9c91a64097487f01391ea335f","name":"Philippe Boulanger","image":{"@type":"ImageObject","inLanguage":"fr-FR","@id":"https:\/\/secure.gravatar.com\/avatar\/7e269ce6778aacfb26aa4350739359d938962ebf752aa458b862bfd78ff946c1?s=96&d=mm&r=g","url":"https:\/\/secure.gravatar.com\/avatar\/7e269ce6778aacfb26aa4350739359d938962ebf752aa458b862bfd78ff946c1?s=96&d=mm&r=g","contentUrl":"https:\/\/secure.gravatar.com\/avatar\/7e269ce6778aacfb26aa4350739359d938962ebf752aa458b862bfd78ff946c1?s=96&d=mm&r=g","caption":"Philippe Boulanger"},"url":"https:\/\/philippeboulanger.com\/fr\/author\/boulanger-philgmail-com\/"}]}},"jetpack_featured_media_url":"https:\/\/philippeboulanger.com\/wp-content\/uploads\/2026\/03\/Mark-Zuckerberg-CEO-Agent-Philippe-Boulanger-scaled.webp?wsr","jetpack_sharing_enabled":true,"_links":{"self":[{"href":"https:\/\/philippeboulanger.com\/fr\/wp-json\/wp\/v2\/posts\/15695","targetHints":{"allow":["GET"]}}],"collection":[{"href":"https:\/\/philippeboulanger.com\/fr\/wp-json\/wp\/v2\/posts"}],"about":[{"href":"https:\/\/philippeboulanger.com\/fr\/wp-json\/wp\/v2\/types\/post"}],"author":[{"embeddable":true,"href":"https:\/\/philippeboulanger.com\/fr\/wp-json\/wp\/v2\/users\/4"}],"replies":[{"embeddable":true,"href":"https:\/\/philippeboulanger.com\/fr\/wp-json\/wp\/v2\/comments?post=15695"}],"version-history":[{"count":1,"href":"https:\/\/philippeboulanger.com\/fr\/wp-json\/wp\/v2\/posts\/15695\/revisions"}],"predecessor-version":[{"id":15697,"href":"https:\/\/philippeboulanger.com\/fr\/wp-json\/wp\/v2\/posts\/15695\/revisions\/15697"}],"wp:featuredmedia":[{"embeddable":true,"href":"https:\/\/philippeboulanger.com\/fr\/wp-json\/wp\/v2\/media\/15696"}],"wp:attachment":[{"href":"https:\/\/philippeboulanger.com\/fr\/wp-json\/wp\/v2\/media?parent=15695"}],"wp:term":[{"taxonomy":"category","embeddable":true,"href":"https:\/\/philippeboulanger.com\/fr\/wp-json\/wp\/v2\/categories?post=15695"},{"taxonomy":"post_tag","embeddable":true,"href":"https:\/\/philippeboulanger.com\/fr\/wp-json\/wp\/v2\/tags?post=15695"}],"curies":[{"name":"wp","href":"https:\/\/api.w.org\/{rel}","templated":true}]}}