{"id":15702,"date":"2026-03-25T09:44:07","date_gmt":"2026-03-25T08:44:07","guid":{"rendered":"https:\/\/philippeboulanger.com\/?p=15702"},"modified":"2026-03-25T09:44:09","modified_gmt":"2026-03-25T08:44:09","slug":"breveter-nest-pas-innover","status":"publish","type":"post","link":"https:\/\/philippeboulanger.com\/fr\/breveter-nest-pas-innover\/","title":{"rendered":"Breveter n\u2019est pas innover"},"content":{"rendered":"\n<h2 class=\"wp-block-heading\" id=\"h-la-confusion-qui-coute-cher\">La confusion qui co\u00fbte cher<\/h2>\n\n\n\n<p>J\u2019ai rarement \u00e9t\u00e9 aussi d\u00e9\u00e7u en regardant un m\u00e9dia \u00e9conomique.<\/p>\n\n\n\n<p>Sur BFMTV, dans une s\u00e9quence consacr\u00e9e \u00e0 \u00ab l\u2019innovation europ\u00e9enne \u00bb et au d\u00e9fi de l\u2019industrialisation, le cadrage met ensemble recherche, brevets, innovation et industrialisation, avec l\u2019id\u00e9e g\u00e9n\u00e9rale que l\u2019Europe innove mais transforme mal ses avanc\u00e9es en puissance industrielle. Le constat sur la difficult\u00e9 d\u2019industrialisation n\u2019est pas absurde. Ce qui l\u2019est davantage, c\u2019est de laisser croire, m\u00eame implicitement, que le volume de brevets serait une preuve suffisante d\u2019innovation. (<a href=\"https:\/\/www.bfmtv.com\/economie\/replay-emissions\/les-experts\/video-innovation-europeenne-le-defi-de-l-industrialisation_VN-202603240440.html?utm_source=philippeboulanger.com\">BFM Business<\/a>)<\/p>\n\n\n\n<p>Un brevet prot\u00e8ge une invention. Point.<\/p>\n\n\n\n<p>Il ne prouve ni l\u2019existence d\u2019un march\u00e9, ni l\u2019adoption par des clients, ni la qualit\u00e9 de l\u2019ex\u00e9cution, ni la capacit\u00e9 \u00e0 industrialiser, ni la cr\u00e9ation de valeur. L\u2019OCDE d\u00e9finit l\u2019innovation comme un produit ou un processus nouveau ou am\u00e9lior\u00e9 qui a \u00e9t\u00e9 mis \u00e0 disposition d\u2019utilisateurs potentiels ou mis en usage. Autrement dit, l\u2019innovation commence avec la mise en \u0153uvre. Pas avec le d\u00e9p\u00f4t d\u2019un titre de propri\u00e9t\u00e9 intellectuelle. (<a href=\"https:\/\/www.oecd.org\/en\/publications\/oslo-manual-2018_9789264304604-en.html?utm_source=philippeboulanger.com\">OCDE<\/a>)<\/p>\n\n\n\n<h2 class=\"wp-block-heading\" id=\"h-brevet-invention-innovation-trois-mots-trois-realites\">Brevet, invention, innovation : trois mots, trois r\u00e9alit\u00e9s<\/h2>\n\n\n\n<p>Le probl\u00e8me, en France comme en Europe, n\u2019est pas seulement industriel. Il est aussi s\u00e9mantique. Et quand le vocabulaire devient flou, la strat\u00e9gie devient floue elle aussi.<\/p>\n\n\n\n<p>Un brevet, selon l\u2019OMPI, est un droit exclusif accord\u00e9 pour une invention. Il sert \u00e0 prot\u00e9ger juridiquement une solution technique. C\u2019est pr\u00e9cieux. C\u2019est utile. C\u2019est parfois d\u00e9cisif. Mais cela reste un outil de protection, pas un certificat de succ\u00e8s \u00e9conomique. (<a href=\"https:\/\/www.wipo.int\/en\/web\/patents?utm_source=philippeboulanger.com\">OMPI<\/a>, <a href=\"https:\/\/www.wipo.int\/en\/web\/patents\/faq_patents?utm_source=philippeboulanger.com\">FAQ OMPI<\/a>)<\/p>\n\n\n\n<p>L\u2019INPI rappelle d\u2019ailleurs qu\u2019une invention brevetable doit r\u00e9pondre \u00e0 des crit\u00e8res pr\u00e9cis comme la nouveaut\u00e9, l\u2019activit\u00e9 inventive et l\u2019application industrielle. L\u00e0 encore, on parle de brevetabilit\u00e9. Pas d\u2019adoption. Pas d\u2019usage massif. Pas de diffusion. Pas de march\u00e9 conquis. (<a href=\"https:\/\/www.inpi.fr\/realiser-demarches\/propriete-intellectuelle\/criteres-de-brevetabilite?utm_source=philippeboulanger.com\">INPI<\/a>, <a href=\"https:\/\/www.inpi.fr\/realiser-demarches\/propriete-intellectuelle\/proteger-son-innovation-technique?utm_source=philippeboulanger.com\">INPI<\/a>)<\/p>\n\n\n\n<p>Et c\u2019est exactement ce que je rappelle dans mon livre, chapitre 3 : cr\u00e9ativit\u00e9, invention et innovation sont des concepts diff\u00e9rents, mais li\u00e9s ; l\u2019innovation est d\u2019abord affaire de mise en \u0153uvre, de mise en production, d\u2019adoption et d\u2019usage. Confondre ces notions, c\u2019est installer un brouillard mental qui p\u00e9nalise ensuite les d\u00e9cisions, les budgets et les priorit\u00e9s<\/p>\n\n\n\n<h2 class=\"wp-block-heading\" id=\"h-le-brevet-rassure-l-innovation-expose\">Le brevet rassure. L\u2019innovation expose.<\/h2>\n\n\n\n<p>Le brevet rassure les esprits administratifs, juridiques et institutionnels.<\/p>\n\n\n\n<p>Il donne quelque chose de tangible \u00e0 compter.<br>Un tableau Excel.<br>Une statistique.<br>Un indicateur qui brille dans un rapport.<\/p>\n\n\n\n<p>L\u2019innovation, elle, est beaucoup plus exigeante.<\/p>\n\n\n\n<p>Elle suppose de traverser la partie la moins glamour du jeu :<br>le prototypage,<br>les arbitrages,<br>la confrontation au terrain,<br>les retours clients,<br>les it\u00e9rations,<br>la distribution,<br>la formation,<br>la cha\u00eene de production,<br>le financement de la mont\u00e9e \u00e0 l\u2019\u00e9chelle.<\/p>\n\n\n\n<p>Voil\u00e0 pourquoi tant d\u2019organisations pr\u00e9f\u00e8rent c\u00e9l\u00e9brer l\u2019invention plut\u00f4t que d\u2019affronter l\u2019innovation.<\/p>\n\n\n\n<p>Parce que l\u2019invention flatte.<br>L\u2019innovation oblige.<\/p>\n\n\n\n<p>L\u2019OCDE le dit de mani\u00e8re tr\u00e8s claire dans ses travaux sur les indicateurs : les brevets et la R&amp;D renseignent surtout sur l\u2019invention et les intrants, pas sur le succ\u00e8s commercial de l\u2019innovation. Beaucoup d\u2019inventions brevet\u00e9es ne sont jamais commercialis\u00e9es. (<a href=\"https:\/\/one.oecd.org\/document\/DSTI\/EAS\/IND\/WPIA%282008%2910\/en\/pdf?utm_source=philippeboulanger.com\">OCDE<\/a>)<\/p>\n\n\n\n<h2 class=\"wp-block-heading\" id=\"h-pourquoi-cette-confusion-est-dangereuse\">Pourquoi cette confusion est dangereuse<\/h2>\n\n\n\n<p>Quand des \u201cexperts\u201d sur un grand m\u00e9dia \u00e9conomique entretiennent cette confusion, les d\u00e9g\u00e2ts vont bien au-del\u00e0 du d\u00e9bat t\u00e9l\u00e9vis\u00e9.<\/p>\n\n\n\n<p>Des dirigeants entendent alors :<br>\u201cNous avons des brevets, donc nous innovons.\u201d<\/p>\n\n\n\n<p>Des comit\u00e9s ex\u00e9cutifs concluent :<br>\u201cNous sommes bons en innovation, le probl\u00e8me est ailleurs.\u201d<\/p>\n\n\n\n<p>Des d\u00e9cideurs publics croient :<br>\u201cIl suffit d\u2019augmenter les d\u00e9p\u00f4ts de brevets pour renforcer notre comp\u00e9titivit\u00e9.\u201d<\/p>\n\n\n\n<p>Et pendant ce temps-l\u00e0, d\u2019autres \u00e9cosyst\u00e8mes travaillent la partie la plus dure :<br>la commercialisation,<br>le scale-up,<br>l\u2019industrialisation,<br>l\u2019acc\u00e8s au capital,<br>la vitesse d\u2019ex\u00e9cution.<\/p>\n\n\n\n<p>Le rapport Draghi sur la comp\u00e9titivit\u00e9 europ\u00e9enne insiste justement sur les barri\u00e8res \u00e0 la commercialisation et au passage \u00e0 l\u2019\u00e9chelle en Europe. La Commission europ\u00e9enne, de son c\u00f4t\u00e9, a lanc\u00e9 une strat\u00e9gie d\u00e9di\u00e9e aux startups et scaleups pour faire de l\u2019Europe un meilleur terrain de lancement et de croissance pour les entreprises innovantes. Si ces dispositifs existent, c\u2019est bien parce que brevet, recherche et innovation ne suffisent pas \u00e0 eux seuls \u00e0 cr\u00e9er des champions. (<a href=\"https:\/\/commission.europa.eu\/document\/download\/97e481fd-2dc3-412d-be4c-f152a8232961_en?utm_source=philippeboulanger.com\">Commission europ\u00e9enne<\/a>, <a href=\"https:\/\/research-and-innovation.ec.europa.eu\/strategy\/strategy-research-and-innovation\/jobs-and-economy\/eu-startup-and-scaleup-strategy_en?utm_source=philippeboulanger.com\">Commission europ\u00e9enne<\/a>, <a href=\"https:\/\/eic.ec.europa.eu\/eic-funding-opportunities\/step-scale_en?utm_source=philippeboulanger.com\">EIC<\/a>)<\/p>\n\n\n\n<h2 class=\"wp-block-heading\" id=\"h-l-europe-n-a-pas-seulement-un-probleme-d-innovation-elle-a-un-probleme-de-transformation\">L\u2019Europe n\u2019a pas seulement un probl\u00e8me d\u2019innovation. Elle a un probl\u00e8me de transformation.<\/h2>\n\n\n\n<p>L\u2019Europe produit de la science.<br>L\u2019Europe produit de la recherche.<br>L\u2019Europe produit des brevets.<br>L\u2019Europe produit aussi des normes, des dispositifs, des cadres, des protections.<\/p>\n\n\n\n<p>Mais produire un titre de propri\u00e9t\u00e9 intellectuelle ne remplace pas la capacit\u00e9 \u00e0 transformer une d\u00e9couverte en solution diffus\u00e9e \u00e0 grande \u00e9chelle.<\/p>\n\n\n\n<p>Le tableau europ\u00e9en le montre bien : on peut avoir des actifs intellectuels et rester en difficult\u00e9 sur les impacts commerciaux, l\u2019investissement ou le changement d\u2019\u00e9chelle. Le score n\u2019est jamais r\u00e9ductible \u00e0 une seule variable. (<a href=\"https:\/\/research-and-innovation.ec.europa.eu\/knowledge-publications-tools-and-data\/publications\/all-publications\/european-innovation-scoreboard-2025_en?utm_source=philippeboulanger.com\">European Innovation Scoreboard 2025<\/a>)<\/p>\n\n\n\n<p>C\u2019est pr\u00e9cis\u00e9ment pour cela que j\u2019insiste depuis longtemps sur un point simple : le sujet n\u2019est pas uniquement technologique. Il est culturel, organisationnel, financier et manag\u00e9rial.<\/p>\n\n\n\n<p>On peut prot\u00e9ger brillamment ce qu\u2019on ne saura jamais d\u00e9ployer.<\/p>\n\n\n\n<p>Et c\u2019est peut-\u00eatre l\u2019une des trag\u00e9dies silencieuses de notre continent.<\/p>\n\n\n\n<h2 class=\"wp-block-heading\" id=\"h-bfmtv-faites-appel-a-de-vrais-experts-de-l-innovation\">BFMTV, faites appel \u00e0 de vrais experts de l\u2019innovation<\/h2>\n\n\n\n<p>Quand on parle d\u2019innovation en prime time \u00e9conomique, on a besoin de personnes qui ont d\u00e9j\u00e0 travers\u00e9 le passage r\u00e9el entre id\u00e9e, invention, brevet, produit, march\u00e9, adoption et industrialisation.<\/p>\n\n\n\n<p>Pas seulement de commentateurs.<br>Pas seulement de strat\u00e8ges de plateau.<br>Pas seulement de sp\u00e9cialistes de l\u2019innovation vue depuis un PowerPoint.<\/p>\n\n\n\n<p>On a besoin de femmes et d\u2019hommes qui savent qu\u2019un brevet n\u2019est qu\u2019un d\u00e9but possible.<br>Parfois utile.<br>Parfois d\u00e9fensif.<br>Parfois inutile.<br>Et parfois totalement d\u00e9connect\u00e9 d\u2019un succ\u00e8s de march\u00e9.<\/p>\n\n\n\n<p>L\u2019innovation n\u2019est pas un dossier.<br>L\u2019innovation n\u2019est pas une statistique flatteuse.<br>L\u2019innovation n\u2019est pas une armoire \u00e0 titres.<\/p>\n\n\n\n<p>L\u2019innovation est une mise en mouvement.<\/p>\n\n\n\n<p>Elle se mesure dans l\u2019usage.<br>Dans la diffusion.<br>Dans la transformation.<br>Dans la capacit\u00e9 \u00e0 faire passer une id\u00e9e du laboratoire au r\u00e9el.<\/p>\n\n\n\n<h2 class=\"wp-block-heading\" id=\"h-ce-que-les-entreprises-devraient-retenir\">Ce que les entreprises devraient retenir<\/h2>\n\n\n\n<p>La le\u00e7on pour les entreprises est limpide.<\/p>\n\n\n\n<p>Si vous pilotez l\u2019innovation au nombre de brevets, vous risquez de r\u00e9compenser la protection plut\u00f4t que l\u2019ex\u00e9cution.<\/p>\n\n\n\n<p>Si vous confondez invention et innovation, vous risquez de sous-financer le passage critique vers le march\u00e9.<\/p>\n\n\n\n<p>Si vous c\u00e9l\u00e9brez la recherche sans organiser l\u2019adoption, vous fabriquez peut-\u00eatre de la fiert\u00e9 interne, mais pas forc\u00e9ment de la valeur externe.<\/p>\n\n\n\n<p>Et si vous laissez cette confusion s\u2019installer dans vos \u00e9quipes dirigeantes, alors vous mettez du brouillard exactement l\u00e0 o\u00f9 il faudrait de la pr\u00e9cision.<\/p>\n\n\n\n<p>Voil\u00e0 pourquoi je m\u2019attache \u00e0 clarifier, en conf\u00e9rence, en atelier et en accompagnement, ce que trop de gens m\u00e9langent encore.<\/p>\n\n\n\n<p>Parce qu\u2019en \u00e9conomie, les mots mal employ\u00e9s finissent par co\u00fbter tr\u00e8s cher.<\/p>\n\n\n\n<p>\ud83d\udc49 Combien de d\u00e9cisions absurdes avez-vous d\u00e9j\u00e0 vues na\u00eetre d\u2019une simple confusion entre brevet et innovation ?<\/p>\n\n\n\n<h2 class=\"wp-block-heading\" id=\"h-references\">R\u00e9f\u00e9rences<\/h2>\n\n\n\n<p>(BFM Business) = <a href=\"https:\/\/www.bfmtv.com\/economie\/replay-emissions\/les-experts\/video-innovation-europeenne-le-defi-de-l-industrialisation_VN-202603240440.html?utm_source=philippeboulanger.com\">https:\/\/www.bfmtv.com\/economie\/replay-emissions\/les-experts\/video-innovation-europeenne-le-defi-de-l-industrialisation_VN-202603240440.html<\/a><br>(OCDE) = <a href=\"https:\/\/www.oecd.org\/en\/publications\/oslo-manual-2018_9789264304604-en.html?utm_source=philippeboulanger.com\">https:\/\/www.oecd.org\/en\/publications\/oslo-manual-2018_9789264304604-en.html<\/a><br>(OCDE) = <a href=\"https:\/\/one.oecd.org\/document\/DSTI\/EAS\/IND\/WPIA%282008%2910\/en\/pdf?utm_source=philippeboulanger.com\">https:\/\/one.oecd.org\/document\/DSTI\/EAS\/IND\/WPIA%282008%2910\/en\/pdf<\/a><br>(OMPI) = <a href=\"https:\/\/www.wipo.int\/en\/web\/patents?utm_source=philippeboulanger.com\">https:\/\/www.wipo.int\/en\/web\/patents<\/a><br>(OMPI) = <a href=\"https:\/\/www.wipo.int\/en\/web\/patents\/faq_patents?utm_source=philippeboulanger.com\">https:\/\/www.wipo.int\/en\/web\/patents\/faq_patents<\/a><br>(INPI) = <a href=\"https:\/\/www.inpi.fr\/realiser-demarches\/propriete-intellectuelle\/criteres-de-brevetabilite?utm_source=philippeboulanger.com\">https:\/\/www.inpi.fr\/realiser-demarches\/propriete-intellectuelle\/criteres-de-brevetabilite<\/a><br>(INPI) = <a href=\"https:\/\/www.inpi.fr\/realiser-demarches\/propriete-intellectuelle\/proteger-son-innovation-technique?utm_source=philippeboulanger.com\">https:\/\/www.inpi.fr\/realiser-demarches\/propriete-intellectuelle\/proteger-son-innovation-technique<\/a><br>(Commission europ\u00e9enne) = <a href=\"https:\/\/commission.europa.eu\/document\/download\/97e481fd-2dc3-412d-be4c-f152a8232961_en?utm_source=philippeboulanger.com\">https:\/\/commission.europa.eu\/document\/download\/97e481fd-2dc3-412d-be4c-f152a8232961_en<\/a><br>(Commission europ\u00e9enne) = <a href=\"https:\/\/research-and-innovation.ec.europa.eu\/strategy\/strategy-research-and-innovation\/jobs-and-economy\/eu-startup-and-scaleup-strategy_en?utm_source=philippeboulanger.com\">https:\/\/research-and-innovation.ec.europa.eu\/strategy\/strategy-research-and-innovation\/jobs-and-economy\/eu-startup-and-scaleup-strategy_en<\/a><br>(European Innovation Council) = <a href=\"https:\/\/eic.ec.europa.eu\/eic-funding-opportunities\/step-scale_en?utm_source=philippeboulanger.com\">https:\/\/eic.ec.europa.eu\/eic-funding-opportunities\/step-scale_en<\/a><br>(Commission europ\u00e9enne) = <a href=\"https:\/\/research-and-innovation.ec.europa.eu\/knowledge-publications-tools-and-data\/publications\/all-publications\/european-innovation-scoreboard-2025_en?utm_source=philippeboulanger.com\">https:\/\/research-and-innovation.ec.europa.eu\/knowledge-publications-tools-and-data\/publications\/all-publications\/european-innovation-scoreboard-2025_en<\/a><\/p>\n","protected":false},"excerpt":{"rendered":"<p>L&rsquo;Europe se gargarise de brevets, mais la r\u00e9alit\u00e9 est moins glamour : innover implique de transformer ces inventions en succ\u00e8s commerciaux, ce qui \u00e9chappe souvent aux d\u00e9cideurs. M\u00e9langer brevets et v\u00e9ritable innovation cr\u00e9e une confusion co\u00fbteuse qui freine l&rsquo;engagement envers des strat\u00e9gies r\u00e9ellement performantes. L\u2019innovation exige de l&rsquo;ex\u00e9cution, pas seulement une protection juridique.<\/p>\n","protected":false},"author":4,"featured_media":15703,"comment_status":"open","ping_status":"open","sticky":false,"template":"","format":"standard","meta":{"_acf_changed":false,"_jetpack_memberships_contains_paid_content":false,"footnotes":""},"categories":[50],"tags":[681,675,682,678,114,677,69,676,679,680,75,378],"class_list":["post-15702","post","type-post","status-publish","format-standard","has-post-thumbnail","hentry","category-intelligence-innovationnelle","tag-adoption-marche","tag-brevet","tag-conference-innovation","tag-europe","tag-execution","tag-industrialisation","tag-innovation","tag-invention","tag-propriete-intellectuelle","tag-scale-up","tag-strategie","tag-transformation"],"acf":[],"yoast_head":"<!-- This site is optimized with the Yoast SEO Premium plugin v27.5 (Yoast SEO v27.5) - https:\/\/yoast.com\/product\/yoast-seo-premium-wordpress\/ -->\n<title>Breveter n\u2019est pas innover - Philippe Boulanger<\/title>\n<meta name=\"description\" content=\"BFMTV a remis en lumi\u00e8re une confusion fr\u00e9quente et co\u00fbteuse : confondre brevets et innovation. Un post incisif sur la diff\u00e9rence entre invention, protection juridique, adoption march\u00e9 et industrialisation.\" \/>\n<meta name=\"robots\" content=\"index, follow, max-snippet:-1, max-image-preview:large, max-video-preview:-1\" \/>\n<link rel=\"canonical\" href=\"https:\/\/philippeboulanger.com\/fr\/breveter-nest-pas-innover\/\" \/>\n<meta property=\"og:locale\" content=\"fr_FR\" \/>\n<meta property=\"og:type\" content=\"article\" \/>\n<meta property=\"og:title\" content=\"Breveter n\u2019est pas innover\" \/>\n<meta property=\"og:description\" content=\"BFMTV a remis en lumi\u00e8re une confusion fr\u00e9quente et co\u00fbteuse : confondre brevets et innovation. Un post incisif sur la diff\u00e9rence entre invention, protection juridique, adoption march\u00e9 et industrialisation.\" \/>\n<meta property=\"og:url\" content=\"https:\/\/philippeboulanger.com\/fr\/breveter-nest-pas-innover\/\" \/>\n<meta property=\"og:site_name\" content=\"Philippe Boulanger\" \/>\n<meta property=\"article:publisher\" content=\"https:\/\/www.facebook.com\/philippe.boulanger.official\" \/>\n<meta property=\"article:published_time\" content=\"2026-03-25T08:44:07+00:00\" \/>\n<meta property=\"article:modified_time\" content=\"2026-03-25T08:44:09+00:00\" \/>\n<meta property=\"og:image\" content=\"https:\/\/philippeboulanger.com\/wp-content\/uploads\/2026\/03\/BFM-Mistake-2-Philippe-Boulanger.webp?wsr\" \/>\n\t<meta property=\"og:image:width\" content=\"1580\" \/>\n\t<meta property=\"og:image:height\" content=\"892\" \/>\n\t<meta property=\"og:image:type\" content=\"image\/jpeg\" \/>\n<meta name=\"author\" content=\"Philippe Boulanger\" \/>\n<meta name=\"twitter:card\" content=\"summary_large_image\" \/>\n<meta name=\"twitter:creator\" content=\"@Ph_Boulanger\" \/>\n<meta name=\"twitter:site\" content=\"@Ph_Boulanger\" \/>\n<meta name=\"twitter:label1\" content=\"\u00c9crit par\" \/>\n\t<meta name=\"twitter:data1\" content=\"Philippe Boulanger\" \/>\n\t<meta name=\"twitter:label2\" content=\"Dur\u00e9e de lecture estim\u00e9e\" \/>\n\t<meta name=\"twitter:data2\" content=\"5 minutes\" \/>\n<script type=\"application\/ld+json\" class=\"yoast-schema-graph\">{\"@context\":\"https:\\\/\\\/schema.org\",\"@graph\":[{\"@type\":\"Article\",\"@id\":\"https:\\\/\\\/philippeboulanger.com\\\/fr\\\/breveter-nest-pas-innover\\\/#article\",\"isPartOf\":{\"@id\":\"https:\\\/\\\/philippeboulanger.com\\\/fr\\\/breveter-nest-pas-innover\\\/\"},\"author\":{\"name\":\"Philippe Boulanger\",\"@id\":\"https:\\\/\\\/philippeboulanger.com\\\/fr\\\/#\\\/schema\\\/person\\\/6bb370f9c91a64097487f01391ea335f\"},\"headline\":\"Breveter n\u2019est pas innover\",\"datePublished\":\"2026-03-25T08:44:07+00:00\",\"dateModified\":\"2026-03-25T08:44:09+00:00\",\"mainEntityOfPage\":{\"@id\":\"https:\\\/\\\/philippeboulanger.com\\\/fr\\\/breveter-nest-pas-innover\\\/\"},\"wordCount\":1378,\"commentCount\":0,\"publisher\":{\"@id\":\"https:\\\/\\\/philippeboulanger.com\\\/fr\\\/#organization\"},\"image\":{\"@id\":\"https:\\\/\\\/philippeboulanger.com\\\/fr\\\/breveter-nest-pas-innover\\\/#primaryimage\"},\"thumbnailUrl\":\"https:\\\/\\\/philippeboulanger.com\\\/wp-content\\\/uploads\\\/2026\\\/03\\\/BFM-Mistake-2-Philippe-Boulanger.webp?wsr\",\"keywords\":[\"adoption march\u00e9\",\"brevet\",\"conf\u00e9rence innovation\",\"Europe\",\"ex\u00e9cution\",\"industrialisation\",\"innovation\",\"invention\",\"propri\u00e9t\u00e9 intellectuelle\",\"scale-up\",\"strat\u00e9gie\",\"transformation\"],\"articleSection\":[\"intelligence innovationnelle\u00ae\"],\"inLanguage\":\"fr-FR\",\"potentialAction\":[{\"@type\":\"CommentAction\",\"name\":\"Comment\",\"target\":[\"https:\\\/\\\/philippeboulanger.com\\\/fr\\\/breveter-nest-pas-innover\\\/#respond\"]}]},{\"@type\":\"WebPage\",\"@id\":\"https:\\\/\\\/philippeboulanger.com\\\/fr\\\/breveter-nest-pas-innover\\\/\",\"url\":\"https:\\\/\\\/philippeboulanger.com\\\/fr\\\/breveter-nest-pas-innover\\\/\",\"name\":\"Breveter n\u2019est pas innover - Philippe Boulanger\",\"isPartOf\":{\"@id\":\"https:\\\/\\\/philippeboulanger.com\\\/fr\\\/#website\"},\"primaryImageOfPage\":{\"@id\":\"https:\\\/\\\/philippeboulanger.com\\\/fr\\\/breveter-nest-pas-innover\\\/#primaryimage\"},\"image\":{\"@id\":\"https:\\\/\\\/philippeboulanger.com\\\/fr\\\/breveter-nest-pas-innover\\\/#primaryimage\"},\"thumbnailUrl\":\"https:\\\/\\\/philippeboulanger.com\\\/wp-content\\\/uploads\\\/2026\\\/03\\\/BFM-Mistake-2-Philippe-Boulanger.webp?wsr\",\"datePublished\":\"2026-03-25T08:44:07+00:00\",\"dateModified\":\"2026-03-25T08:44:09+00:00\",\"description\":\"BFMTV a remis en lumi\u00e8re une confusion fr\u00e9quente et co\u00fbteuse : confondre brevets et innovation. Un post incisif sur la diff\u00e9rence entre invention, protection juridique, adoption march\u00e9 et industrialisation.\",\"breadcrumb\":{\"@id\":\"https:\\\/\\\/philippeboulanger.com\\\/fr\\\/breveter-nest-pas-innover\\\/#breadcrumb\"},\"inLanguage\":\"fr-FR\",\"potentialAction\":[{\"@type\":\"ReadAction\",\"target\":[\"https:\\\/\\\/philippeboulanger.com\\\/fr\\\/breveter-nest-pas-innover\\\/\"]}]},{\"@type\":\"ImageObject\",\"inLanguage\":\"fr-FR\",\"@id\":\"https:\\\/\\\/philippeboulanger.com\\\/fr\\\/breveter-nest-pas-innover\\\/#primaryimage\",\"url\":\"https:\\\/\\\/philippeboulanger.com\\\/wp-content\\\/uploads\\\/2026\\\/03\\\/BFM-Mistake-2-Philippe-Boulanger.webp?wsr\",\"contentUrl\":\"https:\\\/\\\/philippeboulanger.com\\\/wp-content\\\/uploads\\\/2026\\\/03\\\/BFM-Mistake-2-Philippe-Boulanger.webp?wsr\",\"width\":1580,\"height\":892},{\"@type\":\"BreadcrumbList\",\"@id\":\"https:\\\/\\\/philippeboulanger.com\\\/fr\\\/breveter-nest-pas-innover\\\/#breadcrumb\",\"itemListElement\":[{\"@type\":\"ListItem\",\"position\":1,\"name\":\"Home\",\"item\":\"https:\\\/\\\/philippeboulanger.com\\\/fr\\\/\"},{\"@type\":\"ListItem\",\"position\":2,\"name\":\"Breveter n\u2019est pas innover\"}]},{\"@type\":\"WebSite\",\"@id\":\"https:\\\/\\\/philippeboulanger.com\\\/fr\\\/#website\",\"url\":\"https:\\\/\\\/philippeboulanger.com\\\/fr\\\/\",\"name\":\"Philippe Boulanger\",\"description\":\"Global Keynote Speaker &amp; Advisor\",\"publisher\":{\"@id\":\"https:\\\/\\\/philippeboulanger.com\\\/fr\\\/#organization\"},\"potentialAction\":[{\"@type\":\"SearchAction\",\"target\":{\"@type\":\"EntryPoint\",\"urlTemplate\":\"https:\\\/\\\/philippeboulanger.com\\\/fr\\\/?s={search_term_string}\"},\"query-input\":{\"@type\":\"PropertyValueSpecification\",\"valueRequired\":true,\"valueName\":\"search_term_string\"}}],\"inLanguage\":\"fr-FR\"},{\"@type\":\"Organization\",\"@id\":\"https:\\\/\\\/philippeboulanger.com\\\/fr\\\/#organization\",\"name\":\"Philippe Boulanger - The Innovation Evangelist - Global Keynote Speaker\",\"url\":\"https:\\\/\\\/philippeboulanger.com\\\/fr\\\/\",\"logo\":{\"@type\":\"ImageObject\",\"inLanguage\":\"fr-FR\",\"@id\":\"https:\\\/\\\/philippeboulanger.com\\\/fr\\\/#\\\/schema\\\/logo\\\/image\\\/\",\"url\":\"https:\\\/\\\/philippeboulanger.com\\\/wp-content\\\/uploads\\\/2026\\\/01\\\/cropped-philippe-boulanger-favicon-2026.webp\",\"contentUrl\":\"https:\\\/\\\/philippeboulanger.com\\\/wp-content\\\/uploads\\\/2026\\\/01\\\/cropped-philippe-boulanger-favicon-2026.webp\",\"width\":512,\"height\":512,\"caption\":\"Philippe Boulanger - The Innovation Evangelist - Global Keynote Speaker\"},\"image\":{\"@id\":\"https:\\\/\\\/philippeboulanger.com\\\/fr\\\/#\\\/schema\\\/logo\\\/image\\\/\"},\"sameAs\":[\"https:\\\/\\\/www.facebook.com\\\/philippe.boulanger.official\",\"https:\\\/\\\/x.com\\\/Ph_Boulanger\",\"https:\\\/\\\/www.youtube.com\\\/@PhilippeBoulanger\",\"https:\\\/\\\/www.lespeakers.com\\\/conferencier\\\/philippe-boulanger\",\"https:\\\/\\\/www.adn-conferenciers.com\\\/conferenciers-philippe-boulanger\",\"https:\\\/\\\/www.wechamp-entreprise.co\\\/conferencier\\\/philippe-boulanger\\\/\",\"https:\\\/\\\/hyfen.fr\\\/intervenant\\\/philippe-boulanger\\\/\",\"https:\\\/\\\/okaydoc.fr\\\/philippe-boulanger-conferencier-innovation\\\/\",\"https:\\\/\\\/www.lesconferenciers.com\\\/conferencier\\\/philippe-boulanger\\\/\",\"https:\\\/\\\/simoneetnelson.com\\\/annuaire\\\/conferenciers\\\/philippe-boulanger\\\/\",\"https:\\\/\\\/myspeaker.fr\\\/conferenciers\\\/philippe-boulanger\\\/\",\"https:\\\/\\\/www.premium-communication.fr\\\/conferenciers\\\/ia-et-innovation\\\/boulanger\",\"https:\\\/\\\/www.vivavox.fr\\\/conferencier\\\/233\\\/\",\"https:\\\/\\\/www.a-speakers.fr\\\/conferencier\\\/philippe-boulanger\\\/\",\"https:\\\/\\\/www.espeakers.com\\\/marketplace\\\/profile\\\/41889\\\/philippe-boulanger\",\"https:\\\/\\\/www.dunod.com\\\/livres-philippe-boulanger-2\",\"https:\\\/\\\/www.amazon.fr\\\/stores\\\/Dr-Philippe-Boulanger\\\/author\\\/B0DD4CMFDX\",\"https:\\\/\\\/www.lecampus.online\\\/conferenciers\\\/philippe-boulanger\",\"https:\\\/\\\/www.startnplay.com\\\/personnalite\\\/conferencier\\\/phlippe-boulanger\\\/\"]},{\"@type\":\"Person\",\"@id\":\"https:\\\/\\\/philippeboulanger.com\\\/fr\\\/#\\\/schema\\\/person\\\/6bb370f9c91a64097487f01391ea335f\",\"name\":\"Philippe Boulanger\",\"image\":{\"@type\":\"ImageObject\",\"inLanguage\":\"fr-FR\",\"@id\":\"https:\\\/\\\/secure.gravatar.com\\\/avatar\\\/7e269ce6778aacfb26aa4350739359d938962ebf752aa458b862bfd78ff946c1?s=96&d=mm&r=g\",\"url\":\"https:\\\/\\\/secure.gravatar.com\\\/avatar\\\/7e269ce6778aacfb26aa4350739359d938962ebf752aa458b862bfd78ff946c1?s=96&d=mm&r=g\",\"contentUrl\":\"https:\\\/\\\/secure.gravatar.com\\\/avatar\\\/7e269ce6778aacfb26aa4350739359d938962ebf752aa458b862bfd78ff946c1?s=96&d=mm&r=g\",\"caption\":\"Philippe Boulanger\"},\"url\":\"https:\\\/\\\/philippeboulanger.com\\\/fr\\\/author\\\/boulanger-philgmail-com\\\/\"}]}<\/script>\n<!-- \/ Yoast SEO Premium plugin. -->","yoast_head_json":{"title":"Breveter n\u2019est pas innover - Philippe Boulanger","description":"BFMTV a remis en lumi\u00e8re une confusion fr\u00e9quente et co\u00fbteuse : confondre brevets et innovation. Un post incisif sur la diff\u00e9rence entre invention, protection juridique, adoption march\u00e9 et industrialisation.","robots":{"index":"index","follow":"follow","max-snippet":"max-snippet:-1","max-image-preview":"max-image-preview:large","max-video-preview":"max-video-preview:-1"},"canonical":"https:\/\/philippeboulanger.com\/fr\/breveter-nest-pas-innover\/","og_locale":"fr_FR","og_type":"article","og_title":"Breveter n\u2019est pas innover","og_description":"BFMTV a remis en lumi\u00e8re une confusion fr\u00e9quente et co\u00fbteuse : confondre brevets et innovation. Un post incisif sur la diff\u00e9rence entre invention, protection juridique, adoption march\u00e9 et industrialisation.","og_url":"https:\/\/philippeboulanger.com\/fr\/breveter-nest-pas-innover\/","og_site_name":"Philippe Boulanger","article_publisher":"https:\/\/www.facebook.com\/philippe.boulanger.official","article_published_time":"2026-03-25T08:44:07+00:00","article_modified_time":"2026-03-25T08:44:09+00:00","og_image":[{"width":1580,"height":892,"url":"https:\/\/philippeboulanger.com\/wp-content\/uploads\/2026\/03\/BFM-Mistake-2-Philippe-Boulanger.webp?wsr","type":"image\/jpeg"}],"author":"Philippe Boulanger","twitter_card":"summary_large_image","twitter_creator":"@Ph_Boulanger","twitter_site":"@Ph_Boulanger","twitter_misc":{"\u00c9crit par":"Philippe Boulanger","Dur\u00e9e de lecture estim\u00e9e":"5 minutes"},"schema":{"@context":"https:\/\/schema.org","@graph":[{"@type":"Article","@id":"https:\/\/philippeboulanger.com\/fr\/breveter-nest-pas-innover\/#article","isPartOf":{"@id":"https:\/\/philippeboulanger.com\/fr\/breveter-nest-pas-innover\/"},"author":{"name":"Philippe Boulanger","@id":"https:\/\/philippeboulanger.com\/fr\/#\/schema\/person\/6bb370f9c91a64097487f01391ea335f"},"headline":"Breveter n\u2019est pas innover","datePublished":"2026-03-25T08:44:07+00:00","dateModified":"2026-03-25T08:44:09+00:00","mainEntityOfPage":{"@id":"https:\/\/philippeboulanger.com\/fr\/breveter-nest-pas-innover\/"},"wordCount":1378,"commentCount":0,"publisher":{"@id":"https:\/\/philippeboulanger.com\/fr\/#organization"},"image":{"@id":"https:\/\/philippeboulanger.com\/fr\/breveter-nest-pas-innover\/#primaryimage"},"thumbnailUrl":"https:\/\/philippeboulanger.com\/wp-content\/uploads\/2026\/03\/BFM-Mistake-2-Philippe-Boulanger.webp?wsr","keywords":["adoption march\u00e9","brevet","conf\u00e9rence innovation","Europe","ex\u00e9cution","industrialisation","innovation","invention","propri\u00e9t\u00e9 intellectuelle","scale-up","strat\u00e9gie","transformation"],"articleSection":["intelligence innovationnelle\u00ae"],"inLanguage":"fr-FR","potentialAction":[{"@type":"CommentAction","name":"Comment","target":["https:\/\/philippeboulanger.com\/fr\/breveter-nest-pas-innover\/#respond"]}]},{"@type":"WebPage","@id":"https:\/\/philippeboulanger.com\/fr\/breveter-nest-pas-innover\/","url":"https:\/\/philippeboulanger.com\/fr\/breveter-nest-pas-innover\/","name":"Breveter n\u2019est pas innover - Philippe Boulanger","isPartOf":{"@id":"https:\/\/philippeboulanger.com\/fr\/#website"},"primaryImageOfPage":{"@id":"https:\/\/philippeboulanger.com\/fr\/breveter-nest-pas-innover\/#primaryimage"},"image":{"@id":"https:\/\/philippeboulanger.com\/fr\/breveter-nest-pas-innover\/#primaryimage"},"thumbnailUrl":"https:\/\/philippeboulanger.com\/wp-content\/uploads\/2026\/03\/BFM-Mistake-2-Philippe-Boulanger.webp?wsr","datePublished":"2026-03-25T08:44:07+00:00","dateModified":"2026-03-25T08:44:09+00:00","description":"BFMTV a remis en lumi\u00e8re une confusion fr\u00e9quente et co\u00fbteuse : confondre brevets et innovation. Un post incisif sur la diff\u00e9rence entre invention, protection juridique, adoption march\u00e9 et industrialisation.","breadcrumb":{"@id":"https:\/\/philippeboulanger.com\/fr\/breveter-nest-pas-innover\/#breadcrumb"},"inLanguage":"fr-FR","potentialAction":[{"@type":"ReadAction","target":["https:\/\/philippeboulanger.com\/fr\/breveter-nest-pas-innover\/"]}]},{"@type":"ImageObject","inLanguage":"fr-FR","@id":"https:\/\/philippeboulanger.com\/fr\/breveter-nest-pas-innover\/#primaryimage","url":"https:\/\/philippeboulanger.com\/wp-content\/uploads\/2026\/03\/BFM-Mistake-2-Philippe-Boulanger.webp?wsr","contentUrl":"https:\/\/philippeboulanger.com\/wp-content\/uploads\/2026\/03\/BFM-Mistake-2-Philippe-Boulanger.webp?wsr","width":1580,"height":892},{"@type":"BreadcrumbList","@id":"https:\/\/philippeboulanger.com\/fr\/breveter-nest-pas-innover\/#breadcrumb","itemListElement":[{"@type":"ListItem","position":1,"name":"Home","item":"https:\/\/philippeboulanger.com\/fr\/"},{"@type":"ListItem","position":2,"name":"Breveter n\u2019est pas innover"}]},{"@type":"WebSite","@id":"https:\/\/philippeboulanger.com\/fr\/#website","url":"https:\/\/philippeboulanger.com\/fr\/","name":"Philippe Boulanger","description":"Global Keynote Speaker &amp; Advisor","publisher":{"@id":"https:\/\/philippeboulanger.com\/fr\/#organization"},"potentialAction":[{"@type":"SearchAction","target":{"@type":"EntryPoint","urlTemplate":"https:\/\/philippeboulanger.com\/fr\/?s={search_term_string}"},"query-input":{"@type":"PropertyValueSpecification","valueRequired":true,"valueName":"search_term_string"}}],"inLanguage":"fr-FR"},{"@type":"Organization","@id":"https:\/\/philippeboulanger.com\/fr\/#organization","name":"Philippe Boulanger - The Innovation Evangelist - Global Keynote Speaker","url":"https:\/\/philippeboulanger.com\/fr\/","logo":{"@type":"ImageObject","inLanguage":"fr-FR","@id":"https:\/\/philippeboulanger.com\/fr\/#\/schema\/logo\/image\/","url":"https:\/\/philippeboulanger.com\/wp-content\/uploads\/2026\/01\/cropped-philippe-boulanger-favicon-2026.webp","contentUrl":"https:\/\/philippeboulanger.com\/wp-content\/uploads\/2026\/01\/cropped-philippe-boulanger-favicon-2026.webp","width":512,"height":512,"caption":"Philippe Boulanger - The Innovation Evangelist - Global Keynote Speaker"},"image":{"@id":"https:\/\/philippeboulanger.com\/fr\/#\/schema\/logo\/image\/"},"sameAs":["https:\/\/www.facebook.com\/philippe.boulanger.official","https:\/\/x.com\/Ph_Boulanger","https:\/\/www.youtube.com\/@PhilippeBoulanger","https:\/\/www.lespeakers.com\/conferencier\/philippe-boulanger","https:\/\/www.adn-conferenciers.com\/conferenciers-philippe-boulanger","https:\/\/www.wechamp-entreprise.co\/conferencier\/philippe-boulanger\/","https:\/\/hyfen.fr\/intervenant\/philippe-boulanger\/","https:\/\/okaydoc.fr\/philippe-boulanger-conferencier-innovation\/","https:\/\/www.lesconferenciers.com\/conferencier\/philippe-boulanger\/","https:\/\/simoneetnelson.com\/annuaire\/conferenciers\/philippe-boulanger\/","https:\/\/myspeaker.fr\/conferenciers\/philippe-boulanger\/","https:\/\/www.premium-communication.fr\/conferenciers\/ia-et-innovation\/boulanger","https:\/\/www.vivavox.fr\/conferencier\/233\/","https:\/\/www.a-speakers.fr\/conferencier\/philippe-boulanger\/","https:\/\/www.espeakers.com\/marketplace\/profile\/41889\/philippe-boulanger","https:\/\/www.dunod.com\/livres-philippe-boulanger-2","https:\/\/www.amazon.fr\/stores\/Dr-Philippe-Boulanger\/author\/B0DD4CMFDX","https:\/\/www.lecampus.online\/conferenciers\/philippe-boulanger","https:\/\/www.startnplay.com\/personnalite\/conferencier\/phlippe-boulanger\/"]},{"@type":"Person","@id":"https:\/\/philippeboulanger.com\/fr\/#\/schema\/person\/6bb370f9c91a64097487f01391ea335f","name":"Philippe Boulanger","image":{"@type":"ImageObject","inLanguage":"fr-FR","@id":"https:\/\/secure.gravatar.com\/avatar\/7e269ce6778aacfb26aa4350739359d938962ebf752aa458b862bfd78ff946c1?s=96&d=mm&r=g","url":"https:\/\/secure.gravatar.com\/avatar\/7e269ce6778aacfb26aa4350739359d938962ebf752aa458b862bfd78ff946c1?s=96&d=mm&r=g","contentUrl":"https:\/\/secure.gravatar.com\/avatar\/7e269ce6778aacfb26aa4350739359d938962ebf752aa458b862bfd78ff946c1?s=96&d=mm&r=g","caption":"Philippe Boulanger"},"url":"https:\/\/philippeboulanger.com\/fr\/author\/boulanger-philgmail-com\/"}]}},"jetpack_featured_media_url":"https:\/\/philippeboulanger.com\/wp-content\/uploads\/2026\/03\/BFM-Mistake-2-Philippe-Boulanger.webp?wsr","jetpack_sharing_enabled":true,"_links":{"self":[{"href":"https:\/\/philippeboulanger.com\/fr\/wp-json\/wp\/v2\/posts\/15702","targetHints":{"allow":["GET"]}}],"collection":[{"href":"https:\/\/philippeboulanger.com\/fr\/wp-json\/wp\/v2\/posts"}],"about":[{"href":"https:\/\/philippeboulanger.com\/fr\/wp-json\/wp\/v2\/types\/post"}],"author":[{"embeddable":true,"href":"https:\/\/philippeboulanger.com\/fr\/wp-json\/wp\/v2\/users\/4"}],"replies":[{"embeddable":true,"href":"https:\/\/philippeboulanger.com\/fr\/wp-json\/wp\/v2\/comments?post=15702"}],"version-history":[{"count":1,"href":"https:\/\/philippeboulanger.com\/fr\/wp-json\/wp\/v2\/posts\/15702\/revisions"}],"predecessor-version":[{"id":15704,"href":"https:\/\/philippeboulanger.com\/fr\/wp-json\/wp\/v2\/posts\/15702\/revisions\/15704"}],"wp:featuredmedia":[{"embeddable":true,"href":"https:\/\/philippeboulanger.com\/fr\/wp-json\/wp\/v2\/media\/15703"}],"wp:attachment":[{"href":"https:\/\/philippeboulanger.com\/fr\/wp-json\/wp\/v2\/media?parent=15702"}],"wp:term":[{"taxonomy":"category","embeddable":true,"href":"https:\/\/philippeboulanger.com\/fr\/wp-json\/wp\/v2\/categories?post=15702"},{"taxonomy":"post_tag","embeddable":true,"href":"https:\/\/philippeboulanger.com\/fr\/wp-json\/wp\/v2\/tags?post=15702"}],"curies":[{"name":"wp","href":"https:\/\/api.w.org\/{rel}","templated":true}]}}