{"id":15714,"date":"2026-03-30T07:15:00","date_gmt":"2026-03-30T06:15:00","guid":{"rendered":"https:\/\/philippeboulanger.com\/?p=15714"},"modified":"2026-03-28T12:33:20","modified_gmt":"2026-03-28T11:33:20","slug":"utile-donc-coince","status":"publish","type":"post","link":"https:\/\/philippeboulanger.com\/fr\/utile-donc-coince\/","title":{"rendered":"Utile, donc coinc\u00e9"},"content":{"rendered":"\n<h2 class=\"wp-block-heading\" id=\"h-vous-pensez-construire-votre-valeur-l-entreprise-peut-y-voir-une-raison-de-vous-garder-au-meme-endroit\">Vous pensez construire votre valeur. L\u2019entreprise peut y voir une raison de vous garder au m\u00eame endroit.<\/h2>\n\n\n\n<p>On r\u00e9p\u00e8te souvent aux cadres qu\u2019il faut \u00eatre excellents, fiables, irr\u00e9prochables, constants. Le sous-texte para\u00eet rassurant : travaillez bien, soyez s\u00e9rieux, et votre trajectoire finira naturellement par monter.<\/p>\n\n\n\n<p>C\u2019est une fiction confortable.<\/p>\n\n\n\n<p>Dans beaucoup d\u2019organisations, on ne r\u00e9compense pas d\u2019abord le potentiel. On r\u00e9compense l\u2019utilit\u00e9 imm\u00e9diate. Et plus vous devenez utile dans une case pr\u00e9cise, plus cette case peut se refermer sur vous.<\/p>\n\n\n\n<p>Le probl\u00e8me n\u2019est pas votre comp\u00e9tence.<\/p>\n\n\n\n<p>Le probl\u00e8me, c\u2019est qu\u2019une comp\u00e9tence tr\u00e8s visible dans un p\u00e9rim\u00e8tre \u00e9troit peut devenir une prison \u00e9l\u00e9gante.<\/p>\n\n\n\n<p>Vous \u00eates celui ou celle qui tient la machine.<br>Celui ou celle qui rattrape les erreurs.<br>Celui ou celle qu\u2019on appelle quand il faut s\u00e9curiser.<br>Celui ou celle qu\u2019on n\u2019ose plus bouger parce que le syst\u00e8me s\u2019est organis\u00e9 autour de vous.<\/p>\n\n\n\n<p>\u00c0 partir de l\u00e0, votre excellence ne vous lib\u00e8re plus. Elle vous immobilise.<\/p>\n\n\n\n<h2 class=\"wp-block-heading\" id=\"h-le-silence-est-interprete-comme-un-consentement\">Le silence est interpr\u00e9t\u00e9 comme un consentement<\/h2>\n\n\n\n<p>Beaucoup de professionnels commettent la m\u00eame erreur strat\u00e9gique : ils pensent que leur travail parlera pour eux.<\/p>\n\n\n\n<p>Ils imaginent que leur manager voit leur ambition.<br>Ils imaginent que leur direction comprend leur lassitude.<br>Ils imaginent qu\u2019\u00e0 force d\u2019\u00eatre solides, quelqu\u2019un finira bien par leur ouvrir une autre porte.<\/p>\n\n\n\n<p>En r\u00e9alit\u00e9, le silence en entreprise produit rarement une lecture g\u00e9n\u00e9reuse.<\/p>\n\n\n\n<p>Quand vous ne dites rien, l\u2019organisation suppose souvent que la situation vous convient.<br>Quand vous ne formulez pas votre ambition, elle n\u2019existe pas dans le syst\u00e8me.<br>Quand vous ne demandez pas d\u2019exposition, le syst\u00e8me vous laisse dans l\u2019ombre.<br>Quand vous ne r\u00e9clamez pas d\u2019\u00e9largissement, il vous sp\u00e9cialise encore davantage.<\/p>\n\n\n\n<p>Autrement dit, votre r\u00e9serve est souvent lue comme une approbation.<\/p>\n\n\n\n<p>Voil\u00e0 pourquoi tant de carri\u00e8res d\u00e9vient sans bruit. Pas dans le chaos. Dans le confort. Dans l\u2019habitude. Dans le r\u00f4le ma\u00eetris\u00e9. Dans les r\u00e9unions o\u00f9 l\u2019on reste sage alors qu\u2019il faudrait devenir visible.<\/p>\n\n\n\n<h2 class=\"wp-block-heading\" id=\"h-le-piege-des-profils-trop-fiables\">Le pi\u00e8ge des profils trop fiables<\/h2>\n\n\n\n<p>Les organisations adorent les gens fiables. Elles en ont besoin.<\/p>\n\n\n\n<p>Mais elles n\u2019ont pas toujours int\u00e9r\u00eat \u00e0 les d\u00e9placer.<\/p>\n\n\n\n<p>C\u2019est l\u00e0 que le pi\u00e8ge devient redoutable : plus vous \u00eates performant dans le connu, plus il devient co\u00fbteux pour l\u2019entreprise de vous laisser explorer autre chose. Harvard Business Review rappelle d\u2019ailleurs que beaucoup de hauts performeurs finissent par partir lorsqu\u2019ils n\u2019ont plus le sentiment de grandir dans leur r\u00f4le (<a href=\"https:\/\/hbr.org\/2024\/06\/3-ways-to-build-a-culture-that-lets-high-performers-thrive?utm_source=philippeboulanger.com\">Harvard Business Review<\/a>).<\/p>\n\n\n\n<p>Le paradoxe est violent : vous croyez prouver que vous m\u00e9ritez davantage. Vous prouvez parfois au syst\u00e8me qu\u2019il a int\u00e9r\u00eat \u00e0 vous garder exactement l\u00e0 o\u00f9 vous \u00eates.<\/p>\n\n\n\n<p>Votre fiabilit\u00e9 vous rend indispensable.<br>Votre indispensabilit\u00e9 rend votre mobilit\u00e9 moins probable.<br>Et votre carri\u00e8re se fige avec des compliments.<\/p>\n\n\n\n<p>C\u2019est flatteur. Et terriblement dangereux.<\/p>\n\n\n\n<h2 class=\"wp-block-heading\" id=\"h-l-ia-change-la-valeur-de-ce-qui-etait-suffisant-hier\">L\u2019IA change la valeur de ce qui \u00e9tait suffisant hier<\/h2>\n\n\n\n<p>Pendant que certains s\u2019endorment dans cette utilit\u00e9 locale, l\u2019environnement change beaucoup plus vite que la plupart des organigrammes.<\/p>\n\n\n\n<p>Le World Economic Forum estime que d\u2019ici 2030, 39 % des comp\u00e9tences cl\u00e9s attendues sur le march\u00e9 du travail \u00e9volueront, et 59 % de la main-d\u2019\u0153uvre mondiale aura besoin de formation, de reconversion ou de mont\u00e9e en comp\u00e9tences (<a href=\"https:\/\/www.weforum.org\/publications\/the-future-of-jobs-report-2025\/?utm_source=philippeboulanger.com\">World Economic Forum<\/a>).<\/p>\n\n\n\n<p>Microsoft indiquait d\u00e9j\u00e0 en 2024 que 75 % des knowledge workers utilisaient l\u2019IA au travail. En 2025, son Work Trend Index d\u00e9crit l\u2019\u00e9mergence d\u2019entreprises qui se r\u00e9organisent autour d\u2019\u00e9quipes hybrides humains-agents, avec des dirigeants qui revoient d\u00e9j\u00e0 leur strat\u00e9gie et leurs op\u00e9rations (<a href=\"https:\/\/www.microsoft.com\/en-us\/worklab\/work-trend-index\/ai-at-work-is-here-now-comes-the-hard-part?utm_source=philippeboulanger.com\">Microsoft<\/a>, <a href=\"https:\/\/www.microsoft.com\/en-us\/worklab\/work-trend-index\/2025-the-year-the-frontier-firm-is-born?utm_source=philippeboulanger.com\">Microsoft<\/a>).<\/p>\n\n\n\n<p>Cela veut dire une chose tr\u00e8s simple : l\u2019exp\u00e9rience seule ne prot\u00e8ge plus. Ce qui prot\u00e8ge davantage, c\u2019est la capacit\u00e9 \u00e0 apprendre vite, \u00e0 reformuler sa valeur, \u00e0 collaborer avec de nouveaux outils, \u00e0 prendre sa place dans un syst\u00e8me qui se recompose.<\/p>\n\n\n\n<p>[Inference] L\u2019IA ne punit pas seulement les m\u00e9tiers les plus r\u00e9p\u00e9titifs. Elle fragilise aussi les professionnels qui se reposent sur une expertise devenue trop pr\u00e9visible.<\/p>\n\n\n\n<h2 class=\"wp-block-heading\" id=\"h-la-loyaute-discrete-n-est-plus-une-strategie-de-carriere\">La loyaut\u00e9 discr\u00e8te n\u2019est plus une strat\u00e9gie de carri\u00e8re<\/h2>\n\n\n\n<p>Pendant longtemps, beaucoup de salari\u00e9s ont \u00e9t\u00e9 \u00e9lev\u00e9s avec une id\u00e9e implicite : rester, encaisser, \u00eatre solide, attendre son tour.<\/p>\n\n\n\n<p>Cette logique s\u2019effondre.<\/p>\n\n\n\n<p>LinkedIn souligne que la mobilit\u00e9 interne redevient une priorit\u00e9 pour de nombreuses organisations, justement parce qu\u2019elle permet de faire circuler les comp\u00e9tences et d\u2019augmenter l\u2019agilit\u00e9 collective (<a href=\"https:\/\/learning.linkedin.com\/resources\/workplace-learning-report?utm_source=philippeboulanger.com\">LinkedIn<\/a>). McKinsey d\u00e9fend lui aussi des approches fond\u00e9es sur les comp\u00e9tences pour faciliter les trajectoires internes et \u00e9viter de figer les talents dans des cases trop rigides (<a href=\"https:\/\/www.mckinsey.com\/capabilities\/people-and-organizational-performance\/our-insights\/a-new-operating-model-for-people-management-more-personal-more-tech-more-human?utm_source=philippeboulanger.com\">McKinsey<\/a>, <a href=\"https:\/\/www.mckinsey.com\/capabilities\/people-and-organizational-performance\/our-insights\/taking-a-skills-based-approach-to-building-the-future-workforce?utm_source=philippeboulanger.com\">McKinsey<\/a>).<\/p>\n\n\n\n<p>Encore faut-il que vous rendiez votre mouvement possible.<\/p>\n\n\n\n<p>Une carri\u00e8re ne progresse pas toute seule.<br>Elle progresse quand vous rendez votre intention lisible.<br>Quand vous prenez la parole.<br>Quand vous demandez les projets exposants.<br>Quand vous acceptez de devenir un peu moins confortable et un peu plus visible.<\/p>\n\n\n\n<p>Le march\u00e9 du travail r\u00e9compense de plus en plus la lisibilit\u00e9, la vitesse d\u2019apprentissage, la capacit\u00e9 \u00e0 se d\u00e9placer, \u00e0 se r\u00e9inventer, \u00e0 rendre sa contribution intelligible.<\/p>\n\n\n\n<p>La discr\u00e9tion peut \u00eatre une qualit\u00e9 personnelle.<br>Elle ne peut plus \u00eatre l\u2019unique strat\u00e9gie professionnelle.<\/p>\n\n\n\n<h2 class=\"wp-block-heading\" id=\"h-reprendre-la-main-demande-de-devenir-legerement-derangeant\">Reprendre la main demande de devenir l\u00e9g\u00e8rement d\u00e9rangeant<\/h2>\n\n\n\n<p>C\u2019est exactement ce que je d\u00e9veloppe dans mon livre, chapitre 6 : l\u2019innovation commence dans l\u2019individu, avec la communication, la remise en question, l\u2019apprentissage et la mise en action. Et mon livre, chapitre 1 rappelle une r\u00e8gle peu confortable : ne comptez pas trop sur les autres pour vous sortir de l\u2019orni\u00e8re.<\/p>\n\n\n\n<p>Reprendre la main sur sa trajectoire ne veut pas dire devenir arrogant.<\/p>\n\n\n\n<p>Cela veut dire devenir explicite.<\/p>\n\n\n\n<p>Dire ce que vous visez.<br>Nommer ce que vous voulez apprendre.<br>Demander ce qui vous expose.<br>Refuser d\u2019\u00eatre r\u00e9duit \u00e0 la partie de vous qui rassure le syst\u00e8me.<br>Construire des preuves nouvelles de votre valeur avant que l\u2019environnement ne vous y oblige.<\/p>\n\n\n\n<p>Il y a un moment o\u00f9 rester sage co\u00fbte plus cher que devenir visible.<\/p>\n\n\n\n<p>Ce moment, beaucoup le d\u00e9couvrent trop tard.<\/p>\n\n\n\n<h2 class=\"wp-block-heading\" id=\"h-une-carriere-monte-rarement-par-recompense-naturelle\">Une carri\u00e8re monte rarement par r\u00e9compense naturelle<\/h2>\n\n\n\n<p>On aime raconter des histoires propres : le talent est vu, le m\u00e9rite est rep\u00e9r\u00e9, l\u2019organisation reconna\u00eet spontan\u00e9ment ceux qui sont pr\u00eats pour l\u2019\u00e9tape suivante.<\/p>\n\n\n\n<p>Parfois, cela arrive.<\/p>\n\n\n\n<p>Souvent, non.<\/p>\n\n\n\n<p>Une carri\u00e8re monte davantage parce qu\u2019une personne a su :<br>prendre la parole avant d\u2019y \u00eatre autoris\u00e9e,<br>se rendre visible avant d\u2019\u00eatre valid\u00e9e,<br>apprendre avant d\u2019\u00eatre en retard,<br>bouger avant d\u2019\u00eatre pouss\u00e9e,<br>et d\u00e9fendre sa trajectoire avec plus d\u2019\u00e9nergie que n\u2019importe quel manager \u00e0 sa place.<\/p>\n\n\n\n<p>Personne ne viendra prot\u00e9ger votre futur avec autant d\u2019intensit\u00e9 que vous.<\/p>\n\n\n\n<p>C\u2019est inconfortable \u00e0 accepter.<br>C\u2019est aussi une excellente nouvelle.<\/p>\n\n\n\n<p>Parce qu\u2019\u00e0 partir du moment o\u00f9 vous l\u2019acceptez, vous cessez d\u2019attendre une permission.<\/p>\n\n\n\n<p>Vous recommencez \u00e0 agir.<\/p>\n\n\n\n<h2 class=\"wp-block-heading\" id=\"h-references\">R\u00e9f\u00e9rences<\/h2>\n\n\n\n<p>(World Economic Forum) = <a href=\"https:\/\/www.weforum.org\/publications\/the-future-of-jobs-report-2025\/?utm_source=philippeboulanger.com\">https:\/\/www.weforum.org\/publications\/the-future-of-jobs-report-2025\/<\/a><br>(Microsoft) = <a href=\"https:\/\/www.microsoft.com\/en-us\/worklab\/work-trend-index\/ai-at-work-is-here-now-comes-the-hard-part?utm_source=philippeboulanger.com\">https:\/\/www.microsoft.com\/en-us\/worklab\/work-trend-index\/ai-at-work-is-here-now-comes-the-hard-part<\/a><br>(Microsoft) = <a href=\"https:\/\/www.microsoft.com\/en-us\/worklab\/work-trend-index\/2025-the-year-the-frontier-firm-is-born?utm_source=philippeboulanger.com\">https:\/\/www.microsoft.com\/en-us\/worklab\/work-trend-index\/2025-the-year-the-frontier-firm-is-born<\/a><br>(LinkedIn) = <a href=\"https:\/\/learning.linkedin.com\/resources\/workplace-learning-report?utm_source=philippeboulanger.com\">https:\/\/learning.linkedin.com\/resources\/workplace-learning-report<\/a><br>(Harvard Business Review) = <a href=\"https:\/\/hbr.org\/2024\/06\/3-ways-to-build-a-culture-that-lets-high-performers-thrive?utm_source=philippeboulanger.com\">https:\/\/hbr.org\/2024\/06\/3-ways-to-build-a-culture-that-lets-high-performers-thrive<\/a><br>(McKinsey) = <a href=\"https:\/\/www.mckinsey.com\/capabilities\/people-and-organizational-performance\/our-insights\/a-new-operating-model-for-people-management-more-personal-more-tech-more-human?utm_source=philippeboulanger.com\">https:\/\/www.mckinsey.com\/capabilities\/people-and-organizational-performance\/our-insights\/a-new-operating-model-for-people-management-more-personal-more-tech-more-human<\/a><br>(McKinsey) = <a href=\"https:\/\/www.mckinsey.com\/capabilities\/people-and-organizational-performance\/our-insights\/taking-a-skills-based-approach-to-building-the-future-workforce?utm_source=philippeboulanger.com\">https:\/\/www.mckinsey.com\/capabilities\/people-and-organizational-performance\/our-insights\/taking-a-skills-based-approach-to-building-the-future-workforce<\/a><\/p>\n","protected":false},"excerpt":{"rendered":"<p>Vous pensez construire votre valeur. L\u2019entreprise peut y voir une raison de vous garder au m\u00eame endroit. On r\u00e9p\u00e8te souvent aux cadres qu\u2019il faut \u00eatre excellents, fiables, irr\u00e9prochables, constants. Le sous-texte para\u00eet rassurant : travaillez bien, soyez s\u00e9rieux, et votre trajectoire finira naturellement par monter. C\u2019est une fiction confortable. Dans beaucoup d\u2019organisations, on ne r\u00e9compense [&hellip;]<\/p>\n","protected":false},"author":4,"featured_media":15715,"comment_status":"open","ping_status":"open","sticky":false,"template":"","format":"standard","meta":{"_acf_changed":false,"_jetpack_memberships_contains_paid_content":false,"footnotes":""},"categories":[50],"tags":[724,642,720,723,719,722,72,69,125,115,325,717,639,721,718],"class_list":["post-15714","post","type-post","status-publish","format-standard","has-post-thumbnail","hentry","category-intelligence-innovationnelle","tag-adaptation","tag-apprentissage","tag-carriere","tag-employabilite","tag-evolution-professionnelle","tag-hauts-potentiels","tag-ia","tag-innovation","tag-intelligence-artificielle","tag-leadership","tag-management","tag-mobilite-interne","tag-talent","tag-transformation-du-travail","tag-visibilite"],"acf":[],"yoast_head":"<!-- This site is optimized with the Yoast SEO Premium plugin v27.5 (Yoast SEO v27.5) - https:\/\/yoast.com\/product\/yoast-seo-premium-wordpress\/ -->\n<title>Utile, donc coinc\u00e9 - Philippe Boulanger<\/title>\n<meta name=\"description\" content=\"Pourquoi les cadres tr\u00e8s utiles finissent parfois coinc\u00e9s au m\u00eame poste. Carri\u00e8re, visibilit\u00e9, mobilit\u00e9 interne et adaptation \u00e0 l\u2019IA pour reprendre la main avant l\u2019immobilit\u00e9.\" \/>\n<meta name=\"robots\" content=\"index, follow, max-snippet:-1, max-image-preview:large, max-video-preview:-1\" \/>\n<link rel=\"canonical\" href=\"https:\/\/philippeboulanger.com\/fr\/utile-donc-coince\/\" \/>\n<meta property=\"og:locale\" content=\"fr_FR\" \/>\n<meta property=\"og:type\" content=\"article\" \/>\n<meta property=\"og:title\" content=\"Utile, donc coinc\u00e9\" \/>\n<meta property=\"og:description\" content=\"Pourquoi les cadres tr\u00e8s utiles finissent parfois coinc\u00e9s au m\u00eame poste. Carri\u00e8re, visibilit\u00e9, mobilit\u00e9 interne et adaptation \u00e0 l\u2019IA pour reprendre la main avant l\u2019immobilit\u00e9.\" \/>\n<meta property=\"og:url\" content=\"https:\/\/philippeboulanger.com\/fr\/utile-donc-coince\/\" \/>\n<meta property=\"og:site_name\" content=\"Philippe Boulanger\" \/>\n<meta property=\"article:publisher\" content=\"https:\/\/www.facebook.com\/philippe.boulanger.official\" \/>\n<meta property=\"article:published_time\" content=\"2026-03-30T06:15:00+00:00\" \/>\n<meta property=\"og:image\" content=\"https:\/\/philippeboulanger.com\/wp-content\/uploads\/2026\/03\/Carriere-arrachee-Philippe-Boulanger-scaled.webp\" \/>\n\t<meta property=\"og:image:width\" content=\"2560\" \/>\n\t<meta property=\"og:image:height\" content=\"1429\" \/>\n\t<meta property=\"og:image:type\" content=\"image\/jpeg\" \/>\n<meta name=\"author\" content=\"Philippe Boulanger\" \/>\n<meta name=\"twitter:card\" content=\"summary_large_image\" \/>\n<meta name=\"twitter:creator\" content=\"@Ph_Boulanger\" \/>\n<meta name=\"twitter:site\" content=\"@Ph_Boulanger\" \/>\n<meta name=\"twitter:label1\" content=\"\u00c9crit par\" \/>\n\t<meta name=\"twitter:data1\" content=\"Philippe Boulanger\" \/>\n\t<meta name=\"twitter:label2\" content=\"Dur\u00e9e de lecture estim\u00e9e\" \/>\n\t<meta name=\"twitter:data2\" content=\"5 minutes\" \/>\n<script type=\"application\/ld+json\" class=\"yoast-schema-graph\">{\"@context\":\"https:\\\/\\\/schema.org\",\"@graph\":[{\"@type\":\"Article\",\"@id\":\"https:\\\/\\\/philippeboulanger.com\\\/fr\\\/utile-donc-coince\\\/#article\",\"isPartOf\":{\"@id\":\"https:\\\/\\\/philippeboulanger.com\\\/fr\\\/utile-donc-coince\\\/\"},\"author\":{\"name\":\"Philippe Boulanger\",\"@id\":\"https:\\\/\\\/philippeboulanger.com\\\/fr\\\/#\\\/schema\\\/person\\\/6bb370f9c91a64097487f01391ea335f\"},\"headline\":\"Utile, donc coinc\u00e9\",\"datePublished\":\"2026-03-30T06:15:00+00:00\",\"mainEntityOfPage\":{\"@id\":\"https:\\\/\\\/philippeboulanger.com\\\/fr\\\/utile-donc-coince\\\/\"},\"wordCount\":1271,\"commentCount\":0,\"publisher\":{\"@id\":\"https:\\\/\\\/philippeboulanger.com\\\/fr\\\/#organization\"},\"image\":{\"@id\":\"https:\\\/\\\/philippeboulanger.com\\\/fr\\\/utile-donc-coince\\\/#primaryimage\"},\"thumbnailUrl\":\"https:\\\/\\\/philippeboulanger.com\\\/wp-content\\\/uploads\\\/2026\\\/03\\\/Carriere-arrachee-Philippe-Boulanger-scaled.webp?wsr\",\"keywords\":[\"adaptation\",\"apprentissage\",\"carri\u00e8re\",\"employabilit\u00e9\",\"\u00e9volution professionnelle\",\"hauts potentiels\",\"IA\",\"innovation\",\"intelligence artificielle\",\"leadership\",\"management\",\"mobilit\u00e9 interne\",\"talent\",\"transformation du travail\",\"visibilit\u00e9\"],\"articleSection\":[\"intelligence innovationnelle\u00ae\"],\"inLanguage\":\"fr-FR\",\"potentialAction\":[{\"@type\":\"CommentAction\",\"name\":\"Comment\",\"target\":[\"https:\\\/\\\/philippeboulanger.com\\\/fr\\\/utile-donc-coince\\\/#respond\"]}]},{\"@type\":\"WebPage\",\"@id\":\"https:\\\/\\\/philippeboulanger.com\\\/fr\\\/utile-donc-coince\\\/\",\"url\":\"https:\\\/\\\/philippeboulanger.com\\\/fr\\\/utile-donc-coince\\\/\",\"name\":\"Utile, donc coinc\u00e9 - Philippe Boulanger\",\"isPartOf\":{\"@id\":\"https:\\\/\\\/philippeboulanger.com\\\/fr\\\/#website\"},\"primaryImageOfPage\":{\"@id\":\"https:\\\/\\\/philippeboulanger.com\\\/fr\\\/utile-donc-coince\\\/#primaryimage\"},\"image\":{\"@id\":\"https:\\\/\\\/philippeboulanger.com\\\/fr\\\/utile-donc-coince\\\/#primaryimage\"},\"thumbnailUrl\":\"https:\\\/\\\/philippeboulanger.com\\\/wp-content\\\/uploads\\\/2026\\\/03\\\/Carriere-arrachee-Philippe-Boulanger-scaled.webp?wsr\",\"datePublished\":\"2026-03-30T06:15:00+00:00\",\"description\":\"Pourquoi les cadres tr\u00e8s utiles finissent parfois coinc\u00e9s au m\u00eame poste. Carri\u00e8re, visibilit\u00e9, mobilit\u00e9 interne et adaptation \u00e0 l\u2019IA pour reprendre la main avant l\u2019immobilit\u00e9.\",\"breadcrumb\":{\"@id\":\"https:\\\/\\\/philippeboulanger.com\\\/fr\\\/utile-donc-coince\\\/#breadcrumb\"},\"inLanguage\":\"fr-FR\",\"potentialAction\":[{\"@type\":\"ReadAction\",\"target\":[\"https:\\\/\\\/philippeboulanger.com\\\/fr\\\/utile-donc-coince\\\/\"]}]},{\"@type\":\"ImageObject\",\"inLanguage\":\"fr-FR\",\"@id\":\"https:\\\/\\\/philippeboulanger.com\\\/fr\\\/utile-donc-coince\\\/#primaryimage\",\"url\":\"https:\\\/\\\/philippeboulanger.com\\\/wp-content\\\/uploads\\\/2026\\\/03\\\/Carriere-arrachee-Philippe-Boulanger-scaled.webp?wsr\",\"contentUrl\":\"https:\\\/\\\/philippeboulanger.com\\\/wp-content\\\/uploads\\\/2026\\\/03\\\/Carriere-arrachee-Philippe-Boulanger-scaled.webp?wsr\",\"width\":2560,\"height\":1429},{\"@type\":\"BreadcrumbList\",\"@id\":\"https:\\\/\\\/philippeboulanger.com\\\/fr\\\/utile-donc-coince\\\/#breadcrumb\",\"itemListElement\":[{\"@type\":\"ListItem\",\"position\":1,\"name\":\"Home\",\"item\":\"https:\\\/\\\/philippeboulanger.com\\\/fr\\\/\"},{\"@type\":\"ListItem\",\"position\":2,\"name\":\"Utile, donc coinc\u00e9\"}]},{\"@type\":\"WebSite\",\"@id\":\"https:\\\/\\\/philippeboulanger.com\\\/fr\\\/#website\",\"url\":\"https:\\\/\\\/philippeboulanger.com\\\/fr\\\/\",\"name\":\"Philippe Boulanger\",\"description\":\"Global Keynote Speaker &amp; Advisor\",\"publisher\":{\"@id\":\"https:\\\/\\\/philippeboulanger.com\\\/fr\\\/#organization\"},\"potentialAction\":[{\"@type\":\"SearchAction\",\"target\":{\"@type\":\"EntryPoint\",\"urlTemplate\":\"https:\\\/\\\/philippeboulanger.com\\\/fr\\\/?s={search_term_string}\"},\"query-input\":{\"@type\":\"PropertyValueSpecification\",\"valueRequired\":true,\"valueName\":\"search_term_string\"}}],\"inLanguage\":\"fr-FR\"},{\"@type\":\"Organization\",\"@id\":\"https:\\\/\\\/philippeboulanger.com\\\/fr\\\/#organization\",\"name\":\"Philippe Boulanger - The Innovation Evangelist - Global Keynote Speaker\",\"url\":\"https:\\\/\\\/philippeboulanger.com\\\/fr\\\/\",\"logo\":{\"@type\":\"ImageObject\",\"inLanguage\":\"fr-FR\",\"@id\":\"https:\\\/\\\/philippeboulanger.com\\\/fr\\\/#\\\/schema\\\/logo\\\/image\\\/\",\"url\":\"https:\\\/\\\/philippeboulanger.com\\\/wp-content\\\/uploads\\\/2026\\\/01\\\/cropped-philippe-boulanger-favicon-2026.webp\",\"contentUrl\":\"https:\\\/\\\/philippeboulanger.com\\\/wp-content\\\/uploads\\\/2026\\\/01\\\/cropped-philippe-boulanger-favicon-2026.webp\",\"width\":512,\"height\":512,\"caption\":\"Philippe Boulanger - The Innovation Evangelist - Global Keynote Speaker\"},\"image\":{\"@id\":\"https:\\\/\\\/philippeboulanger.com\\\/fr\\\/#\\\/schema\\\/logo\\\/image\\\/\"},\"sameAs\":[\"https:\\\/\\\/www.facebook.com\\\/philippe.boulanger.official\",\"https:\\\/\\\/x.com\\\/Ph_Boulanger\",\"https:\\\/\\\/www.youtube.com\\\/@PhilippeBoulanger\",\"https:\\\/\\\/www.lespeakers.com\\\/conferencier\\\/philippe-boulanger\",\"https:\\\/\\\/www.adn-conferenciers.com\\\/conferenciers-philippe-boulanger\",\"https:\\\/\\\/www.wechamp-entreprise.co\\\/conferencier\\\/philippe-boulanger\\\/\",\"https:\\\/\\\/hyfen.fr\\\/intervenant\\\/philippe-boulanger\\\/\",\"https:\\\/\\\/okaydoc.fr\\\/philippe-boulanger-conferencier-innovation\\\/\",\"https:\\\/\\\/www.lesconferenciers.com\\\/conferencier\\\/philippe-boulanger\\\/\",\"https:\\\/\\\/simoneetnelson.com\\\/annuaire\\\/conferenciers\\\/philippe-boulanger\\\/\",\"https:\\\/\\\/myspeaker.fr\\\/conferenciers\\\/philippe-boulanger\\\/\",\"https:\\\/\\\/www.premium-communication.fr\\\/conferenciers\\\/ia-et-innovation\\\/boulanger\",\"https:\\\/\\\/www.vivavox.fr\\\/conferencier\\\/233\\\/\",\"https:\\\/\\\/www.a-speakers.fr\\\/conferencier\\\/philippe-boulanger\\\/\",\"https:\\\/\\\/www.espeakers.com\\\/marketplace\\\/profile\\\/41889\\\/philippe-boulanger\",\"https:\\\/\\\/www.dunod.com\\\/livres-philippe-boulanger-2\",\"https:\\\/\\\/www.amazon.fr\\\/stores\\\/Dr-Philippe-Boulanger\\\/author\\\/B0DD4CMFDX\",\"https:\\\/\\\/www.lecampus.online\\\/conferenciers\\\/philippe-boulanger\",\"https:\\\/\\\/www.startnplay.com\\\/personnalite\\\/conferencier\\\/phlippe-boulanger\\\/\"]},{\"@type\":\"Person\",\"@id\":\"https:\\\/\\\/philippeboulanger.com\\\/fr\\\/#\\\/schema\\\/person\\\/6bb370f9c91a64097487f01391ea335f\",\"name\":\"Philippe Boulanger\",\"image\":{\"@type\":\"ImageObject\",\"inLanguage\":\"fr-FR\",\"@id\":\"https:\\\/\\\/secure.gravatar.com\\\/avatar\\\/7e269ce6778aacfb26aa4350739359d938962ebf752aa458b862bfd78ff946c1?s=96&d=mm&r=g\",\"url\":\"https:\\\/\\\/secure.gravatar.com\\\/avatar\\\/7e269ce6778aacfb26aa4350739359d938962ebf752aa458b862bfd78ff946c1?s=96&d=mm&r=g\",\"contentUrl\":\"https:\\\/\\\/secure.gravatar.com\\\/avatar\\\/7e269ce6778aacfb26aa4350739359d938962ebf752aa458b862bfd78ff946c1?s=96&d=mm&r=g\",\"caption\":\"Philippe Boulanger\"},\"url\":\"https:\\\/\\\/philippeboulanger.com\\\/fr\\\/author\\\/boulanger-philgmail-com\\\/\"}]}<\/script>\n<!-- \/ Yoast SEO Premium plugin. -->","yoast_head_json":{"title":"Utile, donc coinc\u00e9 - Philippe Boulanger","description":"Pourquoi les cadres tr\u00e8s utiles finissent parfois coinc\u00e9s au m\u00eame poste. Carri\u00e8re, visibilit\u00e9, mobilit\u00e9 interne et adaptation \u00e0 l\u2019IA pour reprendre la main avant l\u2019immobilit\u00e9.","robots":{"index":"index","follow":"follow","max-snippet":"max-snippet:-1","max-image-preview":"max-image-preview:large","max-video-preview":"max-video-preview:-1"},"canonical":"https:\/\/philippeboulanger.com\/fr\/utile-donc-coince\/","og_locale":"fr_FR","og_type":"article","og_title":"Utile, donc coinc\u00e9","og_description":"Pourquoi les cadres tr\u00e8s utiles finissent parfois coinc\u00e9s au m\u00eame poste. Carri\u00e8re, visibilit\u00e9, mobilit\u00e9 interne et adaptation \u00e0 l\u2019IA pour reprendre la main avant l\u2019immobilit\u00e9.","og_url":"https:\/\/philippeboulanger.com\/fr\/utile-donc-coince\/","og_site_name":"Philippe Boulanger","article_publisher":"https:\/\/www.facebook.com\/philippe.boulanger.official","article_published_time":"2026-03-30T06:15:00+00:00","og_image":[{"width":2560,"height":1429,"url":"https:\/\/philippeboulanger.com\/wp-content\/uploads\/2026\/03\/Carriere-arrachee-Philippe-Boulanger-scaled.webp","type":"image\/jpeg"}],"author":"Philippe Boulanger","twitter_card":"summary_large_image","twitter_creator":"@Ph_Boulanger","twitter_site":"@Ph_Boulanger","twitter_misc":{"\u00c9crit par":"Philippe Boulanger","Dur\u00e9e de lecture estim\u00e9e":"5 minutes"},"schema":{"@context":"https:\/\/schema.org","@graph":[{"@type":"Article","@id":"https:\/\/philippeboulanger.com\/fr\/utile-donc-coince\/#article","isPartOf":{"@id":"https:\/\/philippeboulanger.com\/fr\/utile-donc-coince\/"},"author":{"name":"Philippe Boulanger","@id":"https:\/\/philippeboulanger.com\/fr\/#\/schema\/person\/6bb370f9c91a64097487f01391ea335f"},"headline":"Utile, donc coinc\u00e9","datePublished":"2026-03-30T06:15:00+00:00","mainEntityOfPage":{"@id":"https:\/\/philippeboulanger.com\/fr\/utile-donc-coince\/"},"wordCount":1271,"commentCount":0,"publisher":{"@id":"https:\/\/philippeboulanger.com\/fr\/#organization"},"image":{"@id":"https:\/\/philippeboulanger.com\/fr\/utile-donc-coince\/#primaryimage"},"thumbnailUrl":"https:\/\/philippeboulanger.com\/wp-content\/uploads\/2026\/03\/Carriere-arrachee-Philippe-Boulanger-scaled.webp?wsr","keywords":["adaptation","apprentissage","carri\u00e8re","employabilit\u00e9","\u00e9volution professionnelle","hauts potentiels","IA","innovation","intelligence artificielle","leadership","management","mobilit\u00e9 interne","talent","transformation du travail","visibilit\u00e9"],"articleSection":["intelligence innovationnelle\u00ae"],"inLanguage":"fr-FR","potentialAction":[{"@type":"CommentAction","name":"Comment","target":["https:\/\/philippeboulanger.com\/fr\/utile-donc-coince\/#respond"]}]},{"@type":"WebPage","@id":"https:\/\/philippeboulanger.com\/fr\/utile-donc-coince\/","url":"https:\/\/philippeboulanger.com\/fr\/utile-donc-coince\/","name":"Utile, donc coinc\u00e9 - Philippe Boulanger","isPartOf":{"@id":"https:\/\/philippeboulanger.com\/fr\/#website"},"primaryImageOfPage":{"@id":"https:\/\/philippeboulanger.com\/fr\/utile-donc-coince\/#primaryimage"},"image":{"@id":"https:\/\/philippeboulanger.com\/fr\/utile-donc-coince\/#primaryimage"},"thumbnailUrl":"https:\/\/philippeboulanger.com\/wp-content\/uploads\/2026\/03\/Carriere-arrachee-Philippe-Boulanger-scaled.webp?wsr","datePublished":"2026-03-30T06:15:00+00:00","description":"Pourquoi les cadres tr\u00e8s utiles finissent parfois coinc\u00e9s au m\u00eame poste. Carri\u00e8re, visibilit\u00e9, mobilit\u00e9 interne et adaptation \u00e0 l\u2019IA pour reprendre la main avant l\u2019immobilit\u00e9.","breadcrumb":{"@id":"https:\/\/philippeboulanger.com\/fr\/utile-donc-coince\/#breadcrumb"},"inLanguage":"fr-FR","potentialAction":[{"@type":"ReadAction","target":["https:\/\/philippeboulanger.com\/fr\/utile-donc-coince\/"]}]},{"@type":"ImageObject","inLanguage":"fr-FR","@id":"https:\/\/philippeboulanger.com\/fr\/utile-donc-coince\/#primaryimage","url":"https:\/\/philippeboulanger.com\/wp-content\/uploads\/2026\/03\/Carriere-arrachee-Philippe-Boulanger-scaled.webp?wsr","contentUrl":"https:\/\/philippeboulanger.com\/wp-content\/uploads\/2026\/03\/Carriere-arrachee-Philippe-Boulanger-scaled.webp?wsr","width":2560,"height":1429},{"@type":"BreadcrumbList","@id":"https:\/\/philippeboulanger.com\/fr\/utile-donc-coince\/#breadcrumb","itemListElement":[{"@type":"ListItem","position":1,"name":"Home","item":"https:\/\/philippeboulanger.com\/fr\/"},{"@type":"ListItem","position":2,"name":"Utile, donc coinc\u00e9"}]},{"@type":"WebSite","@id":"https:\/\/philippeboulanger.com\/fr\/#website","url":"https:\/\/philippeboulanger.com\/fr\/","name":"Philippe Boulanger","description":"Global Keynote Speaker &amp; Advisor","publisher":{"@id":"https:\/\/philippeboulanger.com\/fr\/#organization"},"potentialAction":[{"@type":"SearchAction","target":{"@type":"EntryPoint","urlTemplate":"https:\/\/philippeboulanger.com\/fr\/?s={search_term_string}"},"query-input":{"@type":"PropertyValueSpecification","valueRequired":true,"valueName":"search_term_string"}}],"inLanguage":"fr-FR"},{"@type":"Organization","@id":"https:\/\/philippeboulanger.com\/fr\/#organization","name":"Philippe Boulanger - The Innovation Evangelist - Global Keynote Speaker","url":"https:\/\/philippeboulanger.com\/fr\/","logo":{"@type":"ImageObject","inLanguage":"fr-FR","@id":"https:\/\/philippeboulanger.com\/fr\/#\/schema\/logo\/image\/","url":"https:\/\/philippeboulanger.com\/wp-content\/uploads\/2026\/01\/cropped-philippe-boulanger-favicon-2026.webp","contentUrl":"https:\/\/philippeboulanger.com\/wp-content\/uploads\/2026\/01\/cropped-philippe-boulanger-favicon-2026.webp","width":512,"height":512,"caption":"Philippe Boulanger - The Innovation Evangelist - Global Keynote Speaker"},"image":{"@id":"https:\/\/philippeboulanger.com\/fr\/#\/schema\/logo\/image\/"},"sameAs":["https:\/\/www.facebook.com\/philippe.boulanger.official","https:\/\/x.com\/Ph_Boulanger","https:\/\/www.youtube.com\/@PhilippeBoulanger","https:\/\/www.lespeakers.com\/conferencier\/philippe-boulanger","https:\/\/www.adn-conferenciers.com\/conferenciers-philippe-boulanger","https:\/\/www.wechamp-entreprise.co\/conferencier\/philippe-boulanger\/","https:\/\/hyfen.fr\/intervenant\/philippe-boulanger\/","https:\/\/okaydoc.fr\/philippe-boulanger-conferencier-innovation\/","https:\/\/www.lesconferenciers.com\/conferencier\/philippe-boulanger\/","https:\/\/simoneetnelson.com\/annuaire\/conferenciers\/philippe-boulanger\/","https:\/\/myspeaker.fr\/conferenciers\/philippe-boulanger\/","https:\/\/www.premium-communication.fr\/conferenciers\/ia-et-innovation\/boulanger","https:\/\/www.vivavox.fr\/conferencier\/233\/","https:\/\/www.a-speakers.fr\/conferencier\/philippe-boulanger\/","https:\/\/www.espeakers.com\/marketplace\/profile\/41889\/philippe-boulanger","https:\/\/www.dunod.com\/livres-philippe-boulanger-2","https:\/\/www.amazon.fr\/stores\/Dr-Philippe-Boulanger\/author\/B0DD4CMFDX","https:\/\/www.lecampus.online\/conferenciers\/philippe-boulanger","https:\/\/www.startnplay.com\/personnalite\/conferencier\/phlippe-boulanger\/"]},{"@type":"Person","@id":"https:\/\/philippeboulanger.com\/fr\/#\/schema\/person\/6bb370f9c91a64097487f01391ea335f","name":"Philippe Boulanger","image":{"@type":"ImageObject","inLanguage":"fr-FR","@id":"https:\/\/secure.gravatar.com\/avatar\/7e269ce6778aacfb26aa4350739359d938962ebf752aa458b862bfd78ff946c1?s=96&d=mm&r=g","url":"https:\/\/secure.gravatar.com\/avatar\/7e269ce6778aacfb26aa4350739359d938962ebf752aa458b862bfd78ff946c1?s=96&d=mm&r=g","contentUrl":"https:\/\/secure.gravatar.com\/avatar\/7e269ce6778aacfb26aa4350739359d938962ebf752aa458b862bfd78ff946c1?s=96&d=mm&r=g","caption":"Philippe Boulanger"},"url":"https:\/\/philippeboulanger.com\/fr\/author\/boulanger-philgmail-com\/"}]}},"jetpack_featured_media_url":"https:\/\/philippeboulanger.com\/wp-content\/uploads\/2026\/03\/Carriere-arrachee-Philippe-Boulanger-scaled.webp?wsr","jetpack_sharing_enabled":true,"_links":{"self":[{"href":"https:\/\/philippeboulanger.com\/fr\/wp-json\/wp\/v2\/posts\/15714","targetHints":{"allow":["GET"]}}],"collection":[{"href":"https:\/\/philippeboulanger.com\/fr\/wp-json\/wp\/v2\/posts"}],"about":[{"href":"https:\/\/philippeboulanger.com\/fr\/wp-json\/wp\/v2\/types\/post"}],"author":[{"embeddable":true,"href":"https:\/\/philippeboulanger.com\/fr\/wp-json\/wp\/v2\/users\/4"}],"replies":[{"embeddable":true,"href":"https:\/\/philippeboulanger.com\/fr\/wp-json\/wp\/v2\/comments?post=15714"}],"version-history":[{"count":1,"href":"https:\/\/philippeboulanger.com\/fr\/wp-json\/wp\/v2\/posts\/15714\/revisions"}],"predecessor-version":[{"id":15716,"href":"https:\/\/philippeboulanger.com\/fr\/wp-json\/wp\/v2\/posts\/15714\/revisions\/15716"}],"wp:featuredmedia":[{"embeddable":true,"href":"https:\/\/philippeboulanger.com\/fr\/wp-json\/wp\/v2\/media\/15715"}],"wp:attachment":[{"href":"https:\/\/philippeboulanger.com\/fr\/wp-json\/wp\/v2\/media?parent=15714"}],"wp:term":[{"taxonomy":"category","embeddable":true,"href":"https:\/\/philippeboulanger.com\/fr\/wp-json\/wp\/v2\/categories?post=15714"},{"taxonomy":"post_tag","embeddable":true,"href":"https:\/\/philippeboulanger.com\/fr\/wp-json\/wp\/v2\/tags?post=15714"}],"curies":[{"name":"wp","href":"https:\/\/api.w.org\/{rel}","templated":true}]}}