{"id":15817,"date":"2026-04-07T06:00:00","date_gmt":"2026-04-07T05:00:00","guid":{"rendered":"https:\/\/philippeboulanger.com\/?p=15817"},"modified":"2026-04-06T10:13:04","modified_gmt":"2026-04-06T09:13:04","slug":"apple-a-commence-dans-le-flou","status":"publish","type":"post","link":"https:\/\/philippeboulanger.com\/fr\/apple-a-commence-dans-le-flou\/","title":{"rendered":"Apple a commenc\u00e9 dans le flou"},"content":{"rendered":"\n<p>Les d\u00e9buts d\u2019Apple n\u2019ont rien d\u2019un conte pour enfants. Ils ressemblent davantage \u00e0 une zone grise o\u00f9 se croisent bidouille \u00e9lectronique, intuition commerciale, culture hacker et ex\u00e9cution f\u00e9roce.<\/p>\n\n\n\n<p>On r\u00e9p\u00e8te souvent l\u2019histoire du garage comme si tout \u00e9tait d\u00e9j\u00e0 propre, lin\u00e9aire, presque in\u00e9vitable. Cette version rassure. Elle simplifie. Elle gomme surtout ce que l\u2019origine d\u2019Apple raconte vraiment : une entreprise majeure peut na\u00eetre dans l\u2019inconfort, l\u2019ill\u00e9galit\u00e9 p\u00e9riph\u00e9rique, l\u2019exp\u00e9rimentation permanente et une lecture du march\u00e9 bien plus rapide que celle des autres. (<a href=\"https:\/\/www.mac4ever.com\/culture\/195395-jeu-video-vente-illegale-d-electronique-les-origines-obscures-d-apple?utm_source=philippeboulanger.com\">Mac4Ever<\/a>)<\/p>\n\n\n\n<h2 class=\"wp-block-heading\" id=\"h-le-garage-masque-l-essentiel\">Le garage masque l\u2019essentiel<\/h2>\n\n\n\n<p>Le garage est devenu un d\u00e9cor mythologique. Il permet de raconter Apple comme une jolie histoire am\u00e9ricaine de d\u00e9brouille. Mais le garage n\u2019est pas le sujet. Le sujet, c\u2019est ce qui se passe avant et autour.<\/p>\n\n\n\n<p>Avant Apple, il y a d\u00e9j\u00e0 une m\u00e9canique strat\u00e9gique en place. Wozniak con\u00e7oit. Jobs d\u00e9tecte la valeur. Woz pousse la logique technique tr\u00e8s loin. Jobs sent le point de bascule o\u00f9 une prouesse peut devenir un produit. Cette compl\u00e9mentarit\u00e9 n\u2019est pas un d\u00e9tail de casting. C\u2019est la structure m\u00eame du futur succ\u00e8s. Le Computer History Museum rappelle que Wozniak a con\u00e7u l\u2019Apple-1 et l\u2019a d\u2019abord montr\u00e9 comme une d\u00e9monstration de talent au Homebrew Computer Club, pendant que Jobs voyait comment le vendre. (<a href=\"https:\/\/computerhistory.org\/blog\/steve-jobs\/?utm_source=philippeboulanger.com\">Computer History Museum<\/a>, <a href=\"https:\/\/www.computerhistory.org\/revolution\/personal-computers\/17\/312?utm_source=philippeboulanger.com\">Computer History Museum<\/a>)<\/p>\n\n\n\n<p>Autrement dit : l\u2019un prouve que c\u2019est possible, l\u2019autre impose l\u2019id\u00e9e que cela doit exister sur un march\u00e9.<\/p>\n\n\n\n<p>Beaucoup d\u2019organisations ratent exactement ce point. Elles disposent de gens brillants. Elles disposent parfois m\u00eame d\u2019id\u00e9es sup\u00e9rieures. Elles \u00e9chouent pourtant \u00e0 produire de l\u2019innovation, parce qu\u2019elles laissent la valeur technique vivre sans traduction commerciale.<\/p>\n\n\n\n<h2 class=\"wp-block-heading\" id=\"h-la-blue-box-n-etait-pas-un-accident-moral\">La Blue Box n\u2019\u00e9tait pas un accident moral<\/h2>\n\n\n\n<p>L\u2019un des \u00e9pisodes les plus r\u00e9v\u00e9lateurs des d\u00e9buts d\u2019Apple reste la Blue Box. Wozniak et Jobs ont con\u00e7u et vendu ces appareils capables de passer des appels longue distance gratuitement en exploitant le syst\u00e8me t\u00e9l\u00e9phonique. Oui, c\u2019\u00e9tait ill\u00e9gal. Oui, c\u2019\u00e9tait d\u00e9j\u00e0 du business. Et oui, c\u2019\u00e9tait aussi un prototype mental de ce que deviendra Apple. Le Computer History Museum situe clairement cet \u00e9pisode avant la cr\u00e9ation d\u2019Apple et le relie \u00e0 la trajectoire des deux Steve. (<a href=\"https:\/\/www.computerhistory.org\/revolution\/personal-computers\/17\/300?utm_source=philippeboulanger.com\">Computer History Museum<\/a>, <a href=\"https:\/\/www.computerhistory.org\/internethistory\/1970s\/?utm_source=philippeboulanger.com\">Computer History Museum<\/a>)<\/p>\n\n\n\n<p>Pourquoi cet \u00e9pisode est-il si important ?<\/p>\n\n\n\n<p>Parce qu\u2019il montre quatre choses.<\/p>\n\n\n\n<p>D\u2019abord, qu\u2019un syst\u00e8me \u00e9tabli peut \u00eatre compris assez profond\u00e9ment pour \u00eatre contourn\u00e9. Ensuite, qu\u2019une solution technique, m\u00eame marginale, peut d\u00e9clencher une demande imm\u00e9diate. Puis, qu\u2019un duo peut d\u00e9j\u00e0 fonctionner avec une division naturelle des r\u00f4les : l\u2019un construit, l\u2019autre vend. Enfin, qu\u2019avant m\u00eame Apple, Jobs avait d\u00e9j\u00e0 compris qu\u2019une invention ne vaut rien si elle ne circule pas.<\/p>\n\n\n\n<p>La Blue Box n\u2019est donc pas seulement une anecdote sulfureuse. C\u2019est une r\u00e9p\u00e9tition g\u00e9n\u00e9rale. Un test grandeur nature de leur combinaison fondatrice.<\/p>\n\n\n\n<h2 class=\"wp-block-heading\" id=\"h-breakout-a-confirme-une-logique\">Breakout a confirm\u00e9 une logique<\/h2>\n\n\n\n<p>L\u2019\u00e9pisode Atari autour de Breakout ajoute une autre couche \u00e0 l\u2019histoire. Atari indique que Steve Jobs et Steve Wozniak ont travaill\u00e9 sur Breakout, et l\u2019entreprise rappelle que Wozniak a r\u00e9alis\u00e9 un prototype ensuite retravaill\u00e9 pour l\u2019industrialisation. (<a href=\"https:\/\/atari.com\/pages\/history\">Atari<\/a>, <a href=\"https:\/\/atari.com\/blogs\/atari\/new-insight-into-breakout-s-origins\">Atari<\/a>)<\/p>\n\n\n\n<p>Ce point m\u00e9rite d\u2019\u00eatre regard\u00e9 avec finesse.<\/p>\n\n\n\n<p>Dans beaucoup de r\u00e9cits simplifi\u00e9s, Breakout devient la preuve d\u2019un g\u00e9nie pur. En r\u00e9alit\u00e9, l\u2019\u00e9pisode montre autre chose : compacter, optimiser, faire tenir davantage dans moins, apprendre vite sous contrainte, puis constater qu\u2019un exploit technique n\u2019est pas automatiquement une solution industrialisable \u00e0 l\u2019identique.<\/p>\n\n\n\n<p>C\u2019est une v\u00e9rit\u00e9 que beaucoup d\u2019entreprises refusent encore de regarder. Une prouesse n\u2019est pas un produit. Une performance d\u2019ing\u00e9nieur n\u2019est pas encore une innovation. Une d\u00e9mo qui impressionne en interne ne prouve pas qu\u2019un march\u00e9 suivra.<\/p>\n\n\n\n<p>C\u2019est pr\u00e9cis\u00e9ment ce que je d\u00e9veloppe dans mon livre : sans mise en \u0153uvre, sans adoption, sans passage dans le r\u00e9el, on reste dans l\u2019id\u00e9e, l\u2019invention potentielle ou le talent brut, pas dans l\u2019innovation (mon livre, chapitre 3).<\/p>\n\n\n\n<h2 class=\"wp-block-heading\" id=\"h-l-apple-i-revele-le-vrai-basculement\">L\u2019Apple I r\u00e9v\u00e8le le vrai basculement<\/h2>\n\n\n\n<p>Le moment d\u00e9cisif arrive quand Wozniak pr\u00e9sente l\u2019Apple-1 au Homebrew Computer Club. L\u00e0 encore, deux lectures du m\u00eame objet coexistent. Pour beaucoup, c\u2019est une belle carte \u00e9lectronique. Pour Wozniak, c\u2019est une prouesse \u00e9l\u00e9gante. Pour Jobs, c\u2019est d\u00e9j\u00e0 une offre. Le Computer History Museum rappelle que le prototype Apple-1 a \u00e9t\u00e9 montr\u00e9 au Homebrew Club et que l\u2019Apple-1 a ensuite \u00e9t\u00e9 commercialis\u00e9 comme ordinateur mono-carte destin\u00e9 aux passionn\u00e9s. (<a href=\"https:\/\/computerhistory.org\/apple-timeline\/?utm_source=philippeboulanger.com\">Computer History Museum<\/a>, <a href=\"https:\/\/www.computerhistory.org\/timeline\/computers\/?utm_source=philippeboulanger.com\">Computer History Museum<\/a>)<\/p>\n\n\n\n<p>C\u2019est ici que beaucoup se trompent sur Apple.<\/p>\n\n\n\n<p>Apple n\u2019a pas seulement d\u00e9marr\u00e9 avec un bon produit. Apple a d\u00e9marr\u00e9 avec une capacit\u00e9 \u00e0 lire plus vite que d\u2019autres le passage entre bricolage prometteur et objet vendable.<\/p>\n\n\n\n<p>La diff\u00e9rence entre une entreprise qui marque l\u2019histoire et une \u00e9quipe qui reste sympathique dans son coin se joue souvent \u00e0 cet endroit pr\u00e9cis : qui voit le produit pendant que les autres admirent encore le prototype ?<\/p>\n\n\n\n<h2 class=\"wp-block-heading\" id=\"h-les-debuts-etranges-d-apple-racontent-la-vraie-nature-de-l-innovation\">Les d\u00e9buts \u00e9tranges d\u2019Apple racontent la vraie nature de l\u2019innovation<\/h2>\n\n\n\n<p>Les d\u00e9buts d\u2019Apple d\u00e9rangent parce qu\u2019ils contredisent la version propre que tant d\u2019entreprises aiment raconter sur elles-m\u00eames.<\/p>\n\n\n\n<p>On aimerait croire que les leaders \u00e9mergent depuis un cadre net, parfaitement l\u00e9gal, parfaitement structur\u00e9, parfaitement align\u00e9 avec les process futurs. La r\u00e9alit\u00e9 est plus rugueuse. Les trajectoires qui changent un march\u00e9 commencent fr\u00e9quemment dans des zones de tension : un usage d\u00e9tourn\u00e9, un angle mort r\u00e9glementaire, une exp\u00e9rimentation non orthodoxe, une lecture plus vive d\u2019un besoin latent.<\/p>\n\n\n\n<p>Cela ne veut pas dire qu\u2019il faut glorifier l\u2019ill\u00e9galit\u00e9. Cela veut dire autre chose : les march\u00e9s sont souvent transform\u00e9s par des gens qui voient dans un d\u00e9tail technique, un comportement marginal ou un syst\u00e8me verrouill\u00e9 un futur produit, pendant que les autres y voient un risque, une curiosit\u00e9 ou une perte de temps.<\/p>\n\n\n\n<p>Apple n\u2019a pas gagn\u00e9 parce qu\u2019elle \u00e9tait pure.<\/p>\n\n\n\n<p>Apple a gagn\u00e9 parce qu\u2019elle a align\u00e9 une alchimie rare : talent technique, instinct commercial, vitesse d\u2019apprentissage et passage \u00e0 l\u2019ex\u00e9cution.<\/p>\n\n\n\n<h2 class=\"wp-block-heading\" id=\"h-beaucoup-d-entreprises-preferent-l-idee-a-la-mise-en-oeuvre\">Beaucoup d\u2019entreprises pr\u00e9f\u00e8rent l\u2019id\u00e9e \u00e0 la mise en \u0153uvre<\/h2>\n\n\n\n<p>Voil\u00e0 la claque utile que cette histoire devrait envoyer aux dirigeants.<\/p>\n\n\n\n<p>Dans les organisations \u00e9tablies, les id\u00e9es int\u00e9ressantes s\u2019empilent partout. Ce qui manque n\u2019est g\u00e9n\u00e9ralement pas l\u2019intelligence. Ce qui manque, c\u2019est le passage \u00e0 l\u2019acte. Le mouvement. Le droit d\u2019exp\u00e9rimenter. La capacit\u00e9 \u00e0 accepter qu\u2019une premi\u00e8re version soit imparfaite tant qu\u2019elle permet d\u2019apprendre plus vite que le march\u00e9.<\/p>\n\n\n\n<p>Les d\u00e9buts d\u2019Apple rappellent une v\u00e9rit\u00e9 que les structures trop conformes aiment \u00e9viter : le march\u00e9 ne r\u00e9compense pas la puret\u00e9 th\u00e9orique. Il r\u00e9compense la transformation d\u2019une intuition en solution adopt\u00e9e.<\/p>\n\n\n\n<p>Et c\u2019est l\u00e0 que beaucoup perdent des ann\u00e9es. Elles commentent. Elles cadrent. Elles consolident. Elles comparent. Elles attendent le bon moment. Pendant ce temps, quelqu\u2019un d\u2019autre avance avec quelque chose de moins parfait, mais d\u00e9j\u00e0 r\u00e9el.<\/p>\n\n\n\n<h2 class=\"wp-block-heading\" id=\"h-ce-que-les-debuts-d-apple-devraient-vous-faire-regarder-autrement\">Ce que les d\u00e9buts d\u2019Apple devraient vous faire regarder autrement<\/h2>\n\n\n\n<p>Regardez vos projets en cours avec lucidit\u00e9.<\/p>\n\n\n\n<p>Lequel ressemble aujourd\u2019hui \u00e0 une belle id\u00e9e applaudie en interne mais jamais pouss\u00e9e assez loin pour devenir une offre ?<\/p>\n\n\n\n<p>Lequel reste bloqu\u00e9 au stade \u201cint\u00e9ressant\u201d parce qu\u2019aucun Jobs interne n\u2019a pris le relais pour en faire un produit, un service, un usage, une adoption ?<\/p>\n\n\n\n<p>Le plus grand risque n\u2019est pas toujours de lancer trop t\u00f4t.<\/p>\n\n\n\n<p>Le plus grand risque est souvent de laisser mourir une intuition faute d\u2019ex\u00e9cution.<\/p>\n\n\n\n<p>C\u2019est exactement le type de sujet que je d\u00e9monte dans mes conf\u00e9rences, ateliers et accompagnements, parce que l\u2019innovation ne se juge pas au charme d\u2019une id\u00e9e. Elle se juge \u00e0 sa capacit\u00e9 \u00e0 entrer dans le r\u00e9el, \u00e0 trouver son usage, et \u00e0 d\u00e9placer un march\u00e9.<\/p>\n\n\n\n<h2 class=\"wp-block-heading\" id=\"h-references\">R\u00e9f\u00e9rences<\/h2>\n\n\n\n<p>(Mac4Ever) = <a href=\"https:\/\/www.mac4ever.com\/culture\/195395-jeu-video-vente-illegale-d-electronique-les-origines-obscures-d-apple?utm_source=philippeboulanger.com\">https:\/\/www.mac4ever.com\/culture\/195395-jeu-video-vente-illegale-d-electronique-les-origines-obscures-d-apple<\/a><br>(Computer History Museum \u2013 Steve Jobs) = <a href=\"https:\/\/computerhistory.org\/blog\/steve-jobs\/?utm_source=philippeboulanger.com\">https:\/\/computerhistory.org\/blog\/steve-jobs\/<\/a><br>(Computer History Museum \u2013 Homebrew Computer Club) = <a href=\"https:\/\/www.computerhistory.org\/revolution\/personal-computers\/17\/312?utm_source=philippeboulanger.com\">https:\/\/www.computerhistory.org\/revolution\/personal-computers\/17\/312<\/a><br>(Computer History Museum \u2013 Apple II \/ Blue Boxes) = <a href=\"https:\/\/www.computerhistory.org\/revolution\/personal-computers\/17\/300?utm_source=philippeboulanger.com\">https:\/\/www.computerhistory.org\/revolution\/personal-computers\/17\/300<\/a><br>(Computer History Museum \u2013 Internet History of 1970s) = <a href=\"https:\/\/www.computerhistory.org\/internethistory\/1970s\/?utm_source=philippeboulanger.com\">https:\/\/www.computerhistory.org\/internethistory\/1970s\/<\/a><br>(Atari \u2013 History) = <a href=\"https:\/\/atari.com\/pages\/history\">https:\/\/atari.com\/pages\/history<\/a><br>(Atari \u2013 Breakout origins) = <a href=\"https:\/\/atari.com\/blogs\/atari\/new-insight-into-breakout-s-origins\">https:\/\/atari.com\/blogs\/atari\/new-insight-into-breakout-s-origins<\/a><br>(Computer History Museum \u2013 Apple timeline) = <a href=\"https:\/\/computerhistory.org\/apple-timeline\/?utm_source=philippeboulanger.com\">https:\/\/computerhistory.org\/apple-timeline\/<\/a><br>(Computer History Museum \u2013 Timeline of Computer History) = <a href=\"https:\/\/www.computerhistory.org\/timeline\/computers\/?utm_source=philippeboulanger.com\">https:\/\/www.computerhistory.org\/timeline\/computers\/<\/a><\/p>\n","protected":false},"excerpt":{"rendered":"<p>Les d\u00e9buts d\u2019Apple n\u2019ont rien d\u2019un conte pour enfants. Ils ressemblent davantage \u00e0 une zone grise o\u00f9 se croisent bidouille \u00e9lectronique, intuition commerciale, culture hacker et ex\u00e9cution f\u00e9roce. On r\u00e9p\u00e8te souvent l\u2019histoire du garage comme si tout \u00e9tait d\u00e9j\u00e0 propre, lin\u00e9aire, presque in\u00e9vitable. Cette version rassure. Elle simplifie. Elle gomme surtout ce que l\u2019origine d\u2019Apple [&hellip;]<\/p>\n","protected":false},"author":4,"featured_media":15818,"comment_status":"open","ping_status":"open","sticky":false,"template":"","format":"standard","meta":{"_acf_changed":false,"_jetpack_memberships_contains_paid_content":false,"footnotes":""},"categories":[50],"tags":[224,811,815,808,816,810,812,114,814,813,69,339,809,493],"class_list":["post-15817","post","type-post","status-publish","format-standard","has-post-thumbnail","hentry","category-intelligence-innovationnelle","tag-apple","tag-apple-i","tag-atari","tag-blue-box","tag-breakout","tag-culture-hacker","tag-entrepreneuriat","tag-execution","tag-histoire-de-la-tech","tag-homebrew-computer-club","tag-innovation","tag-steve-jobs","tag-steve-wozniak","tag-strategie-dinnovation"],"acf":[],"yoast_head":"<!-- This site is optimized with the Yoast SEO Premium plugin v27.5 (Yoast SEO v27.5) - https:\/\/yoast.com\/product\/yoast-seo-premium-wordpress\/ -->\n<title>Apple a commenc\u00e9 dans le flou - Philippe Boulanger<\/title>\n<meta name=\"description\" content=\"Les d\u00e9buts d\u2019Apple racontent bien plus qu\u2019une histoire de garage : Blue Box, Breakout, Apple I, duo Jobs-Wozniak et une grande le\u00e7on sur l\u2019innovation par l\u2019ex\u00e9cution.\" \/>\n<meta name=\"robots\" content=\"index, follow, max-snippet:-1, max-image-preview:large, max-video-preview:-1\" \/>\n<link rel=\"canonical\" href=\"https:\/\/philippeboulanger.com\/fr\/apple-a-commence-dans-le-flou\/\" \/>\n<meta property=\"og:locale\" content=\"fr_FR\" \/>\n<meta property=\"og:type\" content=\"article\" \/>\n<meta property=\"og:title\" content=\"Apple a commenc\u00e9 dans le flou\" \/>\n<meta property=\"og:description\" content=\"Les d\u00e9buts d\u2019Apple racontent bien plus qu\u2019une histoire de garage : Blue Box, Breakout, Apple I, duo Jobs-Wozniak et une grande le\u00e7on sur l\u2019innovation par l\u2019ex\u00e9cution.\" \/>\n<meta property=\"og:url\" content=\"https:\/\/philippeboulanger.com\/fr\/apple-a-commence-dans-le-flou\/\" \/>\n<meta property=\"og:site_name\" content=\"Philippe Boulanger\" \/>\n<meta property=\"article:publisher\" content=\"https:\/\/www.facebook.com\/philippe.boulanger.official\" \/>\n<meta property=\"article:published_time\" content=\"2026-04-07T05:00:00+00:00\" \/>\n<meta property=\"og:image\" content=\"https:\/\/philippeboulanger.com\/wp-content\/uploads\/2026\/04\/Steve-Jobs-Steve-Wozniak-Philippe-Boulanger-scaled.webp\" \/>\n\t<meta property=\"og:image:width\" content=\"2560\" \/>\n\t<meta property=\"og:image:height\" content=\"1429\" \/>\n\t<meta property=\"og:image:type\" content=\"image\/jpeg\" \/>\n<meta name=\"author\" content=\"Philippe Boulanger\" \/>\n<meta name=\"twitter:card\" content=\"summary_large_image\" \/>\n<meta name=\"twitter:creator\" content=\"@Ph_Boulanger\" \/>\n<meta name=\"twitter:site\" content=\"@Ph_Boulanger\" \/>\n<meta name=\"twitter:label1\" content=\"\u00c9crit par\" \/>\n\t<meta name=\"twitter:data1\" content=\"Philippe Boulanger\" \/>\n\t<meta name=\"twitter:label2\" content=\"Dur\u00e9e de lecture estim\u00e9e\" \/>\n\t<meta name=\"twitter:data2\" content=\"6 minutes\" \/>\n<script type=\"application\/ld+json\" class=\"yoast-schema-graph\">{\"@context\":\"https:\\\/\\\/schema.org\",\"@graph\":[{\"@type\":\"Article\",\"@id\":\"https:\\\/\\\/philippeboulanger.com\\\/fr\\\/apple-a-commence-dans-le-flou\\\/#article\",\"isPartOf\":{\"@id\":\"https:\\\/\\\/philippeboulanger.com\\\/fr\\\/apple-a-commence-dans-le-flou\\\/\"},\"author\":{\"name\":\"Philippe Boulanger\",\"@id\":\"https:\\\/\\\/philippeboulanger.com\\\/fr\\\/#\\\/schema\\\/person\\\/6bb370f9c91a64097487f01391ea335f\"},\"headline\":\"Apple a commenc\u00e9 dans le flou\",\"datePublished\":\"2026-04-07T05:00:00+00:00\",\"mainEntityOfPage\":{\"@id\":\"https:\\\/\\\/philippeboulanger.com\\\/fr\\\/apple-a-commence-dans-le-flou\\\/\"},\"wordCount\":1511,\"commentCount\":0,\"publisher\":{\"@id\":\"https:\\\/\\\/philippeboulanger.com\\\/fr\\\/#organization\"},\"image\":{\"@id\":\"https:\\\/\\\/philippeboulanger.com\\\/fr\\\/apple-a-commence-dans-le-flou\\\/#primaryimage\"},\"thumbnailUrl\":\"https:\\\/\\\/philippeboulanger.com\\\/wp-content\\\/uploads\\\/2026\\\/04\\\/Steve-Jobs-Steve-Wozniak-Philippe-Boulanger-scaled.webp?wsr\",\"keywords\":[\"Apple\",\"Apple I\",\"Atari\",\"Blue Box\",\"Breakout\",\"culture hacker\",\"entrepreneuriat\",\"ex\u00e9cution\",\"histoire de la tech\",\"Homebrew Computer Club\",\"innovation\",\"Steve Jobs\",\"Steve Wozniak\",\"strat\u00e9gie d\u2019innovation\"],\"articleSection\":[\"intelligence innovationnelle\u00ae\"],\"inLanguage\":\"fr-FR\",\"potentialAction\":[{\"@type\":\"CommentAction\",\"name\":\"Comment\",\"target\":[\"https:\\\/\\\/philippeboulanger.com\\\/fr\\\/apple-a-commence-dans-le-flou\\\/#respond\"]}]},{\"@type\":\"WebPage\",\"@id\":\"https:\\\/\\\/philippeboulanger.com\\\/fr\\\/apple-a-commence-dans-le-flou\\\/\",\"url\":\"https:\\\/\\\/philippeboulanger.com\\\/fr\\\/apple-a-commence-dans-le-flou\\\/\",\"name\":\"Apple a commenc\u00e9 dans le flou - Philippe Boulanger\",\"isPartOf\":{\"@id\":\"https:\\\/\\\/philippeboulanger.com\\\/fr\\\/#website\"},\"primaryImageOfPage\":{\"@id\":\"https:\\\/\\\/philippeboulanger.com\\\/fr\\\/apple-a-commence-dans-le-flou\\\/#primaryimage\"},\"image\":{\"@id\":\"https:\\\/\\\/philippeboulanger.com\\\/fr\\\/apple-a-commence-dans-le-flou\\\/#primaryimage\"},\"thumbnailUrl\":\"https:\\\/\\\/philippeboulanger.com\\\/wp-content\\\/uploads\\\/2026\\\/04\\\/Steve-Jobs-Steve-Wozniak-Philippe-Boulanger-scaled.webp?wsr\",\"datePublished\":\"2026-04-07T05:00:00+00:00\",\"description\":\"Les d\u00e9buts d\u2019Apple racontent bien plus qu\u2019une histoire de garage : Blue Box, Breakout, Apple I, duo Jobs-Wozniak et une grande le\u00e7on sur l\u2019innovation par l\u2019ex\u00e9cution.\",\"breadcrumb\":{\"@id\":\"https:\\\/\\\/philippeboulanger.com\\\/fr\\\/apple-a-commence-dans-le-flou\\\/#breadcrumb\"},\"inLanguage\":\"fr-FR\",\"potentialAction\":[{\"@type\":\"ReadAction\",\"target\":[\"https:\\\/\\\/philippeboulanger.com\\\/fr\\\/apple-a-commence-dans-le-flou\\\/\"]}]},{\"@type\":\"ImageObject\",\"inLanguage\":\"fr-FR\",\"@id\":\"https:\\\/\\\/philippeboulanger.com\\\/fr\\\/apple-a-commence-dans-le-flou\\\/#primaryimage\",\"url\":\"https:\\\/\\\/philippeboulanger.com\\\/wp-content\\\/uploads\\\/2026\\\/04\\\/Steve-Jobs-Steve-Wozniak-Philippe-Boulanger-scaled.webp?wsr\",\"contentUrl\":\"https:\\\/\\\/philippeboulanger.com\\\/wp-content\\\/uploads\\\/2026\\\/04\\\/Steve-Jobs-Steve-Wozniak-Philippe-Boulanger-scaled.webp?wsr\",\"width\":2560,\"height\":1429},{\"@type\":\"BreadcrumbList\",\"@id\":\"https:\\\/\\\/philippeboulanger.com\\\/fr\\\/apple-a-commence-dans-le-flou\\\/#breadcrumb\",\"itemListElement\":[{\"@type\":\"ListItem\",\"position\":1,\"name\":\"Home\",\"item\":\"https:\\\/\\\/philippeboulanger.com\\\/fr\\\/\"},{\"@type\":\"ListItem\",\"position\":2,\"name\":\"Apple a commenc\u00e9 dans le flou\"}]},{\"@type\":\"WebSite\",\"@id\":\"https:\\\/\\\/philippeboulanger.com\\\/fr\\\/#website\",\"url\":\"https:\\\/\\\/philippeboulanger.com\\\/fr\\\/\",\"name\":\"Philippe Boulanger\",\"description\":\"Global Keynote Speaker &amp; Advisor\",\"publisher\":{\"@id\":\"https:\\\/\\\/philippeboulanger.com\\\/fr\\\/#organization\"},\"potentialAction\":[{\"@type\":\"SearchAction\",\"target\":{\"@type\":\"EntryPoint\",\"urlTemplate\":\"https:\\\/\\\/philippeboulanger.com\\\/fr\\\/?s={search_term_string}\"},\"query-input\":{\"@type\":\"PropertyValueSpecification\",\"valueRequired\":true,\"valueName\":\"search_term_string\"}}],\"inLanguage\":\"fr-FR\"},{\"@type\":\"Organization\",\"@id\":\"https:\\\/\\\/philippeboulanger.com\\\/fr\\\/#organization\",\"name\":\"Philippe Boulanger - The Innovation Evangelist - Global Keynote Speaker\",\"url\":\"https:\\\/\\\/philippeboulanger.com\\\/fr\\\/\",\"logo\":{\"@type\":\"ImageObject\",\"inLanguage\":\"fr-FR\",\"@id\":\"https:\\\/\\\/philippeboulanger.com\\\/fr\\\/#\\\/schema\\\/logo\\\/image\\\/\",\"url\":\"https:\\\/\\\/philippeboulanger.com\\\/wp-content\\\/uploads\\\/2026\\\/01\\\/cropped-philippe-boulanger-favicon-2026.webp\",\"contentUrl\":\"https:\\\/\\\/philippeboulanger.com\\\/wp-content\\\/uploads\\\/2026\\\/01\\\/cropped-philippe-boulanger-favicon-2026.webp\",\"width\":512,\"height\":512,\"caption\":\"Philippe Boulanger - The Innovation Evangelist - Global Keynote Speaker\"},\"image\":{\"@id\":\"https:\\\/\\\/philippeboulanger.com\\\/fr\\\/#\\\/schema\\\/logo\\\/image\\\/\"},\"sameAs\":[\"https:\\\/\\\/www.facebook.com\\\/philippe.boulanger.official\",\"https:\\\/\\\/x.com\\\/Ph_Boulanger\",\"https:\\\/\\\/www.youtube.com\\\/@PhilippeBoulanger\",\"https:\\\/\\\/www.lespeakers.com\\\/conferencier\\\/philippe-boulanger\",\"https:\\\/\\\/www.adn-conferenciers.com\\\/conferenciers-philippe-boulanger\",\"https:\\\/\\\/www.wechamp-entreprise.co\\\/conferencier\\\/philippe-boulanger\\\/\",\"https:\\\/\\\/hyfen.fr\\\/intervenant\\\/philippe-boulanger\\\/\",\"https:\\\/\\\/okaydoc.fr\\\/philippe-boulanger-conferencier-innovation\\\/\",\"https:\\\/\\\/www.lesconferenciers.com\\\/conferencier\\\/philippe-boulanger\\\/\",\"https:\\\/\\\/simoneetnelson.com\\\/annuaire\\\/conferenciers\\\/philippe-boulanger\\\/\",\"https:\\\/\\\/myspeaker.fr\\\/conferenciers\\\/philippe-boulanger\\\/\",\"https:\\\/\\\/www.premium-communication.fr\\\/conferenciers\\\/ia-et-innovation\\\/boulanger\",\"https:\\\/\\\/www.vivavox.fr\\\/conferencier\\\/233\\\/\",\"https:\\\/\\\/www.a-speakers.fr\\\/conferencier\\\/philippe-boulanger\\\/\",\"https:\\\/\\\/www.espeakers.com\\\/marketplace\\\/profile\\\/41889\\\/philippe-boulanger\",\"https:\\\/\\\/www.dunod.com\\\/livres-philippe-boulanger-2\",\"https:\\\/\\\/www.amazon.fr\\\/stores\\\/Dr-Philippe-Boulanger\\\/author\\\/B0DD4CMFDX\",\"https:\\\/\\\/www.lecampus.online\\\/conferenciers\\\/philippe-boulanger\",\"https:\\\/\\\/www.startnplay.com\\\/personnalite\\\/conferencier\\\/phlippe-boulanger\\\/\"]},{\"@type\":\"Person\",\"@id\":\"https:\\\/\\\/philippeboulanger.com\\\/fr\\\/#\\\/schema\\\/person\\\/6bb370f9c91a64097487f01391ea335f\",\"name\":\"Philippe Boulanger\",\"image\":{\"@type\":\"ImageObject\",\"inLanguage\":\"fr-FR\",\"@id\":\"https:\\\/\\\/secure.gravatar.com\\\/avatar\\\/7e269ce6778aacfb26aa4350739359d938962ebf752aa458b862bfd78ff946c1?s=96&d=mm&r=g\",\"url\":\"https:\\\/\\\/secure.gravatar.com\\\/avatar\\\/7e269ce6778aacfb26aa4350739359d938962ebf752aa458b862bfd78ff946c1?s=96&d=mm&r=g\",\"contentUrl\":\"https:\\\/\\\/secure.gravatar.com\\\/avatar\\\/7e269ce6778aacfb26aa4350739359d938962ebf752aa458b862bfd78ff946c1?s=96&d=mm&r=g\",\"caption\":\"Philippe Boulanger\"},\"url\":\"https:\\\/\\\/philippeboulanger.com\\\/fr\\\/author\\\/boulanger-philgmail-com\\\/\"}]}<\/script>\n<!-- \/ Yoast SEO Premium plugin. -->","yoast_head_json":{"title":"Apple a commenc\u00e9 dans le flou - Philippe Boulanger","description":"Les d\u00e9buts d\u2019Apple racontent bien plus qu\u2019une histoire de garage : Blue Box, Breakout, Apple I, duo Jobs-Wozniak et une grande le\u00e7on sur l\u2019innovation par l\u2019ex\u00e9cution.","robots":{"index":"index","follow":"follow","max-snippet":"max-snippet:-1","max-image-preview":"max-image-preview:large","max-video-preview":"max-video-preview:-1"},"canonical":"https:\/\/philippeboulanger.com\/fr\/apple-a-commence-dans-le-flou\/","og_locale":"fr_FR","og_type":"article","og_title":"Apple a commenc\u00e9 dans le flou","og_description":"Les d\u00e9buts d\u2019Apple racontent bien plus qu\u2019une histoire de garage : Blue Box, Breakout, Apple I, duo Jobs-Wozniak et une grande le\u00e7on sur l\u2019innovation par l\u2019ex\u00e9cution.","og_url":"https:\/\/philippeboulanger.com\/fr\/apple-a-commence-dans-le-flou\/","og_site_name":"Philippe Boulanger","article_publisher":"https:\/\/www.facebook.com\/philippe.boulanger.official","article_published_time":"2026-04-07T05:00:00+00:00","og_image":[{"width":2560,"height":1429,"url":"https:\/\/philippeboulanger.com\/wp-content\/uploads\/2026\/04\/Steve-Jobs-Steve-Wozniak-Philippe-Boulanger-scaled.webp","type":"image\/jpeg"}],"author":"Philippe Boulanger","twitter_card":"summary_large_image","twitter_creator":"@Ph_Boulanger","twitter_site":"@Ph_Boulanger","twitter_misc":{"\u00c9crit par":"Philippe Boulanger","Dur\u00e9e de lecture estim\u00e9e":"6 minutes"},"schema":{"@context":"https:\/\/schema.org","@graph":[{"@type":"Article","@id":"https:\/\/philippeboulanger.com\/fr\/apple-a-commence-dans-le-flou\/#article","isPartOf":{"@id":"https:\/\/philippeboulanger.com\/fr\/apple-a-commence-dans-le-flou\/"},"author":{"name":"Philippe Boulanger","@id":"https:\/\/philippeboulanger.com\/fr\/#\/schema\/person\/6bb370f9c91a64097487f01391ea335f"},"headline":"Apple a commenc\u00e9 dans le flou","datePublished":"2026-04-07T05:00:00+00:00","mainEntityOfPage":{"@id":"https:\/\/philippeboulanger.com\/fr\/apple-a-commence-dans-le-flou\/"},"wordCount":1511,"commentCount":0,"publisher":{"@id":"https:\/\/philippeboulanger.com\/fr\/#organization"},"image":{"@id":"https:\/\/philippeboulanger.com\/fr\/apple-a-commence-dans-le-flou\/#primaryimage"},"thumbnailUrl":"https:\/\/philippeboulanger.com\/wp-content\/uploads\/2026\/04\/Steve-Jobs-Steve-Wozniak-Philippe-Boulanger-scaled.webp?wsr","keywords":["Apple","Apple I","Atari","Blue Box","Breakout","culture hacker","entrepreneuriat","ex\u00e9cution","histoire de la tech","Homebrew Computer Club","innovation","Steve Jobs","Steve Wozniak","strat\u00e9gie d\u2019innovation"],"articleSection":["intelligence innovationnelle\u00ae"],"inLanguage":"fr-FR","potentialAction":[{"@type":"CommentAction","name":"Comment","target":["https:\/\/philippeboulanger.com\/fr\/apple-a-commence-dans-le-flou\/#respond"]}]},{"@type":"WebPage","@id":"https:\/\/philippeboulanger.com\/fr\/apple-a-commence-dans-le-flou\/","url":"https:\/\/philippeboulanger.com\/fr\/apple-a-commence-dans-le-flou\/","name":"Apple a commenc\u00e9 dans le flou - Philippe Boulanger","isPartOf":{"@id":"https:\/\/philippeboulanger.com\/fr\/#website"},"primaryImageOfPage":{"@id":"https:\/\/philippeboulanger.com\/fr\/apple-a-commence-dans-le-flou\/#primaryimage"},"image":{"@id":"https:\/\/philippeboulanger.com\/fr\/apple-a-commence-dans-le-flou\/#primaryimage"},"thumbnailUrl":"https:\/\/philippeboulanger.com\/wp-content\/uploads\/2026\/04\/Steve-Jobs-Steve-Wozniak-Philippe-Boulanger-scaled.webp?wsr","datePublished":"2026-04-07T05:00:00+00:00","description":"Les d\u00e9buts d\u2019Apple racontent bien plus qu\u2019une histoire de garage : Blue Box, Breakout, Apple I, duo Jobs-Wozniak et une grande le\u00e7on sur l\u2019innovation par l\u2019ex\u00e9cution.","breadcrumb":{"@id":"https:\/\/philippeboulanger.com\/fr\/apple-a-commence-dans-le-flou\/#breadcrumb"},"inLanguage":"fr-FR","potentialAction":[{"@type":"ReadAction","target":["https:\/\/philippeboulanger.com\/fr\/apple-a-commence-dans-le-flou\/"]}]},{"@type":"ImageObject","inLanguage":"fr-FR","@id":"https:\/\/philippeboulanger.com\/fr\/apple-a-commence-dans-le-flou\/#primaryimage","url":"https:\/\/philippeboulanger.com\/wp-content\/uploads\/2026\/04\/Steve-Jobs-Steve-Wozniak-Philippe-Boulanger-scaled.webp?wsr","contentUrl":"https:\/\/philippeboulanger.com\/wp-content\/uploads\/2026\/04\/Steve-Jobs-Steve-Wozniak-Philippe-Boulanger-scaled.webp?wsr","width":2560,"height":1429},{"@type":"BreadcrumbList","@id":"https:\/\/philippeboulanger.com\/fr\/apple-a-commence-dans-le-flou\/#breadcrumb","itemListElement":[{"@type":"ListItem","position":1,"name":"Home","item":"https:\/\/philippeboulanger.com\/fr\/"},{"@type":"ListItem","position":2,"name":"Apple a commenc\u00e9 dans le flou"}]},{"@type":"WebSite","@id":"https:\/\/philippeboulanger.com\/fr\/#website","url":"https:\/\/philippeboulanger.com\/fr\/","name":"Philippe Boulanger","description":"Global Keynote Speaker &amp; Advisor","publisher":{"@id":"https:\/\/philippeboulanger.com\/fr\/#organization"},"potentialAction":[{"@type":"SearchAction","target":{"@type":"EntryPoint","urlTemplate":"https:\/\/philippeboulanger.com\/fr\/?s={search_term_string}"},"query-input":{"@type":"PropertyValueSpecification","valueRequired":true,"valueName":"search_term_string"}}],"inLanguage":"fr-FR"},{"@type":"Organization","@id":"https:\/\/philippeboulanger.com\/fr\/#organization","name":"Philippe Boulanger - The Innovation Evangelist - Global Keynote Speaker","url":"https:\/\/philippeboulanger.com\/fr\/","logo":{"@type":"ImageObject","inLanguage":"fr-FR","@id":"https:\/\/philippeboulanger.com\/fr\/#\/schema\/logo\/image\/","url":"https:\/\/philippeboulanger.com\/wp-content\/uploads\/2026\/01\/cropped-philippe-boulanger-favicon-2026.webp","contentUrl":"https:\/\/philippeboulanger.com\/wp-content\/uploads\/2026\/01\/cropped-philippe-boulanger-favicon-2026.webp","width":512,"height":512,"caption":"Philippe Boulanger - The Innovation Evangelist - Global Keynote Speaker"},"image":{"@id":"https:\/\/philippeboulanger.com\/fr\/#\/schema\/logo\/image\/"},"sameAs":["https:\/\/www.facebook.com\/philippe.boulanger.official","https:\/\/x.com\/Ph_Boulanger","https:\/\/www.youtube.com\/@PhilippeBoulanger","https:\/\/www.lespeakers.com\/conferencier\/philippe-boulanger","https:\/\/www.adn-conferenciers.com\/conferenciers-philippe-boulanger","https:\/\/www.wechamp-entreprise.co\/conferencier\/philippe-boulanger\/","https:\/\/hyfen.fr\/intervenant\/philippe-boulanger\/","https:\/\/okaydoc.fr\/philippe-boulanger-conferencier-innovation\/","https:\/\/www.lesconferenciers.com\/conferencier\/philippe-boulanger\/","https:\/\/simoneetnelson.com\/annuaire\/conferenciers\/philippe-boulanger\/","https:\/\/myspeaker.fr\/conferenciers\/philippe-boulanger\/","https:\/\/www.premium-communication.fr\/conferenciers\/ia-et-innovation\/boulanger","https:\/\/www.vivavox.fr\/conferencier\/233\/","https:\/\/www.a-speakers.fr\/conferencier\/philippe-boulanger\/","https:\/\/www.espeakers.com\/marketplace\/profile\/41889\/philippe-boulanger","https:\/\/www.dunod.com\/livres-philippe-boulanger-2","https:\/\/www.amazon.fr\/stores\/Dr-Philippe-Boulanger\/author\/B0DD4CMFDX","https:\/\/www.lecampus.online\/conferenciers\/philippe-boulanger","https:\/\/www.startnplay.com\/personnalite\/conferencier\/phlippe-boulanger\/"]},{"@type":"Person","@id":"https:\/\/philippeboulanger.com\/fr\/#\/schema\/person\/6bb370f9c91a64097487f01391ea335f","name":"Philippe Boulanger","image":{"@type":"ImageObject","inLanguage":"fr-FR","@id":"https:\/\/secure.gravatar.com\/avatar\/7e269ce6778aacfb26aa4350739359d938962ebf752aa458b862bfd78ff946c1?s=96&d=mm&r=g","url":"https:\/\/secure.gravatar.com\/avatar\/7e269ce6778aacfb26aa4350739359d938962ebf752aa458b862bfd78ff946c1?s=96&d=mm&r=g","contentUrl":"https:\/\/secure.gravatar.com\/avatar\/7e269ce6778aacfb26aa4350739359d938962ebf752aa458b862bfd78ff946c1?s=96&d=mm&r=g","caption":"Philippe Boulanger"},"url":"https:\/\/philippeboulanger.com\/fr\/author\/boulanger-philgmail-com\/"}]}},"jetpack_featured_media_url":"https:\/\/philippeboulanger.com\/wp-content\/uploads\/2026\/04\/Steve-Jobs-Steve-Wozniak-Philippe-Boulanger-scaled.webp?wsr","jetpack_sharing_enabled":true,"_links":{"self":[{"href":"https:\/\/philippeboulanger.com\/fr\/wp-json\/wp\/v2\/posts\/15817","targetHints":{"allow":["GET"]}}],"collection":[{"href":"https:\/\/philippeboulanger.com\/fr\/wp-json\/wp\/v2\/posts"}],"about":[{"href":"https:\/\/philippeboulanger.com\/fr\/wp-json\/wp\/v2\/types\/post"}],"author":[{"embeddable":true,"href":"https:\/\/philippeboulanger.com\/fr\/wp-json\/wp\/v2\/users\/4"}],"replies":[{"embeddable":true,"href":"https:\/\/philippeboulanger.com\/fr\/wp-json\/wp\/v2\/comments?post=15817"}],"version-history":[{"count":1,"href":"https:\/\/philippeboulanger.com\/fr\/wp-json\/wp\/v2\/posts\/15817\/revisions"}],"predecessor-version":[{"id":15819,"href":"https:\/\/philippeboulanger.com\/fr\/wp-json\/wp\/v2\/posts\/15817\/revisions\/15819"}],"wp:featuredmedia":[{"embeddable":true,"href":"https:\/\/philippeboulanger.com\/fr\/wp-json\/wp\/v2\/media\/15818"}],"wp:attachment":[{"href":"https:\/\/philippeboulanger.com\/fr\/wp-json\/wp\/v2\/media?parent=15817"}],"wp:term":[{"taxonomy":"category","embeddable":true,"href":"https:\/\/philippeboulanger.com\/fr\/wp-json\/wp\/v2\/categories?post=15817"},{"taxonomy":"post_tag","embeddable":true,"href":"https:\/\/philippeboulanger.com\/fr\/wp-json\/wp\/v2\/tags?post=15817"}],"curies":[{"name":"wp","href":"https:\/\/api.w.org\/{rel}","templated":true}]}}