{"id":15823,"date":"2026-04-08T06:00:00","date_gmt":"2026-04-08T05:00:00","guid":{"rendered":"https:\/\/philippeboulanger.com\/?p=15823"},"modified":"2026-04-07T15:25:24","modified_gmt":"2026-04-07T14:25:24","slug":"apple-et-meta-peuvent-perdre-la-guerre-de-lia-et-gagner-quand-meme","status":"publish","type":"post","link":"https:\/\/philippeboulanger.com\/fr\/apple-et-meta-peuvent-perdre-la-guerre-de-lia-et-gagner-quand-meme\/","title":{"rendered":"Apple et Meta peuvent perdre la guerre de l\u2019IA et gagner quand m\u00eame"},"content":{"rendered":"\n<h2 class=\"wp-block-heading\" id=\"h-la-plupart-des-entreprises-regardent-au-mauvais-endroit\">La plupart des entreprises regardent au mauvais endroit<\/h2>\n\n\n\n<p>Tout le monde commente la m\u00eame course.<\/p>\n\n\n\n<p>Qui aura le meilleur mod\u00e8le.<br>Qui publiera la d\u00e9mo la plus spectaculaire.<br>Qui avalera le plus de GPU.<br>Qui fera trembler le march\u00e9 avec une annonce de plus.<\/p>\n\n\n\n<p>Pendant ce temps, Apple et Meta jouent une autre partie.<\/p>\n\n\n\n<p>Pas la partie la plus visible.<br>La partie la plus strat\u00e9gique.<\/p>\n\n\n\n<p>Apple cherche \u00e0 devenir l\u2019endroit naturel o\u00f9 l\u2019IA se fond dans l\u2019usage.<br>Meta cherche \u00e0 devenir l\u2019endroit naturel o\u00f9 l\u2019IA se confond avec l\u2019attention.<\/p>\n\n\n\n<p>Autrement dit, l\u2019un verrouille l\u2019interface du quotidien.<br>L\u2019autre verrouille le flux du quotidien.<\/p>\n\n\n\n<p>Et c\u2019est pr\u00e9cis\u00e9ment l\u00e0 que beaucoup de dirigeants lisent mal la bascule en cours.<\/p>\n\n\n\n<p>Ils pensent encore que la domination viendra d\u2019abord de la sup\u00e9riorit\u00e9 technique brute.<br>Ils pensent data center.<br>Ils pensent benchmark.<br>Ils pensent mod\u00e8le.<\/p>\n\n\n\n<p>Ils sous-estiment le vrai terrain de capture : la surface de contact.<\/p>\n\n\n\n<p>Dans mon livre, j\u2019insiste sur un point d\u00e9cisif : l\u2019innovation ne se r\u00e9duit pas \u00e0 l\u2019invention ou \u00e0 la prouesse technique, elle existe par sa mise en \u0153uvre, sa mise en usage, sa capacit\u00e9 \u00e0 s\u2019installer dans le r\u00e9el. Et la coh\u00e9rence entre vision, mission et strat\u00e9gie d\u00e9termine ensuite la solidit\u00e9 de cette installation. Mon livre y consacre le chapitre 3 et le chapitre 8.<\/p>\n\n\n\n<h2 class=\"wp-block-heading\" id=\"h-apple-ne-doit-pas-forcement-gagner-le-laboratoire\">Apple ne doit pas forc\u00e9ment gagner le laboratoire<\/h2>\n\n\n\n<p>Apple a connu un d\u00e9marrage compliqu\u00e9 sur l\u2019IA g\u00e9n\u00e9rative c\u00f4t\u00e9 perception march\u00e9. M\u00eame la presse tech am\u00e9ricaine a largement soulign\u00e9 que l\u2019entreprise avait rat\u00e9 son entr\u00e9e symbolique dans la course, avec des promesses Siri repouss\u00e9es et une ex\u00e9cution jug\u00e9e trop lente (<a href=\"https:\/\/www.theverge.com\/tech\/861957\/google-apple-ai-deal-iphone-gemini?utm_source=philippeboulanger.com\">The Verge<\/a>).<\/p>\n\n\n\n<p>Pourtant, regarder Apple uniquement \u00e0 travers ce prisme est une erreur strat\u00e9gique.<\/p>\n\n\n\n<p>Apple a annonc\u00e9 en janvier 2026 une base install\u00e9e de plus de 2,5 milliards d\u2019appareils actifs. Ce chiffre change tout, parce qu\u2019il d\u00e9crit moins un parc mat\u00e9riel qu\u2019un syst\u00e8me nerveux mondial d\u00e9j\u00e0 pr\u00e9sent dans la poche, sur le poignet, dans l\u2019oreille, sur le bureau et bient\u00f4t dans davantage d\u2019objets du quotidien (<a href=\"https:\/\/www.apple.com\/newsroom\/2026\/01\/apple-reports-first-quarter-results\/?utm_source=philippeboulanger.com\">Apple Newsroom<\/a>).<\/p>\n\n\n\n<p>En juin 2025, Apple a aussi confirm\u00e9 deux mouvements tr\u00e8s r\u00e9v\u00e9lateurs. D\u2019un c\u00f4t\u00e9, Apple Intelligence s\u2019\u00e9tend \u00e0 l\u2019iPhone, \u00e0 l\u2019iPad, au Mac, \u00e0 l\u2019Apple Watch et \u00e0 l\u2019Apple Vision Pro. De l\u2019autre, Apple ouvre aux d\u00e9veloppeurs l\u2019acc\u00e8s \u00e0 son mod\u00e8le fondationnel embarqu\u00e9 sur l\u2019appareil. Traduction : Apple ne cherche pas seulement \u00e0 proposer une IA maison. Apple cherche \u00e0 dissoudre l\u2019IA dans tout son \u00e9cosyst\u00e8me, jusque dans les applications tierces, avec la promesse d\u2019une exp\u00e9rience priv\u00e9e, rapide et disponible m\u00eame hors ligne (<a href=\"https:\/\/www.apple.com\/newsroom\/2025\/06\/apple-intelligence-gets-even-more-powerful-with-new-capabilities-across-apple-devices\/?utm_source=philippeboulanger.com\">Apple Newsroom<\/a>).<\/p>\n\n\n\n<p>C\u2019est une logique de distribution.<br>C\u2019est une logique d\u2019int\u00e9gration.<br>C\u2019est une logique d\u2019habitude.<\/p>\n\n\n\n<p>L\u2019utilisateur final, lui, ne se demandera pas quel mod\u00e8le tourne r\u00e9ellement derri\u00e8re l\u2019exp\u00e9rience.<br>Il constatera seulement que tout semble d\u00e9j\u00e0 l\u00e0, au bon endroit, au bon moment, dans la bonne interface.<\/p>\n\n\n\n<p>Et c\u2019est souvent ainsi que le pouvoir s\u2019installe : non pas quand la technologie impressionne, mais quand elle cesse d\u2019\u00eatre per\u00e7ue comme une technologie.<\/p>\n\n\n\n<h2 class=\"wp-block-heading\" id=\"h-meta-ne-doit-pas-forcement-gagner-le-modele-non-plus\">Meta ne doit pas forc\u00e9ment gagner le mod\u00e8le non plus<\/h2>\n\n\n\n<p>Meta, de son c\u00f4t\u00e9, joue une partition diff\u00e9rente mais tout aussi redoutable.<\/p>\n\n\n\n<p>L\u2019entreprise a termin\u00e9 2025 avec 3,58 milliards de personnes actives quotidiennement sur sa famille d\u2019applications. Dans le m\u00eame document, Meta indiquait aussi une hausse de 18 % des impressions publicitaires au quatri\u00e8me trimestre et plus de 72 milliards de dollars de capex sur l\u2019ann\u00e9e 2025. Ce n\u2019est pas juste une entreprise qui construit de l\u2019IA. C\u2019est une machine qui mon\u00e9tise d\u00e9j\u00e0 des comportements massifs et qui r\u00e9injecte cette puissance dans l\u2019optimisation de l\u2019attention (<a href=\"https:\/\/investor.atmeta.com\/investor-news\/press-release-details\/2026\/Meta-Reports-Fourth-Quarter-and-Full-Year-2025-Results\/default.aspx?utm_source=philippeboulanger.com\">Meta Investor Relations<\/a>).<\/p>\n\n\n\n<p>Le point critique est ici tr\u00e8s simple : Meta poss\u00e8de d\u00e9j\u00e0 les lieux o\u00f9 les gens regardent, r\u00e9agissent, comparent, se distraient, discutent et ach\u00e8tent.<\/p>\n\n\n\n<p>Ce capital est gigantesque.<\/p>\n\n\n\n<p>Et Meta essaye maintenant de prolonger cette emprise au-del\u00e0 du smartphone. En avril 2025, l\u2019entreprise a lanc\u00e9 sa nouvelle application Meta AI comme compagnon de ses lunettes connect\u00e9es et de son exp\u00e9rience web, avec une logique de continuit\u00e9 entre les appareils. Le message strat\u00e9gique est limpide : commencer une interaction ici, la reprendre ailleurs, et faire de l\u2019assistant une pr\u00e9sence persistante plut\u00f4t qu\u2019un simple outil ponctuel (<a href=\"https:\/\/about.fb.com\/news\/2025\/04\/introducing-meta-ai-app-new-way-access-ai-assistant\/?utm_source=philippeboulanger.com\">About Meta<\/a>).<\/p>\n\n\n\n<p>Puis Meta Connect 2025 a confirm\u00e9 l\u2019obsession du groupe pour les lunettes IA. Toute la conf\u00e9rence a tourn\u00e9 massivement autour de cette cat\u00e9gorie, avec de nouveaux mod\u00e8les, davantage de batterie, des capacit\u00e9s visuelles et audio \u00e9tendues et une volont\u00e9 claire de faire des lunettes la prochaine couche d\u2019acc\u00e8s \u00e0 l\u2019informatique personnelle (<a href=\"https:\/\/www.theverge.com\/news\/777572\/meta-connect-2025-news-announcements-mark-zuckerberg-smart-glasses?utm_source=philippeboulanger.com\">The Verge<\/a>).<\/p>\n\n\n\n<p>L\u00e0 encore, le raisonnement n\u2019est pas seulement technologique.<br>Il est comportemental.<\/p>\n\n\n\n<p>Meta veut \u00eatre l\u00e0 o\u00f9 l\u2019attention se forme.<br>Avant la requ\u00eate.<br>Avant le clic.<br>Avant m\u00eame parfois l\u2019intention clairement formul\u00e9e.<\/p>\n\n\n\n<h2 class=\"wp-block-heading\" id=\"h-la-vraie-bataille-ne-porte-pas-seulement-sur-l-intelligence\">La vraie bataille ne porte pas seulement sur l\u2019intelligence<\/h2>\n\n\n\n<p>La bataille d\u00e9terminante n\u2019oppose donc pas seulement les laboratoires les plus brillants. Elle oppose les d\u00e9tenteurs de l\u2019intelligence aux d\u00e9tenteurs des usages.<\/p>\n\n\n\n<p>Les premiers peuvent inventer.<br>Les seconds peuvent absorber.<br>Les premiers peuvent publier une perc\u00e9e.<br>Les seconds peuvent la transformer en r\u00e9flexe quotidien.<\/p>\n\n\n\n<p>Dans l\u2019histoire \u00e9conomique, ce sch\u00e9ma revient sans cesse.<\/p>\n\n\n\n<p>Ceux qui fabriquent la technologie ne sont pas toujours ceux qui captent durablement la valeur.<br>Tr\u00e8s souvent, la valeur glisse vers ceux qui contr\u00f4lent la distribution, l\u2019interface, la relation client, la fr\u00e9quence d\u2019usage et le passage oblig\u00e9.<\/p>\n\n\n\n<p>Apple excelle depuis longtemps dans l\u2019orchestration d\u2019un environnement coh\u00e9rent. Ses services ont encore affich\u00e9 une ann\u00e9e record en 2025, avec une expansion continue sur des usages devenus quotidiens comme Apple Pay, iCloud, l\u2019App Store, Apple Music ou Apple TV+. L\u2019App Store seul d\u00e9passait 850 millions d\u2019utilisateurs hebdomadaires moyens dans le monde selon Apple (<a href=\"https:\/\/www.apple.com\/newsroom\/2026\/01\/2025-marked-a-record-breaking-year-for-apple-services\/?utm_source=philippeboulanger.com\">Apple Newsroom<\/a>).<\/p>\n\n\n\n<p>Meta, lui, excelle dans l\u2019ing\u00e9nierie de la captation et de l\u2019optimisation. Son immense masse d\u2019usage, combin\u00e9e \u00e0 ses progr\u00e8s dans la recommandation, la publicit\u00e9 et les interfaces conversationnelles, lui donne une force que beaucoup de dirigeants continuent de sous-estimer : transformer l\u2019attention accumul\u00e9e en levier de migration vers la prochaine interface.<\/p>\n\n\n\n<h2 class=\"wp-block-heading\" id=\"h-ce-que-les-dirigeants-devraient-comprendre-maintenant\">Ce que les dirigeants devraient comprendre maintenant<\/h2>\n\n\n\n<p>Le sujet n\u2019est donc pas seulement : \u201cAvons-nous la meilleure IA ?\u201d<\/p>\n\n\n\n<p>Le sujet devient :<\/p>\n\n\n\n<h2 class=\"wp-block-heading\" id=\"h-ou-la-relation-va-t-elle-se-fixer\">O\u00f9 la relation va-t-elle se fixer ?<\/h2>\n\n\n\n<p>Si vous \u00eates dirigeant, vous devriez regarder quatre choses avec une lucidit\u00e9 froide.<\/p>\n\n\n\n<h3 class=\"wp-block-heading\" id=\"h-1-qui-possede-deja-l-acces-au-client\">1. Qui poss\u00e8de d\u00e9j\u00e0 l\u2019acc\u00e8s au client ?<\/h3>\n\n\n\n<p>Une technologie nouvelle ne part jamais de z\u00e9ro.<br>Elle arrive toujours dans un terrain d\u00e9j\u00e0 occup\u00e9.<\/p>\n\n\n\n<p>Celui qui d\u00e9tient d\u00e9j\u00e0 le terminal, la fr\u00e9quence d\u2019usage ou la confiance transactionnelle part avec un avantage immense.<\/p>\n\n\n\n<h3 class=\"wp-block-heading\" id=\"h-2-qui-controle-l-interface\">2. Qui contr\u00f4le l\u2019interface ?<\/h3>\n\n\n\n<p>Un mod\u00e8le peut \u00eatre excellent et rester invisible.<br>Une interface peut \u00eatre moyenne et devenir incontournable.<\/p>\n\n\n\n<p>L\u2019histoire du num\u00e9rique r\u00e9compense souvent celui qui simplifie l\u2019acc\u00e8s, pas seulement celui qui invente le plus.<\/p>\n\n\n\n<h3 class=\"wp-block-heading\" id=\"h-3-qui-transforme-l-usage-en-habitude\">3. Qui transforme l\u2019usage en habitude ?<\/h3>\n\n\n\n<p>Une innovation ne gagne vraiment que lorsqu\u2019elle devient banale.<br>Quand elle n\u2019a plus besoin d\u2019\u00eatre expliqu\u00e9e.<br>Quand l\u2019utilisateur ne \u201cteste\u201d plus.<br>Quand il \u201cfait\u201d.<\/p>\n\n\n\n<p>C\u2019est \u00e0 ce moment que l\u2019on sort du gadget et que l\u2019on entre dans le rituel.<\/p>\n\n\n\n<h3 class=\"wp-block-heading\" id=\"h-4-qui-rend-la-sortie-couteuse\">4. Qui rend la sortie co\u00fbteuse ?<\/h3>\n\n\n\n<p>Le pouvoir \u00e9conomique durable appara\u00eet quand quitter l\u2019\u00e9cosyst\u00e8me devient p\u00e9nible, peu fluide, mentalement co\u00fbteux ou socialement d\u00e9savantageux.<\/p>\n\n\n\n<p>Apple sait faire cela par int\u00e9gration.<br>Meta sait le faire par gravit\u00e9 attentionnelle.<\/p>\n\n\n\n<h2 class=\"wp-block-heading\" id=\"h-l-erreur-classique-des-entreprises-traditionnelles\">L\u2019erreur classique des entreprises traditionnelles<\/h2>\n\n\n\n<p>Beaucoup d\u2019entreprises vont commettre une double erreur.<\/p>\n\n\n\n<p>La premi\u00e8re : croire qu\u2019il suffit d\u2019acheter un mod\u00e8le ou un copilote pour \u201cfaire sa transformation IA\u201d.<\/p>\n\n\n\n<p>La deuxi\u00e8me : croire que la valeur sera capt\u00e9e automatiquement par celui qui fournit la brique technologique.<\/p>\n\n\n\n<p>C\u2019est rarement ainsi que l\u2019histoire se termine.<\/p>\n\n\n\n<p>La valeur se concentre souvent chez celui qui :<\/p>\n\n\n\n<ul class=\"wp-block-list\">\n<li>poss\u00e8de d\u00e9j\u00e0 la distribution,<\/li>\n\n\n\n<li>organise la friction \u00e0 son avantage,<\/li>\n\n\n\n<li>devient l\u2019interface naturelle,<\/li>\n\n\n\n<li>transforme l\u2019usage en norme.<\/li>\n<\/ul>\n\n\n\n<p>C\u2019est pour cela qu\u2019Apple et Meta peuvent tr\u00e8s bien sortir de 2026 sans \u00eatre per\u00e7us comme les vainqueurs absolus du \u201cfrontier model race\u201d et se retrouver malgr\u00e9 tout dans une position sup\u00e9rieure sur l\u2019\u00e9tape suivante : celle o\u00f9 l\u2019IA cesse d\u2019\u00eatre un produit pour devenir un environnement.<\/p>\n\n\n\n<h2 class=\"wp-block-heading\" id=\"h-l-apres-ia-appartiendra-peut-etre-aux-maitres-de-la-relation\">L\u2019apr\u00e8s-IA appartiendra peut-\u00eatre aux ma\u00eetres de la relation<\/h2>\n\n\n\n<p>L\u2019apr\u00e8s-IA ne sera pas gagn\u00e9 uniquement par celui qui calcule le mieux.<\/p>\n\n\n\n<p>Il pourrait \u00eatre gagn\u00e9 par celui qui :<br>int\u00e8gre le mieux,<br>distribue le mieux,<br>habitue le mieux,<br>retient le mieux.<\/p>\n\n\n\n<p>Apple poss\u00e8de d\u00e9j\u00e0 le geste.<br>Meta poss\u00e8de d\u00e9j\u00e0 le regard.<\/p>\n\n\n\n<p>Et dans une \u00e9conomie o\u00f9 la technologie s\u2019efface derri\u00e8re l\u2019exp\u00e9rience, ces deux positions valent parfois plus qu\u2019une victoire symbolique dans le laboratoire.<\/p>\n\n\n\n<p>La question s\u00e9rieuse pour chaque entreprise n\u2019est donc pas seulement de savoir quel mod\u00e8le elle doit utiliser. Elle est de savoir \u00e0 quel endroit pr\u00e9cis elle veut devenir impossible \u00e0 contourner.<\/p>\n\n\n\n<p>C\u2019est l\u00e0 que se jouera la captation de valeur.<br>C\u2019est l\u00e0 que se jouera la d\u00e9pendance.<br>C\u2019est l\u00e0 que se jouera le pouvoir.<\/p>\n\n\n\n<p>Et c\u2019est exactement l\u00e0 que beaucoup se r\u00e9veilleront trop tard.<\/p>\n\n\n\n<h2 class=\"wp-block-heading\" id=\"h-references\">R\u00e9f\u00e9rences<\/h2>\n\n\n\n<ul class=\"wp-block-list\">\n<li>(Apple Newsroom) = <a href=\"https:\/\/www.apple.com\/newsroom\/2026\/01\/apple-reports-first-quarter-results\/?utm_source=philippeboulanger.com\">https:\/\/www.apple.com\/newsroom\/2026\/01\/apple-reports-first-quarter-results\/<\/a><\/li>\n\n\n\n<li>(Apple Newsroom) = <a href=\"https:\/\/www.apple.com\/newsroom\/2025\/06\/apple-intelligence-gets-even-more-powerful-with-new-capabilities-across-apple-devices\/?utm_source=philippeboulanger.com\">https:\/\/www.apple.com\/newsroom\/2025\/06\/apple-intelligence-gets-even-more-powerful-with-new-capabilities-across-apple-devices\/<\/a><\/li>\n\n\n\n<li>(Apple Newsroom) = <a href=\"https:\/\/www.apple.com\/newsroom\/2026\/01\/2025-marked-a-record-breaking-year-for-apple-services\/?utm_source=philippeboulanger.com\">https:\/\/www.apple.com\/newsroom\/2026\/01\/2025-marked-a-record-breaking-year-for-apple-services\/<\/a><\/li>\n\n\n\n<li>(Meta Investor Relations) = <a href=\"https:\/\/investor.atmeta.com\/investor-news\/press-release-details\/2026\/Meta-Reports-Fourth-Quarter-and-Full-Year-2025-Results\/default.aspx?utm_source=philippeboulanger.com\">https:\/\/investor.atmeta.com\/investor-news\/press-release-details\/2026\/Meta-Reports-Fourth-Quarter-and-Full-Year-2025-Results\/default.aspx<\/a><\/li>\n\n\n\n<li>(About Meta) = <a href=\"https:\/\/about.fb.com\/news\/2025\/04\/introducing-meta-ai-app-new-way-access-ai-assistant\/?utm_source=philippeboulanger.com\">https:\/\/about.fb.com\/news\/2025\/04\/introducing-meta-ai-app-new-way-access-ai-assistant\/<\/a><\/li>\n\n\n\n<li>(The Verge) = <a href=\"https:\/\/www.theverge.com\/news\/777572\/meta-connect-2025-news-announcements-mark-zuckerberg-smart-glasses?utm_source=philippeboulanger.com\">https:\/\/www.theverge.com\/news\/777572\/meta-connect-2025-news-announcements-mark-zuckerberg-smart-glasses<\/a><\/li>\n\n\n\n<li>(The Verge) = <a href=\"https:\/\/www.theverge.com\/tech\/861957\/google-apple-ai-deal-iphone-gemini?utm_source=philippeboulanger.com\">https:\/\/www.theverge.com\/tech\/861957\/google-apple-ai-deal-iphone-gemini<\/a><\/li>\n\n\n\n<li>(Reuters) = <a href=\"https:\/\/www.reuters.com\/technology\/apple-tests-siri-feature-that-handles-multiple-commands-once-bloomberg-news-2026-03-31\/?utm_source=philippeboulanger.com\">https:\/\/www.reuters.com\/technology\/apple-tests-siri-feature-that-handles-multiple-commands-once-bloomberg-news-2026-03-31\/<\/a><\/li>\n<\/ul>\n","protected":false},"excerpt":{"rendered":"<p>La plupart des entreprises regardent au mauvais endroit Tout le monde commente la m\u00eame course. Qui aura le meilleur mod\u00e8le.Qui publiera la d\u00e9mo la plus spectaculaire.Qui avalera le plus de GPU.Qui fera trembler le march\u00e9 avec une annonce de plus. Pendant ce temps, Apple et Meta jouent une autre partie. Pas la partie la plus [&hellip;]<\/p>\n","protected":false},"author":4,"featured_media":15824,"comment_status":"open","ping_status":"open","sticky":false,"template":"","format":"standard","meta":{"_acf_changed":false,"_jetpack_memberships_contains_paid_content":false,"footnotes":""},"categories":[50],"tags":[224,283,829,827,826,86,72,69,825,666,830,831,832,828,75],"class_list":["post-15823","post","type-post","status-publish","format-standard","has-post-thumbnail","hentry","category-intelligence-innovationnelle","tag-apple","tag-attention","tag-dependance","tag-distribution","tag-ecosysteme","tag-experience-utilisateur","tag-ia","tag-innovation","tag-interface","tag-meta","tag-modele-economique","tag-plateforme","tag-pouvoir-de-marche","tag-relation-client","tag-strategie"],"acf":[],"yoast_head":"<!-- This site is optimized with the Yoast SEO Premium plugin v27.5 (Yoast SEO v27.5) - https:\/\/yoast.com\/product\/yoast-seo-premium-wordpress\/ -->\n<title>Apple et Meta peuvent perdre la guerre de l\u2019IA et gagner quand m\u00eame - Philippe Boulanger<\/title>\n<meta name=\"description\" content=\"Apple et Meta n\u2019ont peut-\u00eatre pas besoin de gagner la guerre des mod\u00e8les IA. Leur vraie force pourrait venir de l\u2019\u00e9cosyst\u00e8me, de l\u2019interface et de la relation client.\" \/>\n<meta name=\"robots\" content=\"index, follow, max-snippet:-1, max-image-preview:large, max-video-preview:-1\" \/>\n<link rel=\"canonical\" href=\"https:\/\/philippeboulanger.com\/fr\/apple-et-meta-peuvent-perdre-la-guerre-de-lia-et-gagner-quand-meme\/\" \/>\n<meta property=\"og:locale\" content=\"fr_FR\" \/>\n<meta property=\"og:type\" content=\"article\" \/>\n<meta property=\"og:title\" content=\"Apple et Meta peuvent perdre la guerre de l\u2019IA et gagner quand m\u00eame\" \/>\n<meta property=\"og:description\" content=\"Apple et Meta n\u2019ont peut-\u00eatre pas besoin de gagner la guerre des mod\u00e8les IA. Leur vraie force pourrait venir de l\u2019\u00e9cosyst\u00e8me, de l\u2019interface et de la relation client.\" \/>\n<meta property=\"og:url\" content=\"https:\/\/philippeboulanger.com\/fr\/apple-et-meta-peuvent-perdre-la-guerre-de-lia-et-gagner-quand-meme\/\" \/>\n<meta property=\"og:site_name\" content=\"Philippe Boulanger\" \/>\n<meta property=\"article:publisher\" content=\"https:\/\/www.facebook.com\/philippe.boulanger.official\" \/>\n<meta property=\"article:published_time\" content=\"2026-04-08T05:00:00+00:00\" \/>\n<meta property=\"og:image\" content=\"https:\/\/philippeboulanger.com\/wp-content\/uploads\/2026\/04\/La-confrontation-des-titans-technologiques-Apple-Meta-Philippe-Boulanger.webp\" \/>\n\t<meta property=\"og:image:width\" content=\"1536\" \/>\n\t<meta property=\"og:image:height\" content=\"1024\" \/>\n\t<meta property=\"og:image:type\" content=\"image\/jpeg\" \/>\n<meta name=\"author\" content=\"Philippe Boulanger\" \/>\n<meta name=\"twitter:card\" content=\"summary_large_image\" \/>\n<meta name=\"twitter:creator\" content=\"@Ph_Boulanger\" \/>\n<meta name=\"twitter:site\" content=\"@Ph_Boulanger\" \/>\n<meta name=\"twitter:label1\" content=\"\u00c9crit par\" \/>\n\t<meta name=\"twitter:data1\" content=\"Philippe Boulanger\" \/>\n\t<meta name=\"twitter:label2\" content=\"Dur\u00e9e de lecture estim\u00e9e\" \/>\n\t<meta name=\"twitter:data2\" content=\"7 minutes\" \/>\n<script type=\"application\/ld+json\" class=\"yoast-schema-graph\">{\"@context\":\"https:\\\/\\\/schema.org\",\"@graph\":[{\"@type\":\"Article\",\"@id\":\"https:\\\/\\\/philippeboulanger.com\\\/fr\\\/apple-et-meta-peuvent-perdre-la-guerre-de-lia-et-gagner-quand-meme\\\/#article\",\"isPartOf\":{\"@id\":\"https:\\\/\\\/philippeboulanger.com\\\/fr\\\/apple-et-meta-peuvent-perdre-la-guerre-de-lia-et-gagner-quand-meme\\\/\"},\"author\":{\"name\":\"Philippe Boulanger\",\"@id\":\"https:\\\/\\\/philippeboulanger.com\\\/fr\\\/#\\\/schema\\\/person\\\/6bb370f9c91a64097487f01391ea335f\"},\"headline\":\"Apple et Meta peuvent perdre la guerre de l\u2019IA et gagner quand m\u00eame\",\"datePublished\":\"2026-04-08T05:00:00+00:00\",\"mainEntityOfPage\":{\"@id\":\"https:\\\/\\\/philippeboulanger.com\\\/fr\\\/apple-et-meta-peuvent-perdre-la-guerre-de-lia-et-gagner-quand-meme\\\/\"},\"wordCount\":1717,\"commentCount\":0,\"publisher\":{\"@id\":\"https:\\\/\\\/philippeboulanger.com\\\/fr\\\/#organization\"},\"image\":{\"@id\":\"https:\\\/\\\/philippeboulanger.com\\\/fr\\\/apple-et-meta-peuvent-perdre-la-guerre-de-lia-et-gagner-quand-meme\\\/#primaryimage\"},\"thumbnailUrl\":\"https:\\\/\\\/philippeboulanger.com\\\/wp-content\\\/uploads\\\/2026\\\/04\\\/La-confrontation-des-titans-technologiques-Apple-Meta-Philippe-Boulanger.webp?wsr\",\"keywords\":[\"Apple\",\"attention\",\"d\u00e9pendance\",\"distribution\",\"\u00e9cosyst\u00e8me\",\"exp\u00e9rience utilisateur\",\"IA\",\"innovation\",\"interface\",\"Meta\",\"mod\u00e8le \u00e9conomique\",\"plateforme\",\"pouvoir de march\u00e9\",\"relation client\",\"strat\u00e9gie\"],\"articleSection\":[\"intelligence innovationnelle\u00ae\"],\"inLanguage\":\"fr-FR\",\"potentialAction\":[{\"@type\":\"CommentAction\",\"name\":\"Comment\",\"target\":[\"https:\\\/\\\/philippeboulanger.com\\\/fr\\\/apple-et-meta-peuvent-perdre-la-guerre-de-lia-et-gagner-quand-meme\\\/#respond\"]}]},{\"@type\":\"WebPage\",\"@id\":\"https:\\\/\\\/philippeboulanger.com\\\/fr\\\/apple-et-meta-peuvent-perdre-la-guerre-de-lia-et-gagner-quand-meme\\\/\",\"url\":\"https:\\\/\\\/philippeboulanger.com\\\/fr\\\/apple-et-meta-peuvent-perdre-la-guerre-de-lia-et-gagner-quand-meme\\\/\",\"name\":\"Apple et Meta peuvent perdre la guerre de l\u2019IA et gagner quand m\u00eame - Philippe Boulanger\",\"isPartOf\":{\"@id\":\"https:\\\/\\\/philippeboulanger.com\\\/fr\\\/#website\"},\"primaryImageOfPage\":{\"@id\":\"https:\\\/\\\/philippeboulanger.com\\\/fr\\\/apple-et-meta-peuvent-perdre-la-guerre-de-lia-et-gagner-quand-meme\\\/#primaryimage\"},\"image\":{\"@id\":\"https:\\\/\\\/philippeboulanger.com\\\/fr\\\/apple-et-meta-peuvent-perdre-la-guerre-de-lia-et-gagner-quand-meme\\\/#primaryimage\"},\"thumbnailUrl\":\"https:\\\/\\\/philippeboulanger.com\\\/wp-content\\\/uploads\\\/2026\\\/04\\\/La-confrontation-des-titans-technologiques-Apple-Meta-Philippe-Boulanger.webp?wsr\",\"datePublished\":\"2026-04-08T05:00:00+00:00\",\"description\":\"Apple et Meta n\u2019ont peut-\u00eatre pas besoin de gagner la guerre des mod\u00e8les IA. Leur vraie force pourrait venir de l\u2019\u00e9cosyst\u00e8me, de l\u2019interface et de la relation client.\",\"breadcrumb\":{\"@id\":\"https:\\\/\\\/philippeboulanger.com\\\/fr\\\/apple-et-meta-peuvent-perdre-la-guerre-de-lia-et-gagner-quand-meme\\\/#breadcrumb\"},\"inLanguage\":\"fr-FR\",\"potentialAction\":[{\"@type\":\"ReadAction\",\"target\":[\"https:\\\/\\\/philippeboulanger.com\\\/fr\\\/apple-et-meta-peuvent-perdre-la-guerre-de-lia-et-gagner-quand-meme\\\/\"]}]},{\"@type\":\"ImageObject\",\"inLanguage\":\"fr-FR\",\"@id\":\"https:\\\/\\\/philippeboulanger.com\\\/fr\\\/apple-et-meta-peuvent-perdre-la-guerre-de-lia-et-gagner-quand-meme\\\/#primaryimage\",\"url\":\"https:\\\/\\\/philippeboulanger.com\\\/wp-content\\\/uploads\\\/2026\\\/04\\\/La-confrontation-des-titans-technologiques-Apple-Meta-Philippe-Boulanger.webp?wsr\",\"contentUrl\":\"https:\\\/\\\/philippeboulanger.com\\\/wp-content\\\/uploads\\\/2026\\\/04\\\/La-confrontation-des-titans-technologiques-Apple-Meta-Philippe-Boulanger.webp?wsr\",\"width\":1536,\"height\":1024},{\"@type\":\"BreadcrumbList\",\"@id\":\"https:\\\/\\\/philippeboulanger.com\\\/fr\\\/apple-et-meta-peuvent-perdre-la-guerre-de-lia-et-gagner-quand-meme\\\/#breadcrumb\",\"itemListElement\":[{\"@type\":\"ListItem\",\"position\":1,\"name\":\"Home\",\"item\":\"https:\\\/\\\/philippeboulanger.com\\\/fr\\\/\"},{\"@type\":\"ListItem\",\"position\":2,\"name\":\"Apple et Meta peuvent perdre la guerre de l\u2019IA et gagner quand m\u00eame\"}]},{\"@type\":\"WebSite\",\"@id\":\"https:\\\/\\\/philippeboulanger.com\\\/fr\\\/#website\",\"url\":\"https:\\\/\\\/philippeboulanger.com\\\/fr\\\/\",\"name\":\"Philippe Boulanger\",\"description\":\"Global Keynote Speaker &amp; Advisor\",\"publisher\":{\"@id\":\"https:\\\/\\\/philippeboulanger.com\\\/fr\\\/#organization\"},\"potentialAction\":[{\"@type\":\"SearchAction\",\"target\":{\"@type\":\"EntryPoint\",\"urlTemplate\":\"https:\\\/\\\/philippeboulanger.com\\\/fr\\\/?s={search_term_string}\"},\"query-input\":{\"@type\":\"PropertyValueSpecification\",\"valueRequired\":true,\"valueName\":\"search_term_string\"}}],\"inLanguage\":\"fr-FR\"},{\"@type\":\"Organization\",\"@id\":\"https:\\\/\\\/philippeboulanger.com\\\/fr\\\/#organization\",\"name\":\"Philippe Boulanger - The Innovation Evangelist - Global Keynote Speaker\",\"url\":\"https:\\\/\\\/philippeboulanger.com\\\/fr\\\/\",\"logo\":{\"@type\":\"ImageObject\",\"inLanguage\":\"fr-FR\",\"@id\":\"https:\\\/\\\/philippeboulanger.com\\\/fr\\\/#\\\/schema\\\/logo\\\/image\\\/\",\"url\":\"https:\\\/\\\/philippeboulanger.com\\\/wp-content\\\/uploads\\\/2026\\\/01\\\/cropped-philippe-boulanger-favicon-2026.webp\",\"contentUrl\":\"https:\\\/\\\/philippeboulanger.com\\\/wp-content\\\/uploads\\\/2026\\\/01\\\/cropped-philippe-boulanger-favicon-2026.webp\",\"width\":512,\"height\":512,\"caption\":\"Philippe Boulanger - The Innovation Evangelist - Global Keynote Speaker\"},\"image\":{\"@id\":\"https:\\\/\\\/philippeboulanger.com\\\/fr\\\/#\\\/schema\\\/logo\\\/image\\\/\"},\"sameAs\":[\"https:\\\/\\\/www.facebook.com\\\/philippe.boulanger.official\",\"https:\\\/\\\/x.com\\\/Ph_Boulanger\",\"https:\\\/\\\/www.youtube.com\\\/@PhilippeBoulanger\",\"https:\\\/\\\/www.lespeakers.com\\\/conferencier\\\/philippe-boulanger\",\"https:\\\/\\\/www.adn-conferenciers.com\\\/conferenciers-philippe-boulanger\",\"https:\\\/\\\/www.wechamp-entreprise.co\\\/conferencier\\\/philippe-boulanger\\\/\",\"https:\\\/\\\/hyfen.fr\\\/intervenant\\\/philippe-boulanger\\\/\",\"https:\\\/\\\/okaydoc.fr\\\/philippe-boulanger-conferencier-innovation\\\/\",\"https:\\\/\\\/www.lesconferenciers.com\\\/conferencier\\\/philippe-boulanger\\\/\",\"https:\\\/\\\/simoneetnelson.com\\\/annuaire\\\/conferenciers\\\/philippe-boulanger\\\/\",\"https:\\\/\\\/myspeaker.fr\\\/conferenciers\\\/philippe-boulanger\\\/\",\"https:\\\/\\\/www.premium-communication.fr\\\/conferenciers\\\/ia-et-innovation\\\/boulanger\",\"https:\\\/\\\/www.vivavox.fr\\\/conferencier\\\/233\\\/\",\"https:\\\/\\\/www.a-speakers.fr\\\/conferencier\\\/philippe-boulanger\\\/\",\"https:\\\/\\\/www.espeakers.com\\\/marketplace\\\/profile\\\/41889\\\/philippe-boulanger\",\"https:\\\/\\\/www.dunod.com\\\/livres-philippe-boulanger-2\",\"https:\\\/\\\/www.amazon.fr\\\/stores\\\/Dr-Philippe-Boulanger\\\/author\\\/B0DD4CMFDX\",\"https:\\\/\\\/www.lecampus.online\\\/conferenciers\\\/philippe-boulanger\",\"https:\\\/\\\/www.startnplay.com\\\/personnalite\\\/conferencier\\\/phlippe-boulanger\\\/\"]},{\"@type\":\"Person\",\"@id\":\"https:\\\/\\\/philippeboulanger.com\\\/fr\\\/#\\\/schema\\\/person\\\/6bb370f9c91a64097487f01391ea335f\",\"name\":\"Philippe Boulanger\",\"image\":{\"@type\":\"ImageObject\",\"inLanguage\":\"fr-FR\",\"@id\":\"https:\\\/\\\/secure.gravatar.com\\\/avatar\\\/7e269ce6778aacfb26aa4350739359d938962ebf752aa458b862bfd78ff946c1?s=96&d=mm&r=g\",\"url\":\"https:\\\/\\\/secure.gravatar.com\\\/avatar\\\/7e269ce6778aacfb26aa4350739359d938962ebf752aa458b862bfd78ff946c1?s=96&d=mm&r=g\",\"contentUrl\":\"https:\\\/\\\/secure.gravatar.com\\\/avatar\\\/7e269ce6778aacfb26aa4350739359d938962ebf752aa458b862bfd78ff946c1?s=96&d=mm&r=g\",\"caption\":\"Philippe Boulanger\"},\"url\":\"https:\\\/\\\/philippeboulanger.com\\\/fr\\\/author\\\/boulanger-philgmail-com\\\/\"}]}<\/script>\n<!-- \/ Yoast SEO Premium plugin. -->","yoast_head_json":{"title":"Apple et Meta peuvent perdre la guerre de l\u2019IA et gagner quand m\u00eame - Philippe Boulanger","description":"Apple et Meta n\u2019ont peut-\u00eatre pas besoin de gagner la guerre des mod\u00e8les IA. Leur vraie force pourrait venir de l\u2019\u00e9cosyst\u00e8me, de l\u2019interface et de la relation client.","robots":{"index":"index","follow":"follow","max-snippet":"max-snippet:-1","max-image-preview":"max-image-preview:large","max-video-preview":"max-video-preview:-1"},"canonical":"https:\/\/philippeboulanger.com\/fr\/apple-et-meta-peuvent-perdre-la-guerre-de-lia-et-gagner-quand-meme\/","og_locale":"fr_FR","og_type":"article","og_title":"Apple et Meta peuvent perdre la guerre de l\u2019IA et gagner quand m\u00eame","og_description":"Apple et Meta n\u2019ont peut-\u00eatre pas besoin de gagner la guerre des mod\u00e8les IA. Leur vraie force pourrait venir de l\u2019\u00e9cosyst\u00e8me, de l\u2019interface et de la relation client.","og_url":"https:\/\/philippeboulanger.com\/fr\/apple-et-meta-peuvent-perdre-la-guerre-de-lia-et-gagner-quand-meme\/","og_site_name":"Philippe Boulanger","article_publisher":"https:\/\/www.facebook.com\/philippe.boulanger.official","article_published_time":"2026-04-08T05:00:00+00:00","og_image":[{"width":1536,"height":1024,"url":"https:\/\/philippeboulanger.com\/wp-content\/uploads\/2026\/04\/La-confrontation-des-titans-technologiques-Apple-Meta-Philippe-Boulanger.webp","type":"image\/jpeg"}],"author":"Philippe Boulanger","twitter_card":"summary_large_image","twitter_creator":"@Ph_Boulanger","twitter_site":"@Ph_Boulanger","twitter_misc":{"\u00c9crit par":"Philippe Boulanger","Dur\u00e9e de lecture estim\u00e9e":"7 minutes"},"schema":{"@context":"https:\/\/schema.org","@graph":[{"@type":"Article","@id":"https:\/\/philippeboulanger.com\/fr\/apple-et-meta-peuvent-perdre-la-guerre-de-lia-et-gagner-quand-meme\/#article","isPartOf":{"@id":"https:\/\/philippeboulanger.com\/fr\/apple-et-meta-peuvent-perdre-la-guerre-de-lia-et-gagner-quand-meme\/"},"author":{"name":"Philippe Boulanger","@id":"https:\/\/philippeboulanger.com\/fr\/#\/schema\/person\/6bb370f9c91a64097487f01391ea335f"},"headline":"Apple et Meta peuvent perdre la guerre de l\u2019IA et gagner quand m\u00eame","datePublished":"2026-04-08T05:00:00+00:00","mainEntityOfPage":{"@id":"https:\/\/philippeboulanger.com\/fr\/apple-et-meta-peuvent-perdre-la-guerre-de-lia-et-gagner-quand-meme\/"},"wordCount":1717,"commentCount":0,"publisher":{"@id":"https:\/\/philippeboulanger.com\/fr\/#organization"},"image":{"@id":"https:\/\/philippeboulanger.com\/fr\/apple-et-meta-peuvent-perdre-la-guerre-de-lia-et-gagner-quand-meme\/#primaryimage"},"thumbnailUrl":"https:\/\/philippeboulanger.com\/wp-content\/uploads\/2026\/04\/La-confrontation-des-titans-technologiques-Apple-Meta-Philippe-Boulanger.webp?wsr","keywords":["Apple","attention","d\u00e9pendance","distribution","\u00e9cosyst\u00e8me","exp\u00e9rience utilisateur","IA","innovation","interface","Meta","mod\u00e8le \u00e9conomique","plateforme","pouvoir de march\u00e9","relation client","strat\u00e9gie"],"articleSection":["intelligence innovationnelle\u00ae"],"inLanguage":"fr-FR","potentialAction":[{"@type":"CommentAction","name":"Comment","target":["https:\/\/philippeboulanger.com\/fr\/apple-et-meta-peuvent-perdre-la-guerre-de-lia-et-gagner-quand-meme\/#respond"]}]},{"@type":"WebPage","@id":"https:\/\/philippeboulanger.com\/fr\/apple-et-meta-peuvent-perdre-la-guerre-de-lia-et-gagner-quand-meme\/","url":"https:\/\/philippeboulanger.com\/fr\/apple-et-meta-peuvent-perdre-la-guerre-de-lia-et-gagner-quand-meme\/","name":"Apple et Meta peuvent perdre la guerre de l\u2019IA et gagner quand m\u00eame - Philippe Boulanger","isPartOf":{"@id":"https:\/\/philippeboulanger.com\/fr\/#website"},"primaryImageOfPage":{"@id":"https:\/\/philippeboulanger.com\/fr\/apple-et-meta-peuvent-perdre-la-guerre-de-lia-et-gagner-quand-meme\/#primaryimage"},"image":{"@id":"https:\/\/philippeboulanger.com\/fr\/apple-et-meta-peuvent-perdre-la-guerre-de-lia-et-gagner-quand-meme\/#primaryimage"},"thumbnailUrl":"https:\/\/philippeboulanger.com\/wp-content\/uploads\/2026\/04\/La-confrontation-des-titans-technologiques-Apple-Meta-Philippe-Boulanger.webp?wsr","datePublished":"2026-04-08T05:00:00+00:00","description":"Apple et Meta n\u2019ont peut-\u00eatre pas besoin de gagner la guerre des mod\u00e8les IA. Leur vraie force pourrait venir de l\u2019\u00e9cosyst\u00e8me, de l\u2019interface et de la relation client.","breadcrumb":{"@id":"https:\/\/philippeboulanger.com\/fr\/apple-et-meta-peuvent-perdre-la-guerre-de-lia-et-gagner-quand-meme\/#breadcrumb"},"inLanguage":"fr-FR","potentialAction":[{"@type":"ReadAction","target":["https:\/\/philippeboulanger.com\/fr\/apple-et-meta-peuvent-perdre-la-guerre-de-lia-et-gagner-quand-meme\/"]}]},{"@type":"ImageObject","inLanguage":"fr-FR","@id":"https:\/\/philippeboulanger.com\/fr\/apple-et-meta-peuvent-perdre-la-guerre-de-lia-et-gagner-quand-meme\/#primaryimage","url":"https:\/\/philippeboulanger.com\/wp-content\/uploads\/2026\/04\/La-confrontation-des-titans-technologiques-Apple-Meta-Philippe-Boulanger.webp?wsr","contentUrl":"https:\/\/philippeboulanger.com\/wp-content\/uploads\/2026\/04\/La-confrontation-des-titans-technologiques-Apple-Meta-Philippe-Boulanger.webp?wsr","width":1536,"height":1024},{"@type":"BreadcrumbList","@id":"https:\/\/philippeboulanger.com\/fr\/apple-et-meta-peuvent-perdre-la-guerre-de-lia-et-gagner-quand-meme\/#breadcrumb","itemListElement":[{"@type":"ListItem","position":1,"name":"Home","item":"https:\/\/philippeboulanger.com\/fr\/"},{"@type":"ListItem","position":2,"name":"Apple et Meta peuvent perdre la guerre de l\u2019IA et gagner quand m\u00eame"}]},{"@type":"WebSite","@id":"https:\/\/philippeboulanger.com\/fr\/#website","url":"https:\/\/philippeboulanger.com\/fr\/","name":"Philippe Boulanger","description":"Global Keynote Speaker &amp; Advisor","publisher":{"@id":"https:\/\/philippeboulanger.com\/fr\/#organization"},"potentialAction":[{"@type":"SearchAction","target":{"@type":"EntryPoint","urlTemplate":"https:\/\/philippeboulanger.com\/fr\/?s={search_term_string}"},"query-input":{"@type":"PropertyValueSpecification","valueRequired":true,"valueName":"search_term_string"}}],"inLanguage":"fr-FR"},{"@type":"Organization","@id":"https:\/\/philippeboulanger.com\/fr\/#organization","name":"Philippe Boulanger - The Innovation Evangelist - Global Keynote Speaker","url":"https:\/\/philippeboulanger.com\/fr\/","logo":{"@type":"ImageObject","inLanguage":"fr-FR","@id":"https:\/\/philippeboulanger.com\/fr\/#\/schema\/logo\/image\/","url":"https:\/\/philippeboulanger.com\/wp-content\/uploads\/2026\/01\/cropped-philippe-boulanger-favicon-2026.webp","contentUrl":"https:\/\/philippeboulanger.com\/wp-content\/uploads\/2026\/01\/cropped-philippe-boulanger-favicon-2026.webp","width":512,"height":512,"caption":"Philippe Boulanger - The Innovation Evangelist - Global Keynote Speaker"},"image":{"@id":"https:\/\/philippeboulanger.com\/fr\/#\/schema\/logo\/image\/"},"sameAs":["https:\/\/www.facebook.com\/philippe.boulanger.official","https:\/\/x.com\/Ph_Boulanger","https:\/\/www.youtube.com\/@PhilippeBoulanger","https:\/\/www.lespeakers.com\/conferencier\/philippe-boulanger","https:\/\/www.adn-conferenciers.com\/conferenciers-philippe-boulanger","https:\/\/www.wechamp-entreprise.co\/conferencier\/philippe-boulanger\/","https:\/\/hyfen.fr\/intervenant\/philippe-boulanger\/","https:\/\/okaydoc.fr\/philippe-boulanger-conferencier-innovation\/","https:\/\/www.lesconferenciers.com\/conferencier\/philippe-boulanger\/","https:\/\/simoneetnelson.com\/annuaire\/conferenciers\/philippe-boulanger\/","https:\/\/myspeaker.fr\/conferenciers\/philippe-boulanger\/","https:\/\/www.premium-communication.fr\/conferenciers\/ia-et-innovation\/boulanger","https:\/\/www.vivavox.fr\/conferencier\/233\/","https:\/\/www.a-speakers.fr\/conferencier\/philippe-boulanger\/","https:\/\/www.espeakers.com\/marketplace\/profile\/41889\/philippe-boulanger","https:\/\/www.dunod.com\/livres-philippe-boulanger-2","https:\/\/www.amazon.fr\/stores\/Dr-Philippe-Boulanger\/author\/B0DD4CMFDX","https:\/\/www.lecampus.online\/conferenciers\/philippe-boulanger","https:\/\/www.startnplay.com\/personnalite\/conferencier\/phlippe-boulanger\/"]},{"@type":"Person","@id":"https:\/\/philippeboulanger.com\/fr\/#\/schema\/person\/6bb370f9c91a64097487f01391ea335f","name":"Philippe Boulanger","image":{"@type":"ImageObject","inLanguage":"fr-FR","@id":"https:\/\/secure.gravatar.com\/avatar\/7e269ce6778aacfb26aa4350739359d938962ebf752aa458b862bfd78ff946c1?s=96&d=mm&r=g","url":"https:\/\/secure.gravatar.com\/avatar\/7e269ce6778aacfb26aa4350739359d938962ebf752aa458b862bfd78ff946c1?s=96&d=mm&r=g","contentUrl":"https:\/\/secure.gravatar.com\/avatar\/7e269ce6778aacfb26aa4350739359d938962ebf752aa458b862bfd78ff946c1?s=96&d=mm&r=g","caption":"Philippe Boulanger"},"url":"https:\/\/philippeboulanger.com\/fr\/author\/boulanger-philgmail-com\/"}]}},"jetpack_featured_media_url":"https:\/\/philippeboulanger.com\/wp-content\/uploads\/2026\/04\/La-confrontation-des-titans-technologiques-Apple-Meta-Philippe-Boulanger.webp?wsr","jetpack_sharing_enabled":true,"_links":{"self":[{"href":"https:\/\/philippeboulanger.com\/fr\/wp-json\/wp\/v2\/posts\/15823","targetHints":{"allow":["GET"]}}],"collection":[{"href":"https:\/\/philippeboulanger.com\/fr\/wp-json\/wp\/v2\/posts"}],"about":[{"href":"https:\/\/philippeboulanger.com\/fr\/wp-json\/wp\/v2\/types\/post"}],"author":[{"embeddable":true,"href":"https:\/\/philippeboulanger.com\/fr\/wp-json\/wp\/v2\/users\/4"}],"replies":[{"embeddable":true,"href":"https:\/\/philippeboulanger.com\/fr\/wp-json\/wp\/v2\/comments?post=15823"}],"version-history":[{"count":2,"href":"https:\/\/philippeboulanger.com\/fr\/wp-json\/wp\/v2\/posts\/15823\/revisions"}],"predecessor-version":[{"id":15829,"href":"https:\/\/philippeboulanger.com\/fr\/wp-json\/wp\/v2\/posts\/15823\/revisions\/15829"}],"wp:featuredmedia":[{"embeddable":true,"href":"https:\/\/philippeboulanger.com\/fr\/wp-json\/wp\/v2\/media\/15824"}],"wp:attachment":[{"href":"https:\/\/philippeboulanger.com\/fr\/wp-json\/wp\/v2\/media?parent=15823"}],"wp:term":[{"taxonomy":"category","embeddable":true,"href":"https:\/\/philippeboulanger.com\/fr\/wp-json\/wp\/v2\/categories?post=15823"},{"taxonomy":"post_tag","embeddable":true,"href":"https:\/\/philippeboulanger.com\/fr\/wp-json\/wp\/v2\/tags?post=15823"}],"curies":[{"name":"wp","href":"https:\/\/api.w.org\/{rel}","templated":true}]}}