{"id":15843,"date":"2026-04-11T06:00:00","date_gmt":"2026-04-11T05:00:00","guid":{"rendered":"https:\/\/philippeboulanger.com\/?p=15843"},"modified":"2026-04-10T16:13:16","modified_gmt":"2026-04-10T15:13:16","slug":"le-crayon-que-lia-ne-remplacera-pas","status":"publish","type":"post","link":"https:\/\/philippeboulanger.com\/fr\/le-crayon-que-lia-ne-remplacera-pas\/","title":{"rendered":"Le crayon que l\u2019IA ne remplacera pas"},"content":{"rendered":"\n<h2 class=\"wp-block-heading\" id=\"h-le-jour-ou-un-simple-crayon-valait-mieux-qu-un-tutoriel\">Le jour o\u00f9 un simple crayon valait mieux qu\u2019un tutoriel<\/h2>\n\n\n\n<p>Il y a des objets qui r\u00e9sument une \u00e9poque enti\u00e8re sans avoir l\u2019air de demander la parole.<\/p>\n\n\n\n<p>Une cassette audio.<br>Un crayon \u00e0 papier.<br>Et entre les deux, un geste que des millions de personnes ont appris sans mode d\u2019emploi, sans application, sans assistant vocal, sans vid\u00e9o explicative.<\/p>\n\n\n\n<p>Ins\u00e9rer le crayon dans la bobine.<br>Tourner doucement.<br>Retendre la bande.<br>Sauver la cassette.<br>Reprendre la musique.<\/p>\n\n\n\n<p>Le premier syst\u00e8me anti-bug de lecteur \u00e0 K7 de l\u2019histoire ne tenait pas dans un laboratoire. Il tenait dans une trousse.<\/p>\n\n\n\n<p>Le plus savoureux, aujourd\u2019hui, n\u2019est m\u00eame pas l\u2019astuce m\u00e9canique. C\u2019est le foss\u00e9 mental qu\u2019elle r\u00e9v\u00e8le. Une g\u00e9n\u00e9ration voit imm\u00e9diatement le lien entre les deux objets. Une autre voit un myst\u00e8re. Et c\u2019est pr\u00e9cis\u00e9ment l\u00e0 que commence le Samedi de l\u2019absurde.<\/p>\n\n\n\n<h2 class=\"wp-block-heading\" id=\"h-ce-n-etait-pas-seulement-une-astuce\">Ce n\u2019\u00e9tait pas seulement une astuce<\/h2>\n\n\n\n<p>Le crayon n\u2019\u00e9tait pas un accessoire sympathique autour de la cassette. Il faisait partie du syst\u00e8me.<\/p>\n\n\n\n<p>Il servait \u00e0 rembobiner sans user les piles du baladeur.<br>Il permettait de retendre une bande aval\u00e9e.<br>Il \u00e9vitait parfois de sacrifier un album entier \u00e0 cause d\u2019un lecteur capricieux.<br>Il transformait l\u2019utilisateur en technicien de proximit\u00e9 de sa propre musique.<\/p>\n\n\n\n<p>La cassette, con\u00e7ue par Philips au d\u00e9but des ann\u00e9es 1960 et lanc\u00e9e en 1963, a rendu l\u2019enregistrement et l\u2019\u00e9coute portables bien plus simples que les bandes sur bobines ouvertes. C\u2019est cette simplicit\u00e9 qui a permis sa diffusion massive (<a href=\"https:\/\/www.philips.com\/a-w\/about\/our-history.html?utm_source=philippeboulanger.com\">Philips<\/a>). Mais cette simplicit\u00e9 n\u2019\u00e9tait jamais totalement passive. L\u2019objet demandait encore un minimum d\u2019intelligence pratique.<\/p>\n\n\n\n<p>Il fallait comprendre la mati\u00e8re.<br>Observer la m\u00e9canique.<br>Sentir la tension de la bande.<br>Agir avec d\u00e9licatesse.<br>Improviser quand la machine devenait stupide.<\/p>\n\n\n\n<p>Autrement dit, on n\u2019utilisait pas seulement une technologie. On d\u00e9veloppait une complicit\u00e9 avec elle.<\/p>\n\n\n\n<h2 class=\"wp-block-heading\" id=\"h-une-epoque-ou-l-utilisateur-savait-encore-bricoler-l-objet\">Une \u00e9poque o\u00f9 l\u2019utilisateur savait encore bricoler l\u2019objet<\/h2>\n\n\n\n<p>Le vrai sujet n\u2019est pas la nostalgie facile. Le vrai sujet, c\u2019est la nature de la relation entre l\u2019humain et la technologie.<\/p>\n\n\n\n<p>La cassette appartenait \u00e0 une \u00e9poque o\u00f9 l\u2019objet technique restait partiellement lisible. On voyait les bobines. On comprenait le trajet de la bande. On devinait la panne. On inventait le contournement.<\/p>\n\n\n\n<p>Le probl\u00e8me n\u2019\u00e9tait pas abstrait.<br>Il \u00e9tait visible.<br>Donc il devenait manipulable.<\/p>\n\n\n\n<p>C\u2019est exactement ce qui fascine encore aujourd\u2019hui dans beaucoup d\u2019objets anciens. Ils ne sont pas seulement r\u00e9tro. Ils sont p\u00e9dagogiques. Ils montrent leur logique. Ils donnent \u00e0 l\u2019utilisateur une prise mentale sur le r\u00e9el.<\/p>\n\n\n\n<p>Le num\u00e9rique contemporain a souvent fait l\u2019inverse. Il a apport\u00e9 une puissance ph\u00e9nom\u00e9nale, une fluidit\u00e9 spectaculaire, une commodit\u00e9 presque insolente. Mais il a aussi masqu\u00e9 la m\u00e9canique. Quand \u00e7a dysfonctionne, l\u2019utilisateur ne r\u00e9pare plus. Il red\u00e9marre, recharge, r\u00e9initialise, ou abandonne.<\/p>\n\n\n\n<p>Le crayon dans la cassette racontait autre chose.<br>Il racontait une culture de la d\u00e9brouille.<br>Une culture du lien entre les choses.<br>Une culture du \u201cje vais essayer\u201d.<\/p>\n\n\n\n<p>Dans mon livre, chapitre 1, j\u2019insiste justement sur un point central : l\u2019exp\u00e9rimentation est la cl\u00e9 pour trouver la voie, et rien ne marche parfaitement la premi\u00e8re fois.<\/p>\n\n\n\n<h2 class=\"wp-block-heading\" id=\"h-le-detail-qui-ferait-buguer-les-nouvelles-generations\">Le d\u00e9tail qui ferait buguer les nouvelles g\u00e9n\u00e9rations<\/h2>\n\n\n\n<p>Le plus dr\u00f4le dans cette image, ce n\u2019est pas qu\u2019elle semble archa\u00efque.<\/p>\n\n\n\n<p>C\u2019est qu\u2019elle ressemble \u00e0 une \u00e9nigme absurde pour quelqu\u2019un qui n\u2019a jamais connu cette logique mat\u00e9rielle.<\/p>\n\n\n\n<p>Nos enfants pourraient tr\u00e8s bien identifier s\u00e9par\u00e9ment les deux objets.<br>Ils pourraient m\u00eame savoir ce qu\u2019est un crayon et ce qu\u2019est une cassette.<br>Et pourtant, le lien fonctionnel entre les deux leur \u00e9chapperait.<\/p>\n\n\n\n<p>Pourquoi ?<br>Parce que notre \u00e9poque produit de plus en plus d\u2019objets ferm\u00e9s, opaques, lisses, magiques en apparence.<br>On clique.<br>On glisse.<br>On stream.<br>On scrolle.<br>Mais on comprend de moins en moins ce qui se passe derri\u00e8re.<\/p>\n\n\n\n<p>La g\u00e9n\u00e9ration cassette \u00e9tait parfois moins assist\u00e9e, mais plus outill\u00e9e mentalement face aux micro-incidents du quotidien.<\/p>\n\n\n\n<p>Elle ne demandait pas imm\u00e9diatement \u00e0 une IA quoi faire.<br>Elle essayait.<br>Elle testait.<br>Elle ratait.<br>Elle corrigeait.<br>Puis elle transmettait l\u2019astuce.<\/p>\n\n\n\n<p>Le savoir circulait horizontalement, par imitation, par observation, par culture d\u2019usage. Pas seulement par documentation officielle.<\/p>\n\n\n\n<h2 class=\"wp-block-heading\" id=\"h-le-crayon-etait-un-protocole-de-resilience\">Le crayon \u00e9tait un protocole de r\u00e9silience<\/h2>\n\n\n\n<p>Dit autrement, ce vieux geste avait quelque chose de strat\u00e9giquement moderne.<\/p>\n\n\n\n<p>Quand une technologie dysfonctionne, deux options apparaissent.<\/p>\n\n\n\n<p>La premi\u00e8re consiste \u00e0 d\u00e9pendre enti\u00e8rement du syst\u00e8me, du fabricant, du support, de la couche sup\u00e9rieure.<br>La seconde consiste \u00e0 garder une marge d\u2019autonomie, m\u00eame minuscule.<\/p>\n\n\n\n<p>Le crayon repr\u00e9sentait cette marge.<\/p>\n\n\n\n<p>Il \u00e9tait le plan B analogique.<br>Le contournement low tech.<br>La rustine \u00e9l\u00e9gante.<br>La preuve qu\u2019une technologie populaire devient r\u00e9ellement puissante quand ses utilisateurs savent aussi la rattraper \u00e0 la main.<\/p>\n\n\n\n<p>Dans un monde satur\u00e9 d\u2019automatisation, cette logique m\u00e9rite d\u2019\u00eatre relue avec s\u00e9rieux.<\/p>\n\n\n\n<p>Les organisations qui traverseront bien l\u2019\u00e8re de l\u2019IA ne seront pas seulement celles qui empilent les outils. Ce seront celles qui conserveront des humains capables de comprendre les d\u00e9faillances, de d\u00e9tecter les anomalies, d\u2019improviser des solutions, de reprendre le contr\u00f4le quand l\u2019interface devient trompeuse.<\/p>\n\n\n\n<p>Le crayon dans la cassette, c\u2019est une m\u00e9taphore minuscule de la r\u00e9silience op\u00e9rationnelle.<\/p>\n\n\n\n<h2 class=\"wp-block-heading\" id=\"h-l-absurde-d-hier-devient-la-pedagogie-de-demain\">L\u2019absurde d\u2019hier devient la p\u00e9dagogie de demain<\/h2>\n\n\n\n<p>Le plus ironique dans cette histoire, c\u2019est que l\u2019ancienne astuce fait maintenant figure de test culturel.<\/p>\n\n\n\n<p>Ceux qui comprennent imm\u00e9diatement ont connu une \u00e9poque o\u00f9 la technologie exigeait une forme de participation.<br>Ceux qui ne comprennent pas ont grandi dans un univers o\u00f9 la performance technique a progressivement effac\u00e9 l\u2019intelligence d\u2019usage visible.<\/p>\n\n\n\n<p>Aucune posture morale ici.<br>Chaque \u00e9poque produit ses r\u00e9flexes.<\/p>\n\n\n\n<p>Les jeunes g\u00e9n\u00e9rations d\u00e9veloppent d\u2019autres comp\u00e9tences, parfois remarquables.<br>Elles naviguent dans des environnements logiciels d\u2019une complexit\u00e9 folle.<br>Elles publient, montent, automatisent, apprennent vite, combinent des outils que beaucoup d\u2019adultes n\u2019osent m\u00eame pas ouvrir.<\/p>\n\n\n\n<p>Mais il reste un angle mort fascinant : plus la technologie devient invisible, plus le lien causal entre les objets dispara\u00eet de la culture commune.<\/p>\n\n\n\n<p>Le crayon et la cassette nous rappellent qu\u2019une civilisation technique se juge aussi \u00e0 sa capacit\u00e9 \u00e0 rendre ses usages compr\u00e9hensibles.<\/p>\n\n\n\n<h2 class=\"wp-block-heading\" id=\"h-ce-que-cette-image-dit-aussi-de-l-innovation\">Ce que cette image dit aussi de l\u2019innovation<\/h2>\n\n\n\n<p>Une innovation n\u2019est pas toujours le gadget le plus sophistiqu\u00e9.<\/p>\n\n\n\n<p>Parfois, l\u2019innovation utile r\u00e9side dans une combinaison improbable entre deux objets ordinaires.<br>Un syst\u00e8me improvis\u00e9.<br>Un d\u00e9tournement d\u2019usage.<br>Une r\u00e9ponse n\u00e9e du terrain.<br>Une solution si simple qu\u2019elle devient invisible apr\u00e8s coup.<\/p>\n\n\n\n<p>C\u2019est d\u2019ailleurs l\u2019un des pi\u00e8ges majeurs dans beaucoup d\u2019entreprises : elles cherchent l\u2019innovation spectaculaire et m\u00e9prisent l\u2019intelligence pratique.<\/p>\n\n\n\n<p>Elles veulent la rupture.<br>Elles veulent l\u2019outil.<br>Elles veulent la plateforme.<br>Elles veulent le vocabulaire impressionnant.<\/p>\n\n\n\n<p>Alors qu\u2019une partie d\u00e9cisive du progr\u00e8s vient souvent d\u2019un geste banal, reproductible, compris par tous, adopt\u00e9 sans comit\u00e9 de pilotage.<\/p>\n\n\n\n<p>Le crayon dans la cassette n\u2019a jamais \u00e9t\u00e9 vendu comme une r\u00e9volution.<br>C\u2019\u00e9tait mieux.<br>C\u2019\u00e9tait une solution.<\/p>\n\n\n\n<p>Et une solution vraiment adopt\u00e9e vaut souvent plus qu\u2019une vision brillante jamais incarn\u00e9e.<\/p>\n\n\n\n<h2 class=\"wp-block-heading\" id=\"h-ce-que-chatgpt-peut-expliquer-mais-ne-pourra-jamais-nostalgiser-a-votre-place\">Ce que ChatGPT peut expliquer, mais ne pourra jamais nostalgiser \u00e0 votre place<\/h2>\n\n\n\n<p>Oui, on peut demander \u00e0 ChatGPT le lien entre une cassette et un crayon.<\/p>\n\n\n\n<p>Et oui, l\u2019IA sait l\u2019expliquer.<\/p>\n\n\n\n<p>Elle peut raconter le rembobinage manuel.<br>Elle peut d\u00e9crire la bande magn\u00e9tique.<br>Elle peut rappeler que m\u00eame un manuel r\u00e9cent de lecteur cassette \u00e9voquait encore ce geste comme d\u00e9pannage d\u2019usage (<a href=\"https:\/\/www.wired.com\/story\/ninm-lab-its-ok-cassette-player-review\/?utm_source=philippeboulanger.com\">WIRED<\/a>).<\/p>\n\n\n\n<p>Mais elle ne peut pas restituer exactement ce que ce geste repr\u00e9sentait dans les doigts, dans les habitudes, dans l\u2019\u00e9poque, dans la petite victoire intime d\u2019avoir sauv\u00e9 sa musique sans passer par un service client.<\/p>\n\n\n\n<p>L\u2019IA explique.<br>L\u2019exp\u00e9rience relie.<\/p>\n\n\n\n<p>Et c\u2019est peut-\u00eatre cela, au fond, le point le plus int\u00e9ressant de cette image absurde : elle montre qu\u2019il existe encore des savoirs minuscules, incarn\u00e9s, situ\u00e9s, qui ne prennent tout leur sens qu\u2019\u00e0 l\u2019int\u00e9rieur d\u2019une culture v\u00e9cue.<\/p>\n\n\n\n<h2 class=\"wp-block-heading\" id=\"h-le-futur-n-est-pas-seulement-du-cote-du-neuf\">Le futur n\u2019est pas seulement du c\u00f4t\u00e9 du neuf<\/h2>\n\n\n\n<p>Le retour d\u2019int\u00e9r\u00eat pour les technologies r\u00e9tro, la musique physique et certains objets anciens montre d\u2019ailleurs qu\u2019une partie du public, y compris jeune, cherche autre chose que la simple efficacit\u00e9. On observe un regain d\u2019attention pour les formats physiques et les objets r\u00e9tro dans la culture populaire, tandis que des signaux comparables apparaissent aussi sur d\u2019autres cat\u00e9gories de \u201cvieilles\u201d technologies (<a href=\"https:\/\/www.billboard.com\/pro\/cassette-tapes-comeback-taylor-swift-artists\/?utm_source=philippeboulanger.com\">Billboard<\/a>, <a href=\"https:\/\/www.fastcompany.com\/90895233\/why-gen-z-is-ditching-smartphones-for-dumb-phones?utm_source=philippeboulanger.com\">Fast Company<\/a>, <a href=\"https:\/\/www.fastcompany.com\/90856587\/why-are-so-many-gen-zers-drawn-to-old-school-digital-cameras\/?utm_source=philippeboulanger.com\">Fast Company<\/a>).<\/p>\n\n\n\n<p>Pourquoi ?<br>Parce que le vieux monde technique poss\u00e9dait parfois une qualit\u00e9 devenue rare : il laissait des traces, des gestes, des textures, des imperfections, donc de la m\u00e9moire.<\/p>\n\n\n\n<p>Le crayon dans la cassette ne revient pas comme performance.<br>Il revient comme symbole.<\/p>\n\n\n\n<p>Le symbole d\u2019un temps o\u00f9 l\u2019on r\u00e9parait encore de petites choses.<br>Le symbole d\u2019un temps o\u00f9 l\u2019objet n\u2019\u00e9tait pas totalement s\u00e9par\u00e9 de l\u2019intelligence de son utilisateur.<br>Le symbole d\u2019un temps o\u00f9 l\u2019on comprenait, au moins un peu, ce que l\u2019on manipulait.<\/p>\n\n\n\n<h2 class=\"wp-block-heading\" id=\"h-le-lien-entre-les-deux\">Le lien entre les deux<\/h2>\n\n\n\n<p>Le lien entre les deux n\u2019est donc pas seulement m\u00e9canique.<\/p>\n\n\n\n<p>Le crayon et la cassette racontent ensemble une v\u00e9rit\u00e9 plus large :<br>une technologie utile n\u2019est pas seulement celle qui fonctionne.<br>C\u2019est aussi celle qui laisse \u00e0 l\u2019humain une possibilit\u00e9 d\u2019agir quand elle fonctionne mal.<\/p>\n\n\n\n<p>Et cela vaut autant pour une K7 aval\u00e9e que pour un monde satur\u00e9 d\u2019IA.<\/p>\n\n\n\n<p>Le Samedi de l\u2019absurde a parfois de tr\u00e8s bons r\u00e9flexes strat\u00e9giques.<\/p>\n\n\n\n<h3 class=\"wp-block-heading\" id=\"h-references\">R\u00e9f\u00e9rences<\/h3>\n\n\n\n<p>(Philips) = <a href=\"https:\/\/www.philips.com\/a-w\/about\/our-history.html?utm_source=philippeboulanger.com\">https:\/\/www.philips.com\/a-w\/about\/our-history.html<\/a><br>(Philips) = <a href=\"https:\/\/www.philips.com\/a-w\/about\/news\/media-library\/20190101-First-Philips-cassette-recorder-1963.html?utm_source=philippeboulanger.com\">https:\/\/www.philips.com\/a-w\/about\/news\/media-library\/20190101-First-Philips-cassette-recorder-1963.html<\/a><br>(WIRED) = <a href=\"https:\/\/www.wired.com\/story\/ninm-lab-its-ok-cassette-player-review\/?utm_source=philippeboulanger.com\">https:\/\/www.wired.com\/story\/ninm-lab-its-ok-cassette-player-review\/<\/a><br>(Billboard) = <a href=\"https:\/\/www.billboard.com\/pro\/cassette-tapes-comeback-taylor-swift-artists\/?utm_source=philippeboulanger.com\">https:\/\/www.billboard.com\/pro\/cassette-tapes-comeback-taylor-swift-artists\/<\/a><br>(Fast Company) = <a href=\"https:\/\/www.fastcompany.com\/90895233\/why-gen-z-is-ditching-smartphones-for-dumb-phones?utm_source=philippeboulanger.com\">https:\/\/www.fastcompany.com\/90895233\/why-gen-z-is-ditching-smartphones-for-dumb-phones<\/a><br>(Fast Company) = <a href=\"https:\/\/www.fastcompany.com\/90856587\/why-are-so-many-gen-zers-drawn-to-old-school-digital-cameras\/?utm_source=philippeboulanger.com\">https:\/\/www.fastcompany.com\/90856587\/why-are-so-many-gen-zers-drawn-to-old-school-digital-cameras\/<\/a><\/p>\n","protected":false},"excerpt":{"rendered":"<p>Le jour o\u00f9 un simple crayon valait mieux qu\u2019un tutoriel Il y a des objets qui r\u00e9sument une \u00e9poque enti\u00e8re sans avoir l\u2019air de demander la parole. Une cassette audio.Un crayon \u00e0 papier.Et entre les deux, un geste que des millions de personnes ont appris sans mode d\u2019emploi, sans application, sans assistant vocal, sans vid\u00e9o [&hellip;]<\/p>\n","protected":false},"author":4,"featured_media":15844,"comment_status":"open","ping_status":"open","sticky":false,"template":"","format":"standard","meta":{"_acf_changed":false,"_jetpack_memberships_contains_paid_content":false,"footnotes":""},"categories":[50],"tags":[868,866,867,872,871,870,874,873,875,869,407],"class_list":["post-15843","post","type-post","status-publish","format-standard","has-post-thumbnail","hentry","category-intelligence-innovationnelle","tag-cassette-audio","tag-crayon","tag-culture-analogique","tag-debrouille","tag-innovation-du-quotidien","tag-intelligence-pratique","tag-low-tech","tag-memoire-collective","tag-musique-physique","tag-nostalgie-technologique","tag-samedi-de-labsurde"],"acf":[],"yoast_head":"<!-- This site is optimized with the Yoast SEO Premium plugin v27.5 (Yoast SEO v27.5) - https:\/\/yoast.com\/product\/yoast-seo-premium-wordpress\/ -->\n<title>Le crayon que l\u2019IA ne remplacera pas - Philippe Boulanger<\/title>\n<meta name=\"description\" content=\"Une cassette, un crayon, et tout un monde technologique oubli\u00e9. Ce post explore ce que ce geste absurde r\u00e9v\u00e8le sur l\u2019innovation, la r\u00e9silience et notre rapport aux objets \u00e0 l\u2019\u00e8re de l\u2019IA.\" \/>\n<meta name=\"robots\" content=\"index, follow, max-snippet:-1, max-image-preview:large, max-video-preview:-1\" \/>\n<link rel=\"canonical\" href=\"https:\/\/philippeboulanger.com\/fr\/le-crayon-que-lia-ne-remplacera-pas\/\" \/>\n<meta property=\"og:locale\" content=\"fr_FR\" \/>\n<meta property=\"og:type\" content=\"article\" \/>\n<meta property=\"og:title\" content=\"Le crayon que l\u2019IA ne remplacera pas\" \/>\n<meta property=\"og:description\" content=\"Une cassette, un crayon, et tout un monde technologique oubli\u00e9. Ce post explore ce que ce geste absurde r\u00e9v\u00e8le sur l\u2019innovation, la r\u00e9silience et notre rapport aux objets \u00e0 l\u2019\u00e8re de l\u2019IA.\" \/>\n<meta property=\"og:url\" content=\"https:\/\/philippeboulanger.com\/fr\/le-crayon-que-lia-ne-remplacera-pas\/\" \/>\n<meta property=\"og:site_name\" content=\"Philippe Boulanger\" \/>\n<meta property=\"article:publisher\" content=\"https:\/\/www.facebook.com\/philippe.boulanger.official\" \/>\n<meta property=\"article:published_time\" content=\"2026-04-11T05:00:00+00:00\" \/>\n<meta property=\"og:image\" content=\"https:\/\/philippeboulanger.com\/wp-content\/uploads\/2026\/04\/K7-et-crayon.webp\" \/>\n\t<meta property=\"og:image:width\" content=\"675\" \/>\n\t<meta property=\"og:image:height\" content=\"520\" \/>\n\t<meta property=\"og:image:type\" content=\"image\/jpeg\" \/>\n<meta name=\"author\" content=\"Philippe Boulanger\" \/>\n<meta name=\"twitter:card\" content=\"summary_large_image\" \/>\n<meta name=\"twitter:creator\" content=\"@Ph_Boulanger\" \/>\n<meta name=\"twitter:site\" content=\"@Ph_Boulanger\" \/>\n<meta name=\"twitter:label1\" content=\"\u00c9crit par\" \/>\n\t<meta name=\"twitter:data1\" content=\"Philippe Boulanger\" \/>\n\t<meta name=\"twitter:label2\" content=\"Dur\u00e9e de lecture estim\u00e9e\" \/>\n\t<meta name=\"twitter:data2\" content=\"7 minutes\" \/>\n<script type=\"application\/ld+json\" class=\"yoast-schema-graph\">{\"@context\":\"https:\\\/\\\/schema.org\",\"@graph\":[{\"@type\":\"Article\",\"@id\":\"https:\\\/\\\/philippeboulanger.com\\\/fr\\\/le-crayon-que-lia-ne-remplacera-pas\\\/#article\",\"isPartOf\":{\"@id\":\"https:\\\/\\\/philippeboulanger.com\\\/fr\\\/le-crayon-que-lia-ne-remplacera-pas\\\/\"},\"author\":{\"name\":\"Philippe Boulanger\",\"@id\":\"https:\\\/\\\/philippeboulanger.com\\\/fr\\\/#\\\/schema\\\/person\\\/6bb370f9c91a64097487f01391ea335f\"},\"headline\":\"Le crayon que l\u2019IA ne remplacera pas\",\"datePublished\":\"2026-04-11T05:00:00+00:00\",\"mainEntityOfPage\":{\"@id\":\"https:\\\/\\\/philippeboulanger.com\\\/fr\\\/le-crayon-que-lia-ne-remplacera-pas\\\/\"},\"wordCount\":1740,\"commentCount\":0,\"publisher\":{\"@id\":\"https:\\\/\\\/philippeboulanger.com\\\/fr\\\/#organization\"},\"image\":{\"@id\":\"https:\\\/\\\/philippeboulanger.com\\\/fr\\\/le-crayon-que-lia-ne-remplacera-pas\\\/#primaryimage\"},\"thumbnailUrl\":\"https:\\\/\\\/philippeboulanger.com\\\/wp-content\\\/uploads\\\/2026\\\/04\\\/K7-et-crayon.webp?wsr\",\"keywords\":[\"cassette audio\",\"crayon\",\"culture analogique\",\"d\u00e9brouille\",\"innovation du quotidien\",\"intelligence pratique\",\"low tech\",\"m\u00e9moire collective\",\"musique physique\",\"nostalgie technologique\",\"Samedi de l\u2019absurde\"],\"articleSection\":[\"intelligence innovationnelle\u00ae\"],\"inLanguage\":\"fr-FR\",\"potentialAction\":[{\"@type\":\"CommentAction\",\"name\":\"Comment\",\"target\":[\"https:\\\/\\\/philippeboulanger.com\\\/fr\\\/le-crayon-que-lia-ne-remplacera-pas\\\/#respond\"]}]},{\"@type\":\"WebPage\",\"@id\":\"https:\\\/\\\/philippeboulanger.com\\\/fr\\\/le-crayon-que-lia-ne-remplacera-pas\\\/\",\"url\":\"https:\\\/\\\/philippeboulanger.com\\\/fr\\\/le-crayon-que-lia-ne-remplacera-pas\\\/\",\"name\":\"Le crayon que l\u2019IA ne remplacera pas - Philippe Boulanger\",\"isPartOf\":{\"@id\":\"https:\\\/\\\/philippeboulanger.com\\\/fr\\\/#website\"},\"primaryImageOfPage\":{\"@id\":\"https:\\\/\\\/philippeboulanger.com\\\/fr\\\/le-crayon-que-lia-ne-remplacera-pas\\\/#primaryimage\"},\"image\":{\"@id\":\"https:\\\/\\\/philippeboulanger.com\\\/fr\\\/le-crayon-que-lia-ne-remplacera-pas\\\/#primaryimage\"},\"thumbnailUrl\":\"https:\\\/\\\/philippeboulanger.com\\\/wp-content\\\/uploads\\\/2026\\\/04\\\/K7-et-crayon.webp?wsr\",\"datePublished\":\"2026-04-11T05:00:00+00:00\",\"description\":\"Une cassette, un crayon, et tout un monde technologique oubli\u00e9. Ce post explore ce que ce geste absurde r\u00e9v\u00e8le sur l\u2019innovation, la r\u00e9silience et notre rapport aux objets \u00e0 l\u2019\u00e8re de l\u2019IA.\",\"breadcrumb\":{\"@id\":\"https:\\\/\\\/philippeboulanger.com\\\/fr\\\/le-crayon-que-lia-ne-remplacera-pas\\\/#breadcrumb\"},\"inLanguage\":\"fr-FR\",\"potentialAction\":[{\"@type\":\"ReadAction\",\"target\":[\"https:\\\/\\\/philippeboulanger.com\\\/fr\\\/le-crayon-que-lia-ne-remplacera-pas\\\/\"]}]},{\"@type\":\"ImageObject\",\"inLanguage\":\"fr-FR\",\"@id\":\"https:\\\/\\\/philippeboulanger.com\\\/fr\\\/le-crayon-que-lia-ne-remplacera-pas\\\/#primaryimage\",\"url\":\"https:\\\/\\\/philippeboulanger.com\\\/wp-content\\\/uploads\\\/2026\\\/04\\\/K7-et-crayon.webp?wsr\",\"contentUrl\":\"https:\\\/\\\/philippeboulanger.com\\\/wp-content\\\/uploads\\\/2026\\\/04\\\/K7-et-crayon.webp?wsr\",\"width\":675,\"height\":520},{\"@type\":\"BreadcrumbList\",\"@id\":\"https:\\\/\\\/philippeboulanger.com\\\/fr\\\/le-crayon-que-lia-ne-remplacera-pas\\\/#breadcrumb\",\"itemListElement\":[{\"@type\":\"ListItem\",\"position\":1,\"name\":\"Home\",\"item\":\"https:\\\/\\\/philippeboulanger.com\\\/fr\\\/\"},{\"@type\":\"ListItem\",\"position\":2,\"name\":\"Le crayon que l\u2019IA ne remplacera pas\"}]},{\"@type\":\"WebSite\",\"@id\":\"https:\\\/\\\/philippeboulanger.com\\\/fr\\\/#website\",\"url\":\"https:\\\/\\\/philippeboulanger.com\\\/fr\\\/\",\"name\":\"Philippe Boulanger\",\"description\":\"Global Keynote Speaker &amp; Advisor\",\"publisher\":{\"@id\":\"https:\\\/\\\/philippeboulanger.com\\\/fr\\\/#organization\"},\"potentialAction\":[{\"@type\":\"SearchAction\",\"target\":{\"@type\":\"EntryPoint\",\"urlTemplate\":\"https:\\\/\\\/philippeboulanger.com\\\/fr\\\/?s={search_term_string}\"},\"query-input\":{\"@type\":\"PropertyValueSpecification\",\"valueRequired\":true,\"valueName\":\"search_term_string\"}}],\"inLanguage\":\"fr-FR\"},{\"@type\":\"Organization\",\"@id\":\"https:\\\/\\\/philippeboulanger.com\\\/fr\\\/#organization\",\"name\":\"Philippe Boulanger - The Innovation Evangelist - Global Keynote Speaker\",\"url\":\"https:\\\/\\\/philippeboulanger.com\\\/fr\\\/\",\"logo\":{\"@type\":\"ImageObject\",\"inLanguage\":\"fr-FR\",\"@id\":\"https:\\\/\\\/philippeboulanger.com\\\/fr\\\/#\\\/schema\\\/logo\\\/image\\\/\",\"url\":\"https:\\\/\\\/philippeboulanger.com\\\/wp-content\\\/uploads\\\/2026\\\/01\\\/cropped-philippe-boulanger-favicon-2026.webp\",\"contentUrl\":\"https:\\\/\\\/philippeboulanger.com\\\/wp-content\\\/uploads\\\/2026\\\/01\\\/cropped-philippe-boulanger-favicon-2026.webp\",\"width\":512,\"height\":512,\"caption\":\"Philippe Boulanger - The Innovation Evangelist - Global Keynote Speaker\"},\"image\":{\"@id\":\"https:\\\/\\\/philippeboulanger.com\\\/fr\\\/#\\\/schema\\\/logo\\\/image\\\/\"},\"sameAs\":[\"https:\\\/\\\/www.facebook.com\\\/philippe.boulanger.official\",\"https:\\\/\\\/x.com\\\/Ph_Boulanger\",\"https:\\\/\\\/www.youtube.com\\\/@PhilippeBoulanger\",\"https:\\\/\\\/www.lespeakers.com\\\/conferencier\\\/philippe-boulanger\",\"https:\\\/\\\/www.adn-conferenciers.com\\\/conferenciers-philippe-boulanger\",\"https:\\\/\\\/www.wechamp-entreprise.co\\\/conferencier\\\/philippe-boulanger\\\/\",\"https:\\\/\\\/hyfen.fr\\\/intervenant\\\/philippe-boulanger\\\/\",\"https:\\\/\\\/okaydoc.fr\\\/philippe-boulanger-conferencier-innovation\\\/\",\"https:\\\/\\\/www.lesconferenciers.com\\\/conferencier\\\/philippe-boulanger\\\/\",\"https:\\\/\\\/simoneetnelson.com\\\/annuaire\\\/conferenciers\\\/philippe-boulanger\\\/\",\"https:\\\/\\\/myspeaker.fr\\\/conferenciers\\\/philippe-boulanger\\\/\",\"https:\\\/\\\/www.premium-communication.fr\\\/conferenciers\\\/ia-et-innovation\\\/boulanger\",\"https:\\\/\\\/www.vivavox.fr\\\/conferencier\\\/233\\\/\",\"https:\\\/\\\/www.a-speakers.fr\\\/conferencier\\\/philippe-boulanger\\\/\",\"https:\\\/\\\/www.espeakers.com\\\/marketplace\\\/profile\\\/41889\\\/philippe-boulanger\",\"https:\\\/\\\/www.dunod.com\\\/livres-philippe-boulanger-2\",\"https:\\\/\\\/www.amazon.fr\\\/stores\\\/Dr-Philippe-Boulanger\\\/author\\\/B0DD4CMFDX\",\"https:\\\/\\\/www.lecampus.online\\\/conferenciers\\\/philippe-boulanger\",\"https:\\\/\\\/www.startnplay.com\\\/personnalite\\\/conferencier\\\/phlippe-boulanger\\\/\"]},{\"@type\":\"Person\",\"@id\":\"https:\\\/\\\/philippeboulanger.com\\\/fr\\\/#\\\/schema\\\/person\\\/6bb370f9c91a64097487f01391ea335f\",\"name\":\"Philippe Boulanger\",\"image\":{\"@type\":\"ImageObject\",\"inLanguage\":\"fr-FR\",\"@id\":\"https:\\\/\\\/secure.gravatar.com\\\/avatar\\\/7e269ce6778aacfb26aa4350739359d938962ebf752aa458b862bfd78ff946c1?s=96&d=mm&r=g\",\"url\":\"https:\\\/\\\/secure.gravatar.com\\\/avatar\\\/7e269ce6778aacfb26aa4350739359d938962ebf752aa458b862bfd78ff946c1?s=96&d=mm&r=g\",\"contentUrl\":\"https:\\\/\\\/secure.gravatar.com\\\/avatar\\\/7e269ce6778aacfb26aa4350739359d938962ebf752aa458b862bfd78ff946c1?s=96&d=mm&r=g\",\"caption\":\"Philippe Boulanger\"},\"url\":\"https:\\\/\\\/philippeboulanger.com\\\/fr\\\/author\\\/boulanger-philgmail-com\\\/\"}]}<\/script>\n<!-- \/ Yoast SEO Premium plugin. -->","yoast_head_json":{"title":"Le crayon que l\u2019IA ne remplacera pas - Philippe Boulanger","description":"Une cassette, un crayon, et tout un monde technologique oubli\u00e9. Ce post explore ce que ce geste absurde r\u00e9v\u00e8le sur l\u2019innovation, la r\u00e9silience et notre rapport aux objets \u00e0 l\u2019\u00e8re de l\u2019IA.","robots":{"index":"index","follow":"follow","max-snippet":"max-snippet:-1","max-image-preview":"max-image-preview:large","max-video-preview":"max-video-preview:-1"},"canonical":"https:\/\/philippeboulanger.com\/fr\/le-crayon-que-lia-ne-remplacera-pas\/","og_locale":"fr_FR","og_type":"article","og_title":"Le crayon que l\u2019IA ne remplacera pas","og_description":"Une cassette, un crayon, et tout un monde technologique oubli\u00e9. Ce post explore ce que ce geste absurde r\u00e9v\u00e8le sur l\u2019innovation, la r\u00e9silience et notre rapport aux objets \u00e0 l\u2019\u00e8re de l\u2019IA.","og_url":"https:\/\/philippeboulanger.com\/fr\/le-crayon-que-lia-ne-remplacera-pas\/","og_site_name":"Philippe Boulanger","article_publisher":"https:\/\/www.facebook.com\/philippe.boulanger.official","article_published_time":"2026-04-11T05:00:00+00:00","og_image":[{"width":675,"height":520,"url":"https:\/\/philippeboulanger.com\/wp-content\/uploads\/2026\/04\/K7-et-crayon.webp","type":"image\/jpeg"}],"author":"Philippe Boulanger","twitter_card":"summary_large_image","twitter_creator":"@Ph_Boulanger","twitter_site":"@Ph_Boulanger","twitter_misc":{"\u00c9crit par":"Philippe Boulanger","Dur\u00e9e de lecture estim\u00e9e":"7 minutes"},"schema":{"@context":"https:\/\/schema.org","@graph":[{"@type":"Article","@id":"https:\/\/philippeboulanger.com\/fr\/le-crayon-que-lia-ne-remplacera-pas\/#article","isPartOf":{"@id":"https:\/\/philippeboulanger.com\/fr\/le-crayon-que-lia-ne-remplacera-pas\/"},"author":{"name":"Philippe Boulanger","@id":"https:\/\/philippeboulanger.com\/fr\/#\/schema\/person\/6bb370f9c91a64097487f01391ea335f"},"headline":"Le crayon que l\u2019IA ne remplacera pas","datePublished":"2026-04-11T05:00:00+00:00","mainEntityOfPage":{"@id":"https:\/\/philippeboulanger.com\/fr\/le-crayon-que-lia-ne-remplacera-pas\/"},"wordCount":1740,"commentCount":0,"publisher":{"@id":"https:\/\/philippeboulanger.com\/fr\/#organization"},"image":{"@id":"https:\/\/philippeboulanger.com\/fr\/le-crayon-que-lia-ne-remplacera-pas\/#primaryimage"},"thumbnailUrl":"https:\/\/philippeboulanger.com\/wp-content\/uploads\/2026\/04\/K7-et-crayon.webp?wsr","keywords":["cassette audio","crayon","culture analogique","d\u00e9brouille","innovation du quotidien","intelligence pratique","low tech","m\u00e9moire collective","musique physique","nostalgie technologique","Samedi de l\u2019absurde"],"articleSection":["intelligence innovationnelle\u00ae"],"inLanguage":"fr-FR","potentialAction":[{"@type":"CommentAction","name":"Comment","target":["https:\/\/philippeboulanger.com\/fr\/le-crayon-que-lia-ne-remplacera-pas\/#respond"]}]},{"@type":"WebPage","@id":"https:\/\/philippeboulanger.com\/fr\/le-crayon-que-lia-ne-remplacera-pas\/","url":"https:\/\/philippeboulanger.com\/fr\/le-crayon-que-lia-ne-remplacera-pas\/","name":"Le crayon que l\u2019IA ne remplacera pas - Philippe Boulanger","isPartOf":{"@id":"https:\/\/philippeboulanger.com\/fr\/#website"},"primaryImageOfPage":{"@id":"https:\/\/philippeboulanger.com\/fr\/le-crayon-que-lia-ne-remplacera-pas\/#primaryimage"},"image":{"@id":"https:\/\/philippeboulanger.com\/fr\/le-crayon-que-lia-ne-remplacera-pas\/#primaryimage"},"thumbnailUrl":"https:\/\/philippeboulanger.com\/wp-content\/uploads\/2026\/04\/K7-et-crayon.webp?wsr","datePublished":"2026-04-11T05:00:00+00:00","description":"Une cassette, un crayon, et tout un monde technologique oubli\u00e9. Ce post explore ce que ce geste absurde r\u00e9v\u00e8le sur l\u2019innovation, la r\u00e9silience et notre rapport aux objets \u00e0 l\u2019\u00e8re de l\u2019IA.","breadcrumb":{"@id":"https:\/\/philippeboulanger.com\/fr\/le-crayon-que-lia-ne-remplacera-pas\/#breadcrumb"},"inLanguage":"fr-FR","potentialAction":[{"@type":"ReadAction","target":["https:\/\/philippeboulanger.com\/fr\/le-crayon-que-lia-ne-remplacera-pas\/"]}]},{"@type":"ImageObject","inLanguage":"fr-FR","@id":"https:\/\/philippeboulanger.com\/fr\/le-crayon-que-lia-ne-remplacera-pas\/#primaryimage","url":"https:\/\/philippeboulanger.com\/wp-content\/uploads\/2026\/04\/K7-et-crayon.webp?wsr","contentUrl":"https:\/\/philippeboulanger.com\/wp-content\/uploads\/2026\/04\/K7-et-crayon.webp?wsr","width":675,"height":520},{"@type":"BreadcrumbList","@id":"https:\/\/philippeboulanger.com\/fr\/le-crayon-que-lia-ne-remplacera-pas\/#breadcrumb","itemListElement":[{"@type":"ListItem","position":1,"name":"Home","item":"https:\/\/philippeboulanger.com\/fr\/"},{"@type":"ListItem","position":2,"name":"Le crayon que l\u2019IA ne remplacera pas"}]},{"@type":"WebSite","@id":"https:\/\/philippeboulanger.com\/fr\/#website","url":"https:\/\/philippeboulanger.com\/fr\/","name":"Philippe Boulanger","description":"Global Keynote Speaker &amp; Advisor","publisher":{"@id":"https:\/\/philippeboulanger.com\/fr\/#organization"},"potentialAction":[{"@type":"SearchAction","target":{"@type":"EntryPoint","urlTemplate":"https:\/\/philippeboulanger.com\/fr\/?s={search_term_string}"},"query-input":{"@type":"PropertyValueSpecification","valueRequired":true,"valueName":"search_term_string"}}],"inLanguage":"fr-FR"},{"@type":"Organization","@id":"https:\/\/philippeboulanger.com\/fr\/#organization","name":"Philippe Boulanger - The Innovation Evangelist - Global Keynote Speaker","url":"https:\/\/philippeboulanger.com\/fr\/","logo":{"@type":"ImageObject","inLanguage":"fr-FR","@id":"https:\/\/philippeboulanger.com\/fr\/#\/schema\/logo\/image\/","url":"https:\/\/philippeboulanger.com\/wp-content\/uploads\/2026\/01\/cropped-philippe-boulanger-favicon-2026.webp","contentUrl":"https:\/\/philippeboulanger.com\/wp-content\/uploads\/2026\/01\/cropped-philippe-boulanger-favicon-2026.webp","width":512,"height":512,"caption":"Philippe Boulanger - The Innovation Evangelist - Global Keynote Speaker"},"image":{"@id":"https:\/\/philippeboulanger.com\/fr\/#\/schema\/logo\/image\/"},"sameAs":["https:\/\/www.facebook.com\/philippe.boulanger.official","https:\/\/x.com\/Ph_Boulanger","https:\/\/www.youtube.com\/@PhilippeBoulanger","https:\/\/www.lespeakers.com\/conferencier\/philippe-boulanger","https:\/\/www.adn-conferenciers.com\/conferenciers-philippe-boulanger","https:\/\/www.wechamp-entreprise.co\/conferencier\/philippe-boulanger\/","https:\/\/hyfen.fr\/intervenant\/philippe-boulanger\/","https:\/\/okaydoc.fr\/philippe-boulanger-conferencier-innovation\/","https:\/\/www.lesconferenciers.com\/conferencier\/philippe-boulanger\/","https:\/\/simoneetnelson.com\/annuaire\/conferenciers\/philippe-boulanger\/","https:\/\/myspeaker.fr\/conferenciers\/philippe-boulanger\/","https:\/\/www.premium-communication.fr\/conferenciers\/ia-et-innovation\/boulanger","https:\/\/www.vivavox.fr\/conferencier\/233\/","https:\/\/www.a-speakers.fr\/conferencier\/philippe-boulanger\/","https:\/\/www.espeakers.com\/marketplace\/profile\/41889\/philippe-boulanger","https:\/\/www.dunod.com\/livres-philippe-boulanger-2","https:\/\/www.amazon.fr\/stores\/Dr-Philippe-Boulanger\/author\/B0DD4CMFDX","https:\/\/www.lecampus.online\/conferenciers\/philippe-boulanger","https:\/\/www.startnplay.com\/personnalite\/conferencier\/phlippe-boulanger\/"]},{"@type":"Person","@id":"https:\/\/philippeboulanger.com\/fr\/#\/schema\/person\/6bb370f9c91a64097487f01391ea335f","name":"Philippe Boulanger","image":{"@type":"ImageObject","inLanguage":"fr-FR","@id":"https:\/\/secure.gravatar.com\/avatar\/7e269ce6778aacfb26aa4350739359d938962ebf752aa458b862bfd78ff946c1?s=96&d=mm&r=g","url":"https:\/\/secure.gravatar.com\/avatar\/7e269ce6778aacfb26aa4350739359d938962ebf752aa458b862bfd78ff946c1?s=96&d=mm&r=g","contentUrl":"https:\/\/secure.gravatar.com\/avatar\/7e269ce6778aacfb26aa4350739359d938962ebf752aa458b862bfd78ff946c1?s=96&d=mm&r=g","caption":"Philippe Boulanger"},"url":"https:\/\/philippeboulanger.com\/fr\/author\/boulanger-philgmail-com\/"}]}},"jetpack_featured_media_url":"https:\/\/philippeboulanger.com\/wp-content\/uploads\/2026\/04\/K7-et-crayon.webp?wsr","jetpack_sharing_enabled":true,"_links":{"self":[{"href":"https:\/\/philippeboulanger.com\/fr\/wp-json\/wp\/v2\/posts\/15843","targetHints":{"allow":["GET"]}}],"collection":[{"href":"https:\/\/philippeboulanger.com\/fr\/wp-json\/wp\/v2\/posts"}],"about":[{"href":"https:\/\/philippeboulanger.com\/fr\/wp-json\/wp\/v2\/types\/post"}],"author":[{"embeddable":true,"href":"https:\/\/philippeboulanger.com\/fr\/wp-json\/wp\/v2\/users\/4"}],"replies":[{"embeddable":true,"href":"https:\/\/philippeboulanger.com\/fr\/wp-json\/wp\/v2\/comments?post=15843"}],"version-history":[{"count":1,"href":"https:\/\/philippeboulanger.com\/fr\/wp-json\/wp\/v2\/posts\/15843\/revisions"}],"predecessor-version":[{"id":15845,"href":"https:\/\/philippeboulanger.com\/fr\/wp-json\/wp\/v2\/posts\/15843\/revisions\/15845"}],"wp:featuredmedia":[{"embeddable":true,"href":"https:\/\/philippeboulanger.com\/fr\/wp-json\/wp\/v2\/media\/15844"}],"wp:attachment":[{"href":"https:\/\/philippeboulanger.com\/fr\/wp-json\/wp\/v2\/media?parent=15843"}],"wp:term":[{"taxonomy":"category","embeddable":true,"href":"https:\/\/philippeboulanger.com\/fr\/wp-json\/wp\/v2\/categories?post=15843"},{"taxonomy":"post_tag","embeddable":true,"href":"https:\/\/philippeboulanger.com\/fr\/wp-json\/wp\/v2\/tags?post=15843"}],"curies":[{"name":"wp","href":"https:\/\/api.w.org\/{rel}","templated":true}]}}