{"id":15881,"date":"2026-04-17T06:00:00","date_gmt":"2026-04-17T05:00:00","guid":{"rendered":"https:\/\/philippeboulanger.com\/?p=15881"},"modified":"2026-04-16T20:53:34","modified_gmt":"2026-04-16T19:53:34","slug":"cerveau-fatigue-ou-cerveau-en-feu","status":"publish","type":"post","link":"https:\/\/philippeboulanger.com\/fr\/cerveau-fatigue-ou-cerveau-en-feu\/","title":{"rendered":"Cerveau fatigu\u00e9 ou cerveau en feu ?"},"content":{"rendered":"\n<p>Votre cerveau n\u2019est peut-\u00eatre pas \u201cvieux\u201d. Il est peut-\u00eatre surtout inflamm\u00e9.<\/p>\n\n\n\n<p>Pendant des ann\u00e9es, nous avons regard\u00e9 le vieillissement c\u00e9r\u00e9bral avec une r\u00e9signation presque polie. Une m\u00e9moire moins vive. Une concentration plus fragile. Une \u00e9nergie mentale qui s\u2019effiloche. Et ce verdict paresseux, r\u00e9p\u00e9t\u00e9 comme un r\u00e9flexe culturel : \u201cc\u2019est l\u2019\u00e2ge\u201d.<\/p>\n\n\n\n<p>La recherche publi\u00e9e en avril 2026 vient bousculer ce confort intellectuel. Une \u00e9quipe de Texas A&amp;M rapporte, dans des mod\u00e8les pr\u00e9cliniques, qu\u2019un spray nasal fond\u00e9 sur des v\u00e9sicules extracellulaires d\u00e9riv\u00e9es de cellules souches neurales humaines a r\u00e9duit l\u2019inflammation c\u00e9r\u00e9brale, am\u00e9lior\u00e9 la fonction mitochondriale et restaur\u00e9 des performances de m\u00e9moire. Le point important se trouve dans ces quatre mots : <strong>dans des mod\u00e8les pr\u00e9cliniques<\/strong>. Rien, \u00e0 ce stade, n\u2019autorise \u00e0 promettre un effet \u00e9quivalent chez l\u2019humain. En revanche, il devient beaucoup plus difficile de soutenir que le d\u00e9clin cognitif li\u00e9 \u00e0 l\u2019\u00e2ge serait un ph\u00e9nom\u00e8ne passif, lin\u00e9aire et intouchable (<a href=\"https:\/\/phys.org\/news\/2026-04-nasal-spray-rewinds-aging-brain.html\">Phys.org<\/a>, <a href=\"https:\/\/stories.tamu.edu\/news\/2026\/04\/14\/scientists-reverse-brain-aging-with-a-nasal-spray\/\">Texas A&amp;M University<\/a>, <a>Journal of Extracellular Vesicles<\/a>).<\/p>\n\n\n\n<h2 class=\"wp-block-heading\" id=\"h-le-vieux-recit-du-declin-automatique-est-en-train-de-fissurer\">Le vieux r\u00e9cit du d\u00e9clin automatique est en train de fissurer<\/h2>\n\n\n\n<p>Le signal le plus int\u00e9ressant n\u2019est pas seulement th\u00e9rapeutique. Il est conceptuel. Si l\u2019inflammation chronique participe activement au brouillard mental, \u00e0 la baisse de plasticit\u00e9 et \u00e0 la fragilit\u00e9 mn\u00e9sique, alors le cerveau vieillissant ne ressemble plus \u00e0 une machine us\u00e9e qu\u2019il faudrait simplement accepter. Il ressemble davantage \u00e0 un syst\u00e8me d\u00e9r\u00e9gul\u00e9, satur\u00e9 de mauvais signaux, dont certains param\u00e8tres pourraient \u00eatre modul\u00e9s. Le National Institute on Aging rappelle d\u2019ailleurs que l\u2019inflammation augmente avec l\u2019\u00e2ge et peut affecter les fonctions mentales. Cette phrase para\u00eet sobre. Elle est en r\u00e9alit\u00e9 explosive, parce qu\u2019elle change la mani\u00e8re de penser le probl\u00e8me (<a href=\"https:\/\/www.nia.nih.gov\/health\/brain-health\/how-aging-brain-affects-thinking\">NIA<\/a>).<\/p>\n\n\n\n<p>Dans l\u2019\u00e9tude relay\u00e9e par Texas A&amp;M, le traitement intranasal a \u00e9t\u00e9 pens\u00e9 pour contourner plus directement la barri\u00e8re h\u00e9mato-enc\u00e9phalique et cibler l\u2019hippocampe, zone centrale pour la m\u00e9moire. Les chercheurs rapportent aussi une am\u00e9lioration durable apr\u00e8s seulement deux doses dans les mod\u00e8les test\u00e9s. L\u00e0 encore, prudence absolue : un r\u00e9sultat spectaculaire en pr\u00e9clinique n\u2019est pas une validation clinique. L\u2019histoire de la biom\u00e9decine est pleine de pistes brillantes qui n\u2019ont jamais franchi proprement l\u2019\u00e9tape humaine. La valeur de cette publication n\u2019est pas de vendre un miracle. Elle est de forcer une r\u00e9\u00e9valuation du cadre mental (<a href=\"https:\/\/stories.tamu.edu\/news\/2026\/04\/14\/scientists-reverse-brain-aging-with-a-nasal-spray\/?utm_source=philippeboulanger.com\">Texas A&amp;M University<\/a>, <a href=\"https:\/\/www.eurekalert.org\/news-releases\/1123986\">EurekAlert!<\/a>, <a>Journal of Extracellular Vesicles<\/a>).<\/p>\n\n\n\n<h2 class=\"wp-block-heading\" id=\"h-le-cerveau-n-a-pas-besoin-d-un-mythe-il-a-besoin-d-une-strategie\">Le cerveau n\u2019a pas besoin d\u2019un mythe, il a besoin d\u2019une strat\u00e9gie<\/h2>\n\n\n\n<p>Le sujet profond d\u00e9passe la neurologie. Il touche notre rapport \u00e0 tout syst\u00e8me fatigu\u00e9. Une organisation qui ralentit. Un leader qui se fige. Une \u00e9quipe qui pense avoir \u201ctout essay\u00e9\u201d. Un individu qui confond baisse momentan\u00e9e de performance et condamnation d\u00e9finitive.<\/p>\n\n\n\n<p>C\u2019est ici que l\u2019innovation devient une discipline mentale. Le r\u00e9flexe dominant consiste \u00e0 sacraliser l\u2019\u00e9tat actuel. Le syst\u00e8me patine, donc il serait \u201cnormal\u201d qu\u2019il patine. Or beaucoup de ruptures commencent par une d\u00e9cision beaucoup plus simple : refuser de confondre l\u2019habitude avec le destin.<\/p>\n\n\n\n<p>Dans mon livre, chapitre 17, j\u2019explique que le biohacking s\u2019inspire de l\u2019intelligence innovationnelle avec une vision, des m\u00e9thodes, des exp\u00e9rimentations et des apprentissages. J\u2019y rappelle aussi que les param\u00e8tres sur lesquels nous pouvons agir sont notamment l\u2019exercice physique, l\u2019alimentation et le sommeil, et que mesurer ce qui nous convient fait partie du processus . Cette logique s\u2019accorde parfaitement avec ce que sugg\u00e8re la recherche r\u00e9cente : la long\u00e9vit\u00e9 cognitive devient un champ d\u2019essais s\u00e9rieux, pas un d\u00e9cor marketing.<\/p>\n\n\n\n<h2 class=\"wp-block-heading\" id=\"h-vieillir-mieux-commence-par-mesurer-mieux\">Vieillir mieux commence par mesurer mieux<\/h2>\n\n\n\n<p>Le grand malentendu de notre \u00e9poque est l\u00e0 : beaucoup veulent optimiser avant m\u00eame d\u2019apprendre \u00e0 observer. Ils veulent la promesse sans la m\u00e9thode. Le discours sans les donn\u00e9es. Le suppl\u00e9ment, le gadget, le protocole exotique, sans jamais regarder le trio fondamental : sommeil, activit\u00e9 physique, inflammation m\u00e9tabolique, r\u00e9gularit\u00e9 des routines, charge mentale, r\u00e9cup\u00e9ration.<\/p>\n\n\n\n<p>L\u2019Organisation mondiale de la Sant\u00e9 rappelle que le nombre de personnes vivant avec une d\u00e9mence d\u00e9passe 55 millions et pourrait atteindre 139 millions d\u2019ici 2050. Plus l\u2019ampleur du ph\u00e9nom\u00e8ne grandit, plus il devient absurde de traiter la sant\u00e9 cognitive comme un sujet secondaire ou cosm\u00e9tique (<a href=\"https:\/\/www.who.int\/news\/item\/02-09-2021-world-failing-to-address-dementia-challenge?utm_source=philippeboulanger.com\">WHO<\/a>).<\/p>\n\n\n\n<p>L\u2019OMS a aussi publi\u00e9 des recommandations sur la r\u00e9duction du risque de d\u00e9clin cognitif et de d\u00e9mence. Elles ne reposent pas sur la magie. Elles reposent sur des leviers concrets de sant\u00e9, de comportement et d\u2019hygi\u00e8ne de vie. Autrement dit : avant m\u00eame l\u2019arriv\u00e9e \u00e9ventuelle de nouvelles th\u00e9rapies, il existe d\u00e9j\u00e0 un terrain d\u2019action s\u00e9rieux pour ceux qui veulent pr\u00e9server leur capital cognitif (<a href=\"https:\/\/www.who.int\/publications-detail-redirect\/risk-reduction-of-cognitive-decline-and-dementia?utm_source=philippeboulanger.com\">WHO<\/a>, <a href=\"https:\/\/www.nia.nih.gov\/health\/brain-health\/cognitive-health-and-older-adults?utm_source=philippeboulanger.com\">NIA<\/a>).<\/p>\n\n\n\n<h2 class=\"wp-block-heading\" id=\"h-l-innovation-utile-commence-souvent-par-une-correction-de-diagnostic\">L\u2019innovation utile commence souvent par une correction de diagnostic<\/h2>\n\n\n\n<p>Pendant longtemps, nous avons pos\u00e9 de mauvaises questions. Comment accepter le d\u00e9clin ? Comment compenser ? Comment ralentir un peu la casse ?<\/p>\n\n\n\n<p>La question la plus utile devient plut\u00f4t : <strong>qu\u2019avons-nous mal diagnostiqu\u00e9 ?<\/strong><\/p>\n\n\n\n<p>Quand un cerveau donne l\u2019impression de vieillir, il peut y avoir de l\u2019usure, bien s\u00fbr. Il peut aussi y avoir de l\u2019inflammation, une d\u00e9rive \u00e9nerg\u00e9tique cellulaire, une mauvaise qualit\u00e9 de sommeil, une d\u00e9sorganisation m\u00e9tabolique, une sous-stimulation, une surcharge chronique ou une combinaison de ces facteurs. Le m\u00e9rite de cette \u00e9tude n\u2019est donc pas seulement de montrer un effet biologique prometteur. Il est de rappeler qu\u2019un sympt\u00f4me massif peut parfois cacher un diagnostic paresseux.<\/p>\n\n\n\n<p>Les entreprises commettent la m\u00eame erreur. Elles \u00e9tiquettent \u201cr\u00e9sistance au changement\u201d ce qui rel\u00e8ve parfois d\u2019un mauvais design organisationnel. Elles appellent \u201cmanque de talent\u201d ce qui rel\u00e8ve d\u2019un d\u00e9ficit de s\u00e9curit\u00e9 psychologique. Elles parlent de \u201cfatigue\u201d l\u00e0 o\u00f9 il faudrait parler d\u2019inflammation structurelle. Voil\u00e0 pourquoi cette publication d\u00e9passe largement le champ m\u00e9dical. Elle agit comme une m\u00e9taphore de management de tr\u00e8s haut niveau.<\/p>\n\n\n\n<h2 class=\"wp-block-heading\" id=\"h-la-longevite-cognitive-devient-un-territoire-strategique\">La long\u00e9vit\u00e9 cognitive devient un territoire strat\u00e9gique<\/h2>\n\n\n\n<p>Les acteurs lucides vont comprendre quelque chose d\u2019essentiel : demain, la performance ne d\u00e9pendra pas seulement de la comp\u00e9tence brute. Elle d\u00e9pendra de la capacit\u00e9 \u00e0 pr\u00e9server un cerveau clair, adaptable, \u00e9nergique, capable d\u2019apprendre vite et de r\u00e9cup\u00e9rer proprement.<\/p>\n\n\n\n<p>Le futur n\u2019appartiendra pas uniquement \u00e0 ceux qui travaillent plus. Il appartiendra davantage \u00e0 ceux qui prot\u00e8gent mieux leur syst\u00e8me nerveux, r\u00e9duisent le bruit inflammatoire, renforcent leur plasticit\u00e9 et pilotent leur hygi\u00e8ne cognitive avec rigueur.<\/p>\n\n\n\n<p>Il y a ici une bascule comparable \u00e0 celle que nous avons connue avec le sommeil. Pendant des ann\u00e9es, bien dormir passait pour une pr\u00e9occupation molle. Aujourd\u2019hui, le sommeil est devenu un sujet de performance, de sant\u00e9 et de leadership. La cognition suivra probablement la m\u00eame trajectoire, avec une exigence plus forte encore, parce qu\u2019elle touche \u00e0 la m\u00e9moire, \u00e0 la d\u00e9cision, \u00e0 la cr\u00e9ativit\u00e9 et \u00e0 l\u2019ex\u00e9cution. Cette inf\u00e9rence s\u2019appuie sur les tendances de sant\u00e9 cognitive, de vieillissement d\u00e9mographique et de recherche sur le cerveau, pas sur une certitude annonc\u00e9e.<\/p>\n\n\n\n<h2 class=\"wp-block-heading\" id=\"h-penser-mesurer-ajuster\">Penser, mesurer, ajuster<\/h2>\n\n\n\n<p>Ce que cette avanc\u00e9e raconte, au fond, est tr\u00e8s simple.<\/p>\n\n\n\n<p>Un syst\u00e8me fatigu\u00e9 n\u2019est pas toujours un syst\u00e8me fini.<\/p>\n\n\n\n<p>Un cerveau ralenti n\u2019est pas automatiquement un cerveau condamn\u00e9.<\/p>\n\n\n\n<p>Une baisse de performance n\u2019est pas une identit\u00e9.<\/p>\n\n\n\n<p>Une habitude n\u2019est pas une loi de la nature.<\/p>\n\n\n\n<p>Dans les mod\u00e8les \u00e9tudi\u00e9s, un spray nasal a r\u00e9duit une partie du d\u00e9sordre inflammatoire et restaur\u00e9 des fonctions associ\u00e9es \u00e0 la m\u00e9moire. Chez l\u2019humain, le travail reste immense avant toute conclusion th\u00e9rapeutique. Pourtant, le message strat\u00e9gique est d\u00e9j\u00e0 l\u00e0 : le d\u00e9clin ne doit plus \u00eatre regard\u00e9 comme une fatalit\u00e9 d\u00e9corative. Il doit \u00eatre trait\u00e9 comme un probl\u00e8me \u00e0 explorer avec m\u00e9thode (<a href=\"https:\/\/phys.org\/news\/2026-04-nasal-spray-rewinds-aging-brain.html?utm_source=philippeboulanger.com\">Phys.org<\/a>, <a href=\"https:\/\/stories.tamu.edu\/news\/2026\/04\/14\/scientists-reverse-brain-aging-with-a-nasal-spray\/?utm_source=philippeboulanger.com\">Texas A&amp;M University<\/a>, <a>Journal of Extracellular Vesicles<\/a>).<\/p>\n\n\n\n<p>Et c\u2019est pr\u00e9cis\u00e9ment l\u00e0 que tout devient int\u00e9ressant.<\/p>\n\n\n\n<p>Le cerveau n\u2019a pas besoin qu\u2019on le romantise.<\/p>\n\n\n\n<p>Il a besoin qu\u2019on le comprenne, qu\u2019on le mesure, qu\u2019on le prot\u00e8ge et qu\u2019on ose enfin le traiter comme un terrain d\u2019innovation.<\/p>\n\n\n\n<h3 class=\"wp-block-heading\" id=\"h-references\">R\u00e9f\u00e9rences<\/h3>\n\n\n\n<ul class=\"wp-block-list\">\n<li>(Phys.org) = <a href=\"https:\/\/phys.org\/news\/2026-04-nasal-spray-rewinds-aging-brain.html?utm_source=philippeboulanger.com\">https:\/\/phys.org\/news\/2026-04-nasal-spray-rewinds-aging-brain.html<\/a><\/li>\n\n\n\n<li>(Texas A&amp;M University) = <a href=\"https:\/\/stories.tamu.edu\/news\/2026\/04\/14\/scientists-reverse-brain-aging-with-a-nasal-spray\/?utm_source=philippeboulanger.com\">https:\/\/stories.tamu.edu\/news\/2026\/04\/14\/scientists-reverse-brain-aging-with-a-nasal-spray\/<\/a><\/li>\n\n\n\n<li>(Journal of Extracellular Vesicles) = <a>https:\/\/doi.org\/10.1002\/jev2.70232<\/a><\/li>\n\n\n\n<li>(National Institute on Aging) = <a href=\"https:\/\/www.nia.nih.gov\/health\/brain-health\/how-aging-brain-affects-thinking?utm_source=philippeboulanger.com\">https:\/\/www.nia.nih.gov\/health\/brain-health\/how-aging-brain-affects-thinking<\/a><\/li>\n\n\n\n<li>(World Health Organization) = <a href=\"https:\/\/www.who.int\/news\/item\/02-09-2021-world-failing-to-address-dementia-challenge?utm_source=philippeboulanger.com\">https:\/\/www.who.int\/news\/item\/02-09-2021-world-failing-to-address-dementia-challenge<\/a><\/li>\n\n\n\n<li>(World Health Organization) = <a href=\"https:\/\/www.who.int\/publications-detail-redirect\/risk-reduction-of-cognitive-decline-and-dementia?utm_source=philippeboulanger.com\">https:\/\/www.who.int\/publications-detail-redirect\/risk-reduction-of-cognitive-decline-and-dementia<\/a><\/li>\n<\/ul>\n","protected":false},"excerpt":{"rendered":"<p>Votre cerveau n\u2019est peut-\u00eatre pas \u201cvieux\u201d. Il est peut-\u00eatre surtout inflamm\u00e9. Pendant des ann\u00e9es, nous avons regard\u00e9 le vieillissement c\u00e9r\u00e9bral avec une r\u00e9signation presque polie. Une m\u00e9moire moins vive. Une concentration plus fragile. Une \u00e9nergie mentale qui s\u2019effiloche. Et ce verdict paresseux, r\u00e9p\u00e9t\u00e9 comme un r\u00e9flexe culturel : \u201cc\u2019est l\u2019\u00e2ge\u201d. La recherche publi\u00e9e en avril [&hellip;]<\/p>\n","protected":false},"author":4,"featured_media":15882,"comment_status":"open","ping_status":"open","sticky":false,"template":"","format":"standard","meta":{"_acf_changed":false,"_jetpack_memberships_contains_paid_content":false,"footnotes":""},"categories":[50],"tags":[514,956,69,960,958,962,961,963,905,959,906,957],"class_list":["post-15881","post","type-post","status-publish","format-standard","has-post-thumbnail","hentry","category-intelligence-innovationnelle","tag-biohacking","tag-cerveau","tag-innovation","tag-longevite-cognitive","tag-memoire","tag-neuroinflammation","tag-performance-mentale","tag-plasticite-cerebrale","tag-prevention","tag-sante-cognitive","tag-sommeil","tag-vieillissement-cerebral"],"acf":[],"yoast_head":"<!-- This site is optimized with the Yoast SEO Premium plugin v27.5 (Yoast SEO v27.5) - https:\/\/yoast.com\/product\/yoast-seo-premium-wordpress\/ -->\n<title>Cerveau fatigu\u00e9 ou cerveau en feu ? - Philippe Boulanger<\/title>\n<meta name=\"description\" content=\"Une \u00e9tude pr\u00e9clinique sur un spray nasal relance le d\u00e9bat sur le vieillissement c\u00e9r\u00e9bral. Et si le cerveau n\u2019\u00e9tait pas seulement vieux, mais inflamm\u00e9 ? Innovation, biohacking et long\u00e9vit\u00e9 cognitive.\" \/>\n<meta name=\"robots\" content=\"index, follow, max-snippet:-1, max-image-preview:large, max-video-preview:-1\" \/>\n<link rel=\"canonical\" href=\"https:\/\/philippeboulanger.com\/fr\/cerveau-fatigue-ou-cerveau-en-feu\/\" \/>\n<meta property=\"og:locale\" content=\"fr_FR\" \/>\n<meta property=\"og:type\" content=\"article\" \/>\n<meta property=\"og:title\" content=\"Cerveau fatigu\u00e9 ou cerveau en feu ?\" \/>\n<meta property=\"og:description\" content=\"Une \u00e9tude pr\u00e9clinique sur un spray nasal relance le d\u00e9bat sur le vieillissement c\u00e9r\u00e9bral. Et si le cerveau n\u2019\u00e9tait pas seulement vieux, mais inflamm\u00e9 ? Innovation, biohacking et long\u00e9vit\u00e9 cognitive.\" \/>\n<meta property=\"og:url\" content=\"https:\/\/philippeboulanger.com\/fr\/cerveau-fatigue-ou-cerveau-en-feu\/\" \/>\n<meta property=\"og:site_name\" content=\"Philippe Boulanger\" \/>\n<meta property=\"article:publisher\" content=\"https:\/\/www.facebook.com\/philippe.boulanger.official\" \/>\n<meta property=\"article:published_time\" content=\"2026-04-17T05:00:00+00:00\" \/>\n<meta property=\"og:image\" content=\"https:\/\/philippeboulanger.com\/wp-content\/uploads\/2026\/04\/nasal-spray-and-brain-inflammation-Philippe-Boulanger-scaled.webp\" \/>\n\t<meta property=\"og:image:width\" content=\"2560\" \/>\n\t<meta property=\"og:image:height\" content=\"1429\" \/>\n\t<meta property=\"og:image:type\" content=\"image\/jpeg\" \/>\n<meta name=\"author\" content=\"Philippe Boulanger\" \/>\n<meta name=\"twitter:card\" content=\"summary_large_image\" \/>\n<meta name=\"twitter:creator\" content=\"@Ph_Boulanger\" \/>\n<meta name=\"twitter:site\" content=\"@Ph_Boulanger\" \/>\n<meta name=\"twitter:label1\" content=\"\u00c9crit par\" \/>\n\t<meta name=\"twitter:data1\" content=\"Philippe Boulanger\" \/>\n\t<meta name=\"twitter:label2\" content=\"Dur\u00e9e de lecture estim\u00e9e\" \/>\n\t<meta name=\"twitter:data2\" content=\"6 minutes\" \/>\n<script type=\"application\/ld+json\" class=\"yoast-schema-graph\">{\"@context\":\"https:\\\/\\\/schema.org\",\"@graph\":[{\"@type\":\"Article\",\"@id\":\"https:\\\/\\\/philippeboulanger.com\\\/fr\\\/cerveau-fatigue-ou-cerveau-en-feu\\\/#article\",\"isPartOf\":{\"@id\":\"https:\\\/\\\/philippeboulanger.com\\\/fr\\\/cerveau-fatigue-ou-cerveau-en-feu\\\/\"},\"author\":{\"name\":\"Philippe Boulanger\",\"@id\":\"https:\\\/\\\/philippeboulanger.com\\\/fr\\\/#\\\/schema\\\/person\\\/6bb370f9c91a64097487f01391ea335f\"},\"headline\":\"Cerveau fatigu\u00e9 ou cerveau en feu ?\",\"datePublished\":\"2026-04-17T05:00:00+00:00\",\"mainEntityOfPage\":{\"@id\":\"https:\\\/\\\/philippeboulanger.com\\\/fr\\\/cerveau-fatigue-ou-cerveau-en-feu\\\/\"},\"wordCount\":1495,\"commentCount\":0,\"publisher\":{\"@id\":\"https:\\\/\\\/philippeboulanger.com\\\/fr\\\/#organization\"},\"image\":{\"@id\":\"https:\\\/\\\/philippeboulanger.com\\\/fr\\\/cerveau-fatigue-ou-cerveau-en-feu\\\/#primaryimage\"},\"thumbnailUrl\":\"https:\\\/\\\/philippeboulanger.com\\\/wp-content\\\/uploads\\\/2026\\\/04\\\/nasal-spray-and-brain-inflammation-Philippe-Boulanger-scaled.webp?wsr\",\"keywords\":[\"biohacking\",\"cerveau\",\"innovation\",\"long\u00e9vit\u00e9 cognitive\",\"m\u00e9moire\",\"neuroinflammation\",\"performance mentale\",\"plasticit\u00e9 c\u00e9r\u00e9brale\",\"pr\u00e9vention\",\"sant\u00e9 cognitive\",\"sommeil\",\"vieillissement c\u00e9r\u00e9bral\"],\"articleSection\":[\"intelligence innovationnelle\u00ae\"],\"inLanguage\":\"fr-FR\",\"potentialAction\":[{\"@type\":\"CommentAction\",\"name\":\"Comment\",\"target\":[\"https:\\\/\\\/philippeboulanger.com\\\/fr\\\/cerveau-fatigue-ou-cerveau-en-feu\\\/#respond\"]}]},{\"@type\":\"WebPage\",\"@id\":\"https:\\\/\\\/philippeboulanger.com\\\/fr\\\/cerveau-fatigue-ou-cerveau-en-feu\\\/\",\"url\":\"https:\\\/\\\/philippeboulanger.com\\\/fr\\\/cerveau-fatigue-ou-cerveau-en-feu\\\/\",\"name\":\"Cerveau fatigu\u00e9 ou cerveau en feu ? - Philippe Boulanger\",\"isPartOf\":{\"@id\":\"https:\\\/\\\/philippeboulanger.com\\\/fr\\\/#website\"},\"primaryImageOfPage\":{\"@id\":\"https:\\\/\\\/philippeboulanger.com\\\/fr\\\/cerveau-fatigue-ou-cerveau-en-feu\\\/#primaryimage\"},\"image\":{\"@id\":\"https:\\\/\\\/philippeboulanger.com\\\/fr\\\/cerveau-fatigue-ou-cerveau-en-feu\\\/#primaryimage\"},\"thumbnailUrl\":\"https:\\\/\\\/philippeboulanger.com\\\/wp-content\\\/uploads\\\/2026\\\/04\\\/nasal-spray-and-brain-inflammation-Philippe-Boulanger-scaled.webp?wsr\",\"datePublished\":\"2026-04-17T05:00:00+00:00\",\"description\":\"Une \u00e9tude pr\u00e9clinique sur un spray nasal relance le d\u00e9bat sur le vieillissement c\u00e9r\u00e9bral. Et si le cerveau n\u2019\u00e9tait pas seulement vieux, mais inflamm\u00e9 ? Innovation, biohacking et long\u00e9vit\u00e9 cognitive.\",\"breadcrumb\":{\"@id\":\"https:\\\/\\\/philippeboulanger.com\\\/fr\\\/cerveau-fatigue-ou-cerveau-en-feu\\\/#breadcrumb\"},\"inLanguage\":\"fr-FR\",\"potentialAction\":[{\"@type\":\"ReadAction\",\"target\":[\"https:\\\/\\\/philippeboulanger.com\\\/fr\\\/cerveau-fatigue-ou-cerveau-en-feu\\\/\"]}]},{\"@type\":\"ImageObject\",\"inLanguage\":\"fr-FR\",\"@id\":\"https:\\\/\\\/philippeboulanger.com\\\/fr\\\/cerveau-fatigue-ou-cerveau-en-feu\\\/#primaryimage\",\"url\":\"https:\\\/\\\/philippeboulanger.com\\\/wp-content\\\/uploads\\\/2026\\\/04\\\/nasal-spray-and-brain-inflammation-Philippe-Boulanger-scaled.webp?wsr\",\"contentUrl\":\"https:\\\/\\\/philippeboulanger.com\\\/wp-content\\\/uploads\\\/2026\\\/04\\\/nasal-spray-and-brain-inflammation-Philippe-Boulanger-scaled.webp?wsr\",\"width\":2560,\"height\":1429},{\"@type\":\"BreadcrumbList\",\"@id\":\"https:\\\/\\\/philippeboulanger.com\\\/fr\\\/cerveau-fatigue-ou-cerveau-en-feu\\\/#breadcrumb\",\"itemListElement\":[{\"@type\":\"ListItem\",\"position\":1,\"name\":\"Home\",\"item\":\"https:\\\/\\\/philippeboulanger.com\\\/fr\\\/\"},{\"@type\":\"ListItem\",\"position\":2,\"name\":\"Cerveau fatigu\u00e9 ou cerveau en feu ?\"}]},{\"@type\":\"WebSite\",\"@id\":\"https:\\\/\\\/philippeboulanger.com\\\/fr\\\/#website\",\"url\":\"https:\\\/\\\/philippeboulanger.com\\\/fr\\\/\",\"name\":\"Philippe Boulanger\",\"description\":\"Global Keynote Speaker &amp; Advisor\",\"publisher\":{\"@id\":\"https:\\\/\\\/philippeboulanger.com\\\/fr\\\/#organization\"},\"potentialAction\":[{\"@type\":\"SearchAction\",\"target\":{\"@type\":\"EntryPoint\",\"urlTemplate\":\"https:\\\/\\\/philippeboulanger.com\\\/fr\\\/?s={search_term_string}\"},\"query-input\":{\"@type\":\"PropertyValueSpecification\",\"valueRequired\":true,\"valueName\":\"search_term_string\"}}],\"inLanguage\":\"fr-FR\"},{\"@type\":\"Organization\",\"@id\":\"https:\\\/\\\/philippeboulanger.com\\\/fr\\\/#organization\",\"name\":\"Philippe Boulanger - The Innovation Evangelist - Global Keynote Speaker\",\"url\":\"https:\\\/\\\/philippeboulanger.com\\\/fr\\\/\",\"logo\":{\"@type\":\"ImageObject\",\"inLanguage\":\"fr-FR\",\"@id\":\"https:\\\/\\\/philippeboulanger.com\\\/fr\\\/#\\\/schema\\\/logo\\\/image\\\/\",\"url\":\"https:\\\/\\\/philippeboulanger.com\\\/wp-content\\\/uploads\\\/2026\\\/01\\\/cropped-philippe-boulanger-favicon-2026.webp\",\"contentUrl\":\"https:\\\/\\\/philippeboulanger.com\\\/wp-content\\\/uploads\\\/2026\\\/01\\\/cropped-philippe-boulanger-favicon-2026.webp\",\"width\":512,\"height\":512,\"caption\":\"Philippe Boulanger - The Innovation Evangelist - Global Keynote Speaker\"},\"image\":{\"@id\":\"https:\\\/\\\/philippeboulanger.com\\\/fr\\\/#\\\/schema\\\/logo\\\/image\\\/\"},\"sameAs\":[\"https:\\\/\\\/www.facebook.com\\\/philippe.boulanger.official\",\"https:\\\/\\\/x.com\\\/Ph_Boulanger\",\"https:\\\/\\\/www.youtube.com\\\/@PhilippeBoulanger\",\"https:\\\/\\\/www.lespeakers.com\\\/conferencier\\\/philippe-boulanger\",\"https:\\\/\\\/www.adn-conferenciers.com\\\/conferenciers-philippe-boulanger\",\"https:\\\/\\\/www.wechamp-entreprise.co\\\/conferencier\\\/philippe-boulanger\\\/\",\"https:\\\/\\\/hyfen.fr\\\/intervenant\\\/philippe-boulanger\\\/\",\"https:\\\/\\\/okaydoc.fr\\\/philippe-boulanger-conferencier-innovation\\\/\",\"https:\\\/\\\/www.lesconferenciers.com\\\/conferencier\\\/philippe-boulanger\\\/\",\"https:\\\/\\\/simoneetnelson.com\\\/annuaire\\\/conferenciers\\\/philippe-boulanger\\\/\",\"https:\\\/\\\/myspeaker.fr\\\/conferenciers\\\/philippe-boulanger\\\/\",\"https:\\\/\\\/www.premium-communication.fr\\\/conferenciers\\\/ia-et-innovation\\\/boulanger\",\"https:\\\/\\\/www.vivavox.fr\\\/conferencier\\\/233\\\/\",\"https:\\\/\\\/www.a-speakers.fr\\\/conferencier\\\/philippe-boulanger\\\/\",\"https:\\\/\\\/www.espeakers.com\\\/marketplace\\\/profile\\\/41889\\\/philippe-boulanger\",\"https:\\\/\\\/www.dunod.com\\\/livres-philippe-boulanger-2\",\"https:\\\/\\\/www.amazon.fr\\\/stores\\\/Dr-Philippe-Boulanger\\\/author\\\/B0DD4CMFDX\",\"https:\\\/\\\/www.lecampus.online\\\/conferenciers\\\/philippe-boulanger\",\"https:\\\/\\\/www.startnplay.com\\\/personnalite\\\/conferencier\\\/phlippe-boulanger\\\/\"]},{\"@type\":\"Person\",\"@id\":\"https:\\\/\\\/philippeboulanger.com\\\/fr\\\/#\\\/schema\\\/person\\\/6bb370f9c91a64097487f01391ea335f\",\"name\":\"Philippe Boulanger\",\"image\":{\"@type\":\"ImageObject\",\"inLanguage\":\"fr-FR\",\"@id\":\"https:\\\/\\\/secure.gravatar.com\\\/avatar\\\/7e269ce6778aacfb26aa4350739359d938962ebf752aa458b862bfd78ff946c1?s=96&d=mm&r=g\",\"url\":\"https:\\\/\\\/secure.gravatar.com\\\/avatar\\\/7e269ce6778aacfb26aa4350739359d938962ebf752aa458b862bfd78ff946c1?s=96&d=mm&r=g\",\"contentUrl\":\"https:\\\/\\\/secure.gravatar.com\\\/avatar\\\/7e269ce6778aacfb26aa4350739359d938962ebf752aa458b862bfd78ff946c1?s=96&d=mm&r=g\",\"caption\":\"Philippe Boulanger\"},\"url\":\"https:\\\/\\\/philippeboulanger.com\\\/fr\\\/author\\\/boulanger-philgmail-com\\\/\"}]}<\/script>\n<!-- \/ Yoast SEO Premium plugin. -->","yoast_head_json":{"title":"Cerveau fatigu\u00e9 ou cerveau en feu ? - Philippe Boulanger","description":"Une \u00e9tude pr\u00e9clinique sur un spray nasal relance le d\u00e9bat sur le vieillissement c\u00e9r\u00e9bral. Et si le cerveau n\u2019\u00e9tait pas seulement vieux, mais inflamm\u00e9 ? Innovation, biohacking et long\u00e9vit\u00e9 cognitive.","robots":{"index":"index","follow":"follow","max-snippet":"max-snippet:-1","max-image-preview":"max-image-preview:large","max-video-preview":"max-video-preview:-1"},"canonical":"https:\/\/philippeboulanger.com\/fr\/cerveau-fatigue-ou-cerveau-en-feu\/","og_locale":"fr_FR","og_type":"article","og_title":"Cerveau fatigu\u00e9 ou cerveau en feu ?","og_description":"Une \u00e9tude pr\u00e9clinique sur un spray nasal relance le d\u00e9bat sur le vieillissement c\u00e9r\u00e9bral. Et si le cerveau n\u2019\u00e9tait pas seulement vieux, mais inflamm\u00e9 ? Innovation, biohacking et long\u00e9vit\u00e9 cognitive.","og_url":"https:\/\/philippeboulanger.com\/fr\/cerveau-fatigue-ou-cerveau-en-feu\/","og_site_name":"Philippe Boulanger","article_publisher":"https:\/\/www.facebook.com\/philippe.boulanger.official","article_published_time":"2026-04-17T05:00:00+00:00","og_image":[{"width":2560,"height":1429,"url":"https:\/\/philippeboulanger.com\/wp-content\/uploads\/2026\/04\/nasal-spray-and-brain-inflammation-Philippe-Boulanger-scaled.webp","type":"image\/jpeg"}],"author":"Philippe Boulanger","twitter_card":"summary_large_image","twitter_creator":"@Ph_Boulanger","twitter_site":"@Ph_Boulanger","twitter_misc":{"\u00c9crit par":"Philippe Boulanger","Dur\u00e9e de lecture estim\u00e9e":"6 minutes"},"schema":{"@context":"https:\/\/schema.org","@graph":[{"@type":"Article","@id":"https:\/\/philippeboulanger.com\/fr\/cerveau-fatigue-ou-cerveau-en-feu\/#article","isPartOf":{"@id":"https:\/\/philippeboulanger.com\/fr\/cerveau-fatigue-ou-cerveau-en-feu\/"},"author":{"name":"Philippe Boulanger","@id":"https:\/\/philippeboulanger.com\/fr\/#\/schema\/person\/6bb370f9c91a64097487f01391ea335f"},"headline":"Cerveau fatigu\u00e9 ou cerveau en feu ?","datePublished":"2026-04-17T05:00:00+00:00","mainEntityOfPage":{"@id":"https:\/\/philippeboulanger.com\/fr\/cerveau-fatigue-ou-cerveau-en-feu\/"},"wordCount":1495,"commentCount":0,"publisher":{"@id":"https:\/\/philippeboulanger.com\/fr\/#organization"},"image":{"@id":"https:\/\/philippeboulanger.com\/fr\/cerveau-fatigue-ou-cerveau-en-feu\/#primaryimage"},"thumbnailUrl":"https:\/\/philippeboulanger.com\/wp-content\/uploads\/2026\/04\/nasal-spray-and-brain-inflammation-Philippe-Boulanger-scaled.webp?wsr","keywords":["biohacking","cerveau","innovation","long\u00e9vit\u00e9 cognitive","m\u00e9moire","neuroinflammation","performance mentale","plasticit\u00e9 c\u00e9r\u00e9brale","pr\u00e9vention","sant\u00e9 cognitive","sommeil","vieillissement c\u00e9r\u00e9bral"],"articleSection":["intelligence innovationnelle\u00ae"],"inLanguage":"fr-FR","potentialAction":[{"@type":"CommentAction","name":"Comment","target":["https:\/\/philippeboulanger.com\/fr\/cerveau-fatigue-ou-cerveau-en-feu\/#respond"]}]},{"@type":"WebPage","@id":"https:\/\/philippeboulanger.com\/fr\/cerveau-fatigue-ou-cerveau-en-feu\/","url":"https:\/\/philippeboulanger.com\/fr\/cerveau-fatigue-ou-cerveau-en-feu\/","name":"Cerveau fatigu\u00e9 ou cerveau en feu ? - Philippe Boulanger","isPartOf":{"@id":"https:\/\/philippeboulanger.com\/fr\/#website"},"primaryImageOfPage":{"@id":"https:\/\/philippeboulanger.com\/fr\/cerveau-fatigue-ou-cerveau-en-feu\/#primaryimage"},"image":{"@id":"https:\/\/philippeboulanger.com\/fr\/cerveau-fatigue-ou-cerveau-en-feu\/#primaryimage"},"thumbnailUrl":"https:\/\/philippeboulanger.com\/wp-content\/uploads\/2026\/04\/nasal-spray-and-brain-inflammation-Philippe-Boulanger-scaled.webp?wsr","datePublished":"2026-04-17T05:00:00+00:00","description":"Une \u00e9tude pr\u00e9clinique sur un spray nasal relance le d\u00e9bat sur le vieillissement c\u00e9r\u00e9bral. Et si le cerveau n\u2019\u00e9tait pas seulement vieux, mais inflamm\u00e9 ? Innovation, biohacking et long\u00e9vit\u00e9 cognitive.","breadcrumb":{"@id":"https:\/\/philippeboulanger.com\/fr\/cerveau-fatigue-ou-cerveau-en-feu\/#breadcrumb"},"inLanguage":"fr-FR","potentialAction":[{"@type":"ReadAction","target":["https:\/\/philippeboulanger.com\/fr\/cerveau-fatigue-ou-cerveau-en-feu\/"]}]},{"@type":"ImageObject","inLanguage":"fr-FR","@id":"https:\/\/philippeboulanger.com\/fr\/cerveau-fatigue-ou-cerveau-en-feu\/#primaryimage","url":"https:\/\/philippeboulanger.com\/wp-content\/uploads\/2026\/04\/nasal-spray-and-brain-inflammation-Philippe-Boulanger-scaled.webp?wsr","contentUrl":"https:\/\/philippeboulanger.com\/wp-content\/uploads\/2026\/04\/nasal-spray-and-brain-inflammation-Philippe-Boulanger-scaled.webp?wsr","width":2560,"height":1429},{"@type":"BreadcrumbList","@id":"https:\/\/philippeboulanger.com\/fr\/cerveau-fatigue-ou-cerveau-en-feu\/#breadcrumb","itemListElement":[{"@type":"ListItem","position":1,"name":"Home","item":"https:\/\/philippeboulanger.com\/fr\/"},{"@type":"ListItem","position":2,"name":"Cerveau fatigu\u00e9 ou cerveau en feu ?"}]},{"@type":"WebSite","@id":"https:\/\/philippeboulanger.com\/fr\/#website","url":"https:\/\/philippeboulanger.com\/fr\/","name":"Philippe Boulanger","description":"Global Keynote Speaker &amp; Advisor","publisher":{"@id":"https:\/\/philippeboulanger.com\/fr\/#organization"},"potentialAction":[{"@type":"SearchAction","target":{"@type":"EntryPoint","urlTemplate":"https:\/\/philippeboulanger.com\/fr\/?s={search_term_string}"},"query-input":{"@type":"PropertyValueSpecification","valueRequired":true,"valueName":"search_term_string"}}],"inLanguage":"fr-FR"},{"@type":"Organization","@id":"https:\/\/philippeboulanger.com\/fr\/#organization","name":"Philippe Boulanger - The Innovation Evangelist - Global Keynote Speaker","url":"https:\/\/philippeboulanger.com\/fr\/","logo":{"@type":"ImageObject","inLanguage":"fr-FR","@id":"https:\/\/philippeboulanger.com\/fr\/#\/schema\/logo\/image\/","url":"https:\/\/philippeboulanger.com\/wp-content\/uploads\/2026\/01\/cropped-philippe-boulanger-favicon-2026.webp","contentUrl":"https:\/\/philippeboulanger.com\/wp-content\/uploads\/2026\/01\/cropped-philippe-boulanger-favicon-2026.webp","width":512,"height":512,"caption":"Philippe Boulanger - The Innovation Evangelist - Global Keynote Speaker"},"image":{"@id":"https:\/\/philippeboulanger.com\/fr\/#\/schema\/logo\/image\/"},"sameAs":["https:\/\/www.facebook.com\/philippe.boulanger.official","https:\/\/x.com\/Ph_Boulanger","https:\/\/www.youtube.com\/@PhilippeBoulanger","https:\/\/www.lespeakers.com\/conferencier\/philippe-boulanger","https:\/\/www.adn-conferenciers.com\/conferenciers-philippe-boulanger","https:\/\/www.wechamp-entreprise.co\/conferencier\/philippe-boulanger\/","https:\/\/hyfen.fr\/intervenant\/philippe-boulanger\/","https:\/\/okaydoc.fr\/philippe-boulanger-conferencier-innovation\/","https:\/\/www.lesconferenciers.com\/conferencier\/philippe-boulanger\/","https:\/\/simoneetnelson.com\/annuaire\/conferenciers\/philippe-boulanger\/","https:\/\/myspeaker.fr\/conferenciers\/philippe-boulanger\/","https:\/\/www.premium-communication.fr\/conferenciers\/ia-et-innovation\/boulanger","https:\/\/www.vivavox.fr\/conferencier\/233\/","https:\/\/www.a-speakers.fr\/conferencier\/philippe-boulanger\/","https:\/\/www.espeakers.com\/marketplace\/profile\/41889\/philippe-boulanger","https:\/\/www.dunod.com\/livres-philippe-boulanger-2","https:\/\/www.amazon.fr\/stores\/Dr-Philippe-Boulanger\/author\/B0DD4CMFDX","https:\/\/www.lecampus.online\/conferenciers\/philippe-boulanger","https:\/\/www.startnplay.com\/personnalite\/conferencier\/phlippe-boulanger\/"]},{"@type":"Person","@id":"https:\/\/philippeboulanger.com\/fr\/#\/schema\/person\/6bb370f9c91a64097487f01391ea335f","name":"Philippe Boulanger","image":{"@type":"ImageObject","inLanguage":"fr-FR","@id":"https:\/\/secure.gravatar.com\/avatar\/7e269ce6778aacfb26aa4350739359d938962ebf752aa458b862bfd78ff946c1?s=96&d=mm&r=g","url":"https:\/\/secure.gravatar.com\/avatar\/7e269ce6778aacfb26aa4350739359d938962ebf752aa458b862bfd78ff946c1?s=96&d=mm&r=g","contentUrl":"https:\/\/secure.gravatar.com\/avatar\/7e269ce6778aacfb26aa4350739359d938962ebf752aa458b862bfd78ff946c1?s=96&d=mm&r=g","caption":"Philippe Boulanger"},"url":"https:\/\/philippeboulanger.com\/fr\/author\/boulanger-philgmail-com\/"}]}},"jetpack_featured_media_url":"https:\/\/philippeboulanger.com\/wp-content\/uploads\/2026\/04\/nasal-spray-and-brain-inflammation-Philippe-Boulanger-scaled.webp?wsr","jetpack_sharing_enabled":true,"_links":{"self":[{"href":"https:\/\/philippeboulanger.com\/fr\/wp-json\/wp\/v2\/posts\/15881","targetHints":{"allow":["GET"]}}],"collection":[{"href":"https:\/\/philippeboulanger.com\/fr\/wp-json\/wp\/v2\/posts"}],"about":[{"href":"https:\/\/philippeboulanger.com\/fr\/wp-json\/wp\/v2\/types\/post"}],"author":[{"embeddable":true,"href":"https:\/\/philippeboulanger.com\/fr\/wp-json\/wp\/v2\/users\/4"}],"replies":[{"embeddable":true,"href":"https:\/\/philippeboulanger.com\/fr\/wp-json\/wp\/v2\/comments?post=15881"}],"version-history":[{"count":1,"href":"https:\/\/philippeboulanger.com\/fr\/wp-json\/wp\/v2\/posts\/15881\/revisions"}],"predecessor-version":[{"id":15883,"href":"https:\/\/philippeboulanger.com\/fr\/wp-json\/wp\/v2\/posts\/15881\/revisions\/15883"}],"wp:featuredmedia":[{"embeddable":true,"href":"https:\/\/philippeboulanger.com\/fr\/wp-json\/wp\/v2\/media\/15882"}],"wp:attachment":[{"href":"https:\/\/philippeboulanger.com\/fr\/wp-json\/wp\/v2\/media?parent=15881"}],"wp:term":[{"taxonomy":"category","embeddable":true,"href":"https:\/\/philippeboulanger.com\/fr\/wp-json\/wp\/v2\/categories?post=15881"},{"taxonomy":"post_tag","embeddable":true,"href":"https:\/\/philippeboulanger.com\/fr\/wp-json\/wp\/v2\/tags?post=15881"}],"curies":[{"name":"wp","href":"https:\/\/api.w.org\/{rel}","templated":true}]}}