{"id":15887,"date":"2026-04-20T06:00:00","date_gmt":"2026-04-20T05:00:00","guid":{"rendered":"https:\/\/philippeboulanger.com\/?p=15887"},"modified":"2026-04-19T16:23:38","modified_gmt":"2026-04-19T15:23:38","slug":"le-1er-mai-la-baguette-se-syndique","status":"publish","type":"post","link":"https:\/\/philippeboulanger.com\/fr\/le-1er-mai-la-baguette-se-syndique\/","title":{"rendered":"Le 1er mai, la baguette se syndique"},"content":{"rendered":"\n<h2 class=\"wp-block-heading\" id=\"h-quand-la-france-transforme-une-baguette-en-conflit-social\">Quand la France transforme une baguette en conflit social<\/h2>\n\n\n\n<p>Le 1er mai, m\u00eame la baguette fait gr\u00e8ve du bon sens, et moi, Boulanger, je ne vais pas ch\u00f4mer.<\/p>\n\n\n\n<p>En France, on a trouv\u00e9 le d\u00e9bat le plus croustillant de l\u2019ann\u00e9e : des boulangers veulent travailler le 1er mai.<\/p>\n\n\n\n<p>Scandale national.<\/p>\n\n\n\n<p>Pas une crise diplomatique.<br>Pas une cyberattaque.<br>Pas une p\u00e9nurie de beurre sal\u00e9.<\/p>\n\n\n\n<p>Non.<\/p>\n\n\n\n<p>Des gens qui se l\u00e8vent \u00e0 3 heures du matin toute l\u2019ann\u00e9e aimeraient, pour certains, continuer \u00e0 vendre du pain le jour de la f\u00eate du Travail.<\/p>\n\n\n\n<p>Et l\u00e0, soudain, la R\u00e9publique vacille entre la viennoiserie et la barricade.<\/p>\n\n\n\n<p>D\u2019un c\u00f4t\u00e9, ceux qui veulent <strong>gagner leur pain<\/strong>.<br>De l\u2019autre, ceux qui expliquent qu\u2019un jour f\u00e9ri\u00e9 doit rester <strong>long comme un jour sans pain<\/strong>.<\/p>\n\n\n\n<p>Au milieu, le client fran\u00e7ais, cr\u00e9ature d\u00e9licate et contradictoire, veut simplement exercer son droit fondamental : r\u00e2ler contre le travail du 1er mai, puis chercher une baguette fra\u00eeche pour accompagner son d\u00e9jeuner.<\/p>\n\n\n\n<p>La France dans toute sa splendeur : on d\u00e9fend le repos social avec une tartine \u00e0 la main.<\/p>\n\n\n\n<h2 class=\"wp-block-heading\" id=\"h-avoir-du-pain-sur-la-planche-meme-quand-le-calendrier-dit-stop\">Avoir du pain sur la planche, m\u00eame quand le calendrier dit stop<\/h2>\n\n\n\n<p>Le Code du travail indique que le 1er mai est un jour f\u00e9ri\u00e9 et ch\u00f4m\u00e9. Il pr\u00e9voit aussi une exception pour certains \u00e9tablissements et services qui ne peuvent interrompre leur activit\u00e9, avec r\u00e9mun\u00e9ration doubl\u00e9e pour les salari\u00e9s concern\u00e9s. (<a href=\"https:\/\/www.legifrance.gouv.fr\/codes\/id\/LEGISCTA000033020887?utm_source=philippeboulanger.com\">L\u00e9gifrance<\/a>)<\/p>\n\n\n\n<p>Le probl\u00e8me, comme souvent en France, tient dans l\u2019interpr\u00e9tation.<\/p>\n\n\n\n<p>Un h\u00f4pital ouvert le 1er mai, tout le monde comprend.<br>Une boulangerie ouverte, le pays entre en fermentation.<\/p>\n\n\n\n<p>Pourtant, la baguette a ce statut \u00e9trange : elle n\u2019est pas officiellement un service vital, mais essayez donc d\u2019annoncer \u00e0 un Fran\u00e7ais qu\u2019il devra manger son fromage avec du pain de la veille.<\/p>\n\n\n\n<p>Vous verrez appara\u00eetre une d\u00e9tresse nationale.<\/p>\n\n\n\n<p>Les artisans boulangers, eux, expliquent qu\u2019ils ont <strong>du pain sur la planche<\/strong>. Les croissants ne vont pas attendre le 2 mai en m\u00e9ditant sur les acquis sociaux. Les fourn\u00e9es ne se programment pas comme un message LinkedIn. Le levain n\u2019a pas re\u00e7u le m\u00e9mo syndical.<\/p>\n\n\n\n<p>Le boulanger dit :<\/p>\n\n\n\n<p>\u00ab Mes clients veulent du pain, mes produits vont <strong>se vendre comme des petits pains<\/strong>, et si mes salari\u00e9s sont volontaires, travailler un jour de plus, <strong>\u00e7a ne mange pas de pain<\/strong>. \u00bb<\/p>\n\n\n\n<p>Le syndicat r\u00e9pond :<\/p>\n\n\n\n<p>\u00ab Attention, on commence par une baguette, puis on finit par ouvrir les hypermarch\u00e9s, les open spaces, les plateformes logistiques, les r\u00e9unions Teams et les s\u00e9minaires de motivation sur la r\u00e9silience. \u00bb<\/p>\n\n\n\n<p>Et l\u00e0, tout le monde commence \u00e0 <strong>\u00eatre dans le p\u00e9trin<\/strong>.<\/p>\n\n\n\n<h2 class=\"wp-block-heading\" id=\"h-syndicats-boulangers-et-farine-rhetorique\">Syndicats, boulangers et farine rh\u00e9torique<\/h2>\n\n\n\n<p>Les syndicats craignent une br\u00e8che. Le mot est important. En France, une br\u00e8che sociale, c\u2019est rarement une fissure discr\u00e8te. C\u2019est une porte de ch\u00e2teau qu\u2019on imagine d\u00e9j\u00e0 d\u00e9fonc\u00e9e par un patronat en tablier, criant : \u00ab \u00c0 vos postes, les enfants, la brioche n\u2019attend pas. \u00bb<\/p>\n\n\n\n<p>La CGT a salu\u00e9, le 13 avril 2026, le fait que le gouvernement ne passe pas en force sur le sujet du 1er mai, en rappelant son attachement au caract\u00e8re f\u00e9ri\u00e9, ch\u00f4m\u00e9 et pay\u00e9 de cette journ\u00e9e. (<a href=\"https:\/\/www.cgt.fr\/actualites\/france\/legislation\/la-mobilisation-paye-le-1er-mai-est-et-restera-ferie-chome-et-paye?utm_source=philippeboulanger.com\">CGT<\/a>)<\/p>\n\n\n\n<p>La crainte syndicale est compr\u00e9hensible : le volontariat, en th\u00e9orie, est magnifique. Dans la vraie vie de certaines petites entreprises, il peut parfois ressembler \u00e0 une phrase prononc\u00e9e avec un sourire crisp\u00e9 :<\/p>\n\n\n\n<p>\u00ab Bien s\u00fbr que tu es libre de refuser. D\u2019ailleurs, ton \u00e9volution de carri\u00e8re adore ton esprit d\u2019ind\u00e9pendance. \u00bb<\/p>\n\n\n\n<p>C\u2019est l\u00e0 que les syndicats disent : \u00ab On va encore nous <strong>rouler dans la farine<\/strong>. \u00bb<\/p>\n\n\n\n<p>Et comme l\u2019expression est parfaite, personne ne devrait la contester. Elle sent la cuisine sociale, le conflit de branche et la r\u00e9union de crise avec caf\u00e9 ti\u00e8de.<\/p>\n\n\n\n<p>En face, les artisans r\u00e9pondent qu\u2019ils ne veulent pas transformer la France en fournil forc\u00e9. Ils veulent simplement pouvoir travailler avec des salari\u00e9s volontaires, encadr\u00e9s, pay\u00e9s double, sur une journ\u00e9e o\u00f9 la demande existe.<\/p>\n\n\n\n<p>Le gouvernement a annonc\u00e9 vouloir clarifier la situation pour les boulangeries-p\u00e2tisseries artisanales et les fleuristes, avec volontariat \u00e9crit et r\u00e9mun\u00e9ration doubl\u00e9e, mais la mesure serait appel\u00e9e \u00e0 entrer en vigueur apr\u00e8s adoption parlementaire, potentiellement \u00e0 partir du 1er mai 2027. (<a href=\"https:\/\/www.info.gouv.fr\/actualite\/1er-mai-les-boulangeries-et-fleuristes-autorises-a-ouvrir?utm_source=philippeboulanger.com\">Info.gouv<\/a>)<\/p>\n\n\n\n<p>En r\u00e9sum\u00e9 : tout le monde veut prot\u00e9ger quelqu\u2019un.<\/p>\n\n\n\n<p>Les syndicats veulent prot\u00e9ger les salari\u00e9s.<br>Les boulangers veulent prot\u00e9ger leur activit\u00e9.<br>Les clients veulent prot\u00e9ger leur tartine.<br>Le gouvernement veut prot\u00e9ger son communiqu\u00e9.<br>Et le d\u00e9bat public veut surtout \u00e9viter de <strong>faire un four<\/strong>.<\/p>\n\n\n\n<h2 class=\"wp-block-heading\" id=\"h-le-boulanger-ce-heros-socialement-inflammable\">Le boulanger, ce h\u00e9ros socialement inflammable<\/h2>\n\n\n\n<p>Il faut reconna\u00eetre une chose : le boulanger est une figure dangereuse dans l\u2019imaginaire fran\u00e7ais.<\/p>\n\n\n\n<p>Il travaille quand les autres dorment.<br>Il nourrit les villages.<br>Il rend acceptable le lundi matin.<br>Il vend de la consolation <strong>pour une bouch\u00e9e de pain<\/strong>.<\/p>\n\n\n\n<p>Et quand il s\u2019appelle Boulanger, comme moi, il devient difficile de rester neutre.<\/p>\n\n\n\n<p>Je pr\u00e9cise : je ne suis pas boulanger. Je suis Boulanger. La nuance est importante. Je ne cuis pas le pain, je cuis parfois les certitudes. Je ne p\u00e9tris pas la p\u00e2te, je p\u00e9tris les id\u00e9es. Et quand je parle d\u2019innovation, je sais qu\u2019il faut souvent <strong>mettre la main \u00e0 la p\u00e2te<\/strong>.<\/p>\n\n\n\n<p>C\u2019est d\u2019ailleurs ce que j\u2019explique dans mon livre, notamment dans les chapitres 3 et 4 : l\u2019innovation n\u2019est pas une id\u00e9e suspendue dans l\u2019air, c\u2019est une mise en \u0153uvre. Une soci\u00e9t\u00e9 innove quand elle transforme ses r\u00e8gles, ses pratiques, ses arbitrages et ses vieux r\u00e9flexes.<\/p>\n\n\n\n<p>Or ce d\u00e9bat du 1er mai raconte exactement cela.<\/p>\n\n\n\n<p>Une r\u00e8gle pens\u00e9e pour prot\u00e9ger rencontre une r\u00e9alit\u00e9 \u00e9conomique, sociale et culturelle qui bouge.<br>Une tradition rencontre une profession.<br>Un symbole rencontre une baguette.<br>Et tout le monde se demande qui est <strong>une bonne p\u00e2te<\/strong> dans l\u2019histoire.<\/p>\n\n\n\n<p>Le boulanger volontaire ?<br>Le syndicaliste vigilant ?<br>Le salari\u00e9 qui pr\u00e9f\u00e8re doubler sa paie ?<br>Le client qui veut juste \u00e9viter le pain industriel sous plastique ?<\/p>\n\n\n\n<p>Chacun peut avoir raison dans son fournil mental.<\/p>\n\n\n\n<h2 class=\"wp-block-heading\" id=\"h-gagner-sa-croute-sans-perdre-le-symbole\">Gagner sa cro\u00fbte sans perdre le symbole<\/h2>\n\n\n\n<p>Le sujet profond n\u2019est pas seulement de savoir si une boulangerie peut ouvrir le 1er mai.<\/p>\n\n\n\n<p>Le sujet profond, c\u2019est notre rapport au travail choisi.<\/p>\n\n\n\n<p>Nous avons h\u00e9rit\u00e9 d\u2019un mod\u00e8le o\u00f9 la protection sociale a \u00e9t\u00e9 construite contre l\u2019abus. Et elle a eu raison de l\u2019\u00eatre. Le repos, la sant\u00e9, les limites, les droits collectifs ne sont pas des d\u00e9corations. Ce sont des digues.<\/p>\n\n\n\n<p>Mais nous vivons aussi dans une \u00e9poque o\u00f9 certains veulent plus de souplesse, plus de choix, plus d\u2019autonomie. Pas tous. Pas partout. Pas n\u2019importe comment.<\/p>\n\n\n\n<p>C\u2019est l\u00e0 que \u00e7a devient d\u00e9licat.<\/p>\n\n\n\n<p>Trop de libert\u00e9 peut devenir une pression d\u00e9guis\u00e9e.<br>Trop de protection peut devenir une interdiction de choisir.<\/p>\n\n\n\n<p>Entre les deux, il faudrait peut-\u00eatre arr\u00eater de transformer chaque d\u00e9bat en guerre de religion sociale.<\/p>\n\n\n\n<p>Autoriser certains salari\u00e9s volontaires, par \u00e9crit, avec r\u00e9mun\u00e9ration doubl\u00e9e, dans un cadre limit\u00e9 aux commerces concern\u00e9s, ce n\u2019est pas forc\u00e9ment abolir la f\u00eate du Travail.<br>Refuser une ouverture g\u00e9n\u00e9rale incontr\u00f4l\u00e9e, ce n\u2019est pas forc\u00e9ment ha\u00efr les artisans.<\/p>\n\n\n\n<p>La nuance, en France, a parfois tendance \u00e0 <strong>prendre de la brioche<\/strong> : elle grossit, elle gonfle, puis elle dispara\u00eet sous le sucre du slogan.<\/p>\n\n\n\n<h2 class=\"wp-block-heading\" id=\"h-le-vrai-luxe-francais-raler-avec-du-pain-frais\">Le vrai luxe fran\u00e7ais : r\u00e2ler avec du pain frais<\/h2>\n\n\n\n<p>Dans un pays o\u00f9 tout le monde veut <strong>avoir du bl\u00e9<\/strong>, on s\u2019\u00e9charpe sur ceux qui veulent simplement <strong>gagner leur cro\u00fbte<\/strong>.<\/p>\n\n\n\n<p>C\u2019est magnifique.<\/p>\n\n\n\n<p>Le consommateur veut du local, de l\u2019artisanal, du frais, du vivant.<br>Mais il d\u00e9couvre avec stupeur que derri\u00e8re le pain frais, il y a parfois quelqu\u2019un qui travaille.<\/p>\n\n\n\n<p>Le militant veut prot\u00e9ger les salari\u00e9s.<br>Mais il d\u00e9couvre avec g\u00eane que certains salari\u00e9s pourraient vouloir travailler davantage ce jour-l\u00e0 pour gagner plus.<\/p>\n\n\n\n<p>L\u2019artisan veut ouvrir.<br>Mais il d\u00e9couvre que son fournil est devenu un sujet constitutionnel, presque plus inflammable qu\u2019une r\u00e9forme des retraites en p\u00e2te feuillet\u00e9e.<\/p>\n\n\n\n<p>Et le gouvernement, fid\u00e8le \u00e0 sa vocation, tente de vendre une clarification juridique <strong>pour une bouch\u00e9e de pain<\/strong>, tout en esp\u00e9rant ne pas \u00eatre accus\u00e9 d\u2019avoir ouvert la porte \u00e0 la fin du repos social.<\/p>\n\n\n\n<p>Le d\u00e9bat risque \u00e9videmment de <strong>faire un four<\/strong>.<br>Mais il r\u00e9v\u00e8le quelque chose d\u2019important : une soci\u00e9t\u00e9 mature devrait \u00eatre capable de distinguer exploitation, volontariat, symbole et r\u00e9alit\u00e9 de terrain.<\/p>\n\n\n\n<p>Sinon, on finit avec une absurdit\u00e9 tr\u00e8s fran\u00e7aise : un boulanger ind\u00e9pendant peut travailler, mais il ne peut pas toujours \u00eatre aid\u00e9 par un salari\u00e9 volontaire dans un cadre clair.<\/p>\n\n\n\n<p>Autrement dit, on prot\u00e8ge le salari\u00e9 en laissant parfois l\u2019artisan seul face \u00e0 son four.<\/p>\n\n\n\n<h2 class=\"wp-block-heading\" id=\"h-l-innovation-sociale-commence-dans-le-fournil\">L\u2019innovation sociale commence dans le fournil<\/h2>\n\n\n\n<p>L\u2019innovation sociale ne commence pas toujours dans les grands rapports minist\u00e9riels.<\/p>\n\n\n\n<p>Elle commence parfois dans une boulangerie, \u00e0 5 heures du matin, quand une r\u00e8gle g\u00e9n\u00e9rale rencontre un cas particulier.<\/p>\n\n\n\n<p>Elle commence quand on accepte de poser des garde-fous sans transformer la soci\u00e9t\u00e9 en salle de punition.<\/p>\n\n\n\n<p>Elle commence quand on prot\u00e8ge les plus fragiles sans infantiliser ceux qui savent ce qu\u2019ils veulent.<\/p>\n\n\n\n<p>Elle commence quand on comprend qu\u2019un symbole peut rester fort sans devenir rigide.<\/p>\n\n\n\n<p>Le 1er mai m\u00e9rite d\u2019\u00eatre prot\u00e9g\u00e9.<br>Le travail volontaire m\u00e9rite d\u2019\u00eatre encadr\u00e9.<br>Les boulangers m\u00e9ritent d\u2019\u00eatre \u00e9cout\u00e9s.<br>Les syndicats m\u00e9ritent d\u2019\u00eatre entendus.<br>Les clients m\u00e9ritent parfois d\u2019apprendre \u00e0 congeler une baguette.<\/p>\n\n\n\n<p>Et moi, Boulanger, je continuerai \u00e0 regarder cette histoire avec gourmandise.<\/p>\n\n\n\n<p>Parce qu\u2019au fond, elle dit tout de notre \u00e9poque : nous voulons de la libert\u00e9, mais sans risque ; de la protection, mais sans contrainte ; du pain frais, mais sans four allum\u00e9 ; du progr\u00e8s social, mais sans complexit\u00e9.<\/p>\n\n\n\n<p>\u00c0 force, on finit tous <strong>dans le p\u00e9trin<\/strong>.<\/p>\n\n\n\n<p>Alors oui, autorisons peut-\u00eatre les boulangers volontaires \u00e0 travailler le 1er mai dans un cadre strict, clair, limit\u00e9, contr\u00f4l\u00e9 et bien r\u00e9mun\u00e9r\u00e9.<\/p>\n\n\n\n<p>Et surtout, gardons une r\u00e8gle simple : personne ne doit \u00eatre <strong>roul\u00e9 dans la farine<\/strong>.<\/p>\n\n\n\n<p>Sinon, ce ne sera plus du droit social.<\/p>\n\n\n\n<p>Ce sera une mauvaise p\u00e2te.<\/p>\n\n\n\n<h2 class=\"wp-block-heading\" id=\"h-references\">R\u00e9f\u00e9rences<\/h2>\n\n\n\n<p>(L\u00e9gifrance) = <a href=\"https:\/\/www.legifrance.gouv.fr\/codes\/id\/LEGISCTA000033020887?utm_source=philippeboulanger.com\">https:\/\/www.legifrance.gouv.fr\/codes\/id\/LEGISCTA000033020887<\/a><br>(Info.gouv) = <a href=\"https:\/\/www.info.gouv.fr\/actualite\/1er-mai-les-boulangeries-et-fleuristes-autorises-a-ouvrir?utm_source=philippeboulanger.com\">https:\/\/www.info.gouv.fr\/actualite\/1er-mai-les-boulangeries-et-fleuristes-autorises-a-ouvrir<\/a><br>(S\u00e9nat) = <a href=\"https:\/\/www.senat.fr\/dossier-legislatif\/ppl24-550.html?utm_source=philippeboulanger.com\">https:\/\/www.senat.fr\/dossier-legislatif\/ppl24-550.html<\/a><br>(CGTA) = <a href=\"https:\/\/www.cgt.fr\/actualites\/france\/legislation\/la-mobilisation-paye-le-1er-mai-est-et-restera-ferie-chome-et-paye?utm_source=philippeboulanger.com\">https:\/\/www.cgt.fr\/actualites\/france\/legislation\/la-mobilisation-paye-le-1er-mai-est-et-restera-ferie-chome-et-paye<\/a><br>(Vie publique) = <a href=\"https:\/\/www.vie-publique.fr\/loi\/299308-travail-des-salaries-le-1er-mai-boulanger-fleuriste-proposition-de-loi?utm_source=philippeboulanger.com\">https:\/\/www.vie-publique.fr\/loi\/299308-travail-des-salaries-le-1er-mai-boulanger-fleuriste-proposition-de-loi<\/a><br>(Le Club des juristes) = <a href=\"https:\/\/www.leclubdesjuristes.com\/societe\/travail-le-1er-mai-la-baguette-artisanale-est-elle-un-service-essentiel-10491?utm_source=philippeboulanger.com\">https:\/\/www.leclubdesjuristes.com\/societe\/travail-le-1er-mai-la-baguette-artisanale-est-elle-un-service-essentiel-10491<\/a><\/p>\n","protected":false},"excerpt":{"rendered":"<p>Quand la France transforme une baguette en conflit social Le 1er mai, m\u00eame la baguette fait gr\u00e8ve du bon sens, et moi, Boulanger, je ne vais pas ch\u00f4mer. En France, on a trouv\u00e9 le d\u00e9bat le plus croustillant de l\u2019ann\u00e9e : des boulangers veulent travailler le 1er mai. Scandale national. Pas une crise diplomatique.Pas une [&hellip;]<\/p>\n","protected":false},"author":4,"featured_media":15888,"comment_status":"open","ping_status":"open","sticky":false,"template":"","format":"standard","meta":{"_acf_changed":false,"_jetpack_memberships_contains_paid_content":false,"footnotes":""},"categories":[50],"tags":[973,980,981,972,982,975,976,979,977,974,978],"class_list":["post-15887","post","type-post","status-publish","format-standard","has-post-thumbnail","hentry","category-intelligence-innovationnelle","tag-1er-mai","tag-artisanat","tag-baguette","tag-boulangerie","tag-dialogue-social","tag-droit-du-travail","tag-fete-du-travail","tag-humour","tag-innovation-sociale","tag-syndicats","tag-volontariat"],"acf":[],"yoast_head":"<!-- This site is optimized with the Yoast SEO Premium plugin v27.5 (Yoast SEO v27.5) - https:\/\/yoast.com\/product\/yoast-seo-premium-wordpress\/ -->\n<title>Le 1er mai, la baguette se syndique - Philippe Boulanger<\/title>\n<meta name=\"description\" content=\"Le d\u00e9bat sur le travail des boulangers le 1er mai r\u00e9v\u00e8le une France croustillante : entre protection sociale, volontariat, syndicats et baguette fra\u00eeche, tout le monde finit dans le p\u00e9trin.\" \/>\n<meta name=\"robots\" content=\"index, follow, max-snippet:-1, max-image-preview:large, max-video-preview:-1\" \/>\n<link rel=\"canonical\" href=\"https:\/\/philippeboulanger.com\/fr\/le-1er-mai-la-baguette-se-syndique\/\" \/>\n<meta property=\"og:locale\" content=\"fr_FR\" \/>\n<meta property=\"og:type\" content=\"article\" \/>\n<meta property=\"og:title\" content=\"Le 1er mai, la baguette se syndique\" \/>\n<meta property=\"og:description\" content=\"Le d\u00e9bat sur le travail des boulangers le 1er mai r\u00e9v\u00e8le une France croustillante : entre protection sociale, volontariat, syndicats et baguette fra\u00eeche, tout le monde finit dans le p\u00e9trin.\" \/>\n<meta property=\"og:url\" content=\"https:\/\/philippeboulanger.com\/fr\/le-1er-mai-la-baguette-se-syndique\/\" \/>\n<meta property=\"og:site_name\" content=\"Philippe Boulanger\" \/>\n<meta property=\"article:publisher\" content=\"https:\/\/www.facebook.com\/philippe.boulanger.official\" \/>\n<meta property=\"article:published_time\" content=\"2026-04-20T05:00:00+00:00\" \/>\n<meta property=\"og:image\" content=\"https:\/\/philippeboulanger.com\/wp-content\/uploads\/2026\/04\/1er-mai-chome-Philippe-Boulanger-scaled.webp\" \/>\n\t<meta property=\"og:image:width\" content=\"2560\" \/>\n\t<meta property=\"og:image:height\" content=\"1429\" \/>\n\t<meta property=\"og:image:type\" content=\"image\/jpeg\" \/>\n<meta name=\"author\" content=\"Philippe Boulanger\" \/>\n<meta name=\"twitter:card\" content=\"summary_large_image\" \/>\n<meta name=\"twitter:creator\" content=\"@Ph_Boulanger\" \/>\n<meta name=\"twitter:site\" content=\"@Ph_Boulanger\" \/>\n<meta name=\"twitter:label1\" content=\"\u00c9crit par\" \/>\n\t<meta name=\"twitter:data1\" content=\"Philippe Boulanger\" \/>\n\t<meta name=\"twitter:label2\" content=\"Dur\u00e9e de lecture estim\u00e9e\" \/>\n\t<meta name=\"twitter:data2\" content=\"8 minutes\" \/>\n<script type=\"application\/ld+json\" class=\"yoast-schema-graph\">{\"@context\":\"https:\\\/\\\/schema.org\",\"@graph\":[{\"@type\":\"Article\",\"@id\":\"https:\\\/\\\/philippeboulanger.com\\\/fr\\\/le-1er-mai-la-baguette-se-syndique\\\/#article\",\"isPartOf\":{\"@id\":\"https:\\\/\\\/philippeboulanger.com\\\/fr\\\/le-1er-mai-la-baguette-se-syndique\\\/\"},\"author\":{\"name\":\"Philippe Boulanger\",\"@id\":\"https:\\\/\\\/philippeboulanger.com\\\/fr\\\/#\\\/schema\\\/person\\\/6bb370f9c91a64097487f01391ea335f\"},\"headline\":\"Le 1er mai, la baguette se syndique\",\"datePublished\":\"2026-04-20T05:00:00+00:00\",\"mainEntityOfPage\":{\"@id\":\"https:\\\/\\\/philippeboulanger.com\\\/fr\\\/le-1er-mai-la-baguette-se-syndique\\\/\"},\"wordCount\":1849,\"commentCount\":0,\"publisher\":{\"@id\":\"https:\\\/\\\/philippeboulanger.com\\\/fr\\\/#organization\"},\"image\":{\"@id\":\"https:\\\/\\\/philippeboulanger.com\\\/fr\\\/le-1er-mai-la-baguette-se-syndique\\\/#primaryimage\"},\"thumbnailUrl\":\"https:\\\/\\\/philippeboulanger.com\\\/wp-content\\\/uploads\\\/2026\\\/04\\\/1er-mai-chome-Philippe-Boulanger-scaled.webp?wsr\",\"keywords\":[\"1er mai\",\"artisanat\",\"baguette\",\"boulangerie\",\"dialogue social\",\"droit du travail\",\"f\u00eate du Travail\",\"humour\",\"innovation sociale\",\"syndicats\",\"volontariat\"],\"articleSection\":[\"intelligence innovationnelle\u00ae\"],\"inLanguage\":\"fr-FR\",\"potentialAction\":[{\"@type\":\"CommentAction\",\"name\":\"Comment\",\"target\":[\"https:\\\/\\\/philippeboulanger.com\\\/fr\\\/le-1er-mai-la-baguette-se-syndique\\\/#respond\"]}]},{\"@type\":\"WebPage\",\"@id\":\"https:\\\/\\\/philippeboulanger.com\\\/fr\\\/le-1er-mai-la-baguette-se-syndique\\\/\",\"url\":\"https:\\\/\\\/philippeboulanger.com\\\/fr\\\/le-1er-mai-la-baguette-se-syndique\\\/\",\"name\":\"Le 1er mai, la baguette se syndique - Philippe Boulanger\",\"isPartOf\":{\"@id\":\"https:\\\/\\\/philippeboulanger.com\\\/fr\\\/#website\"},\"primaryImageOfPage\":{\"@id\":\"https:\\\/\\\/philippeboulanger.com\\\/fr\\\/le-1er-mai-la-baguette-se-syndique\\\/#primaryimage\"},\"image\":{\"@id\":\"https:\\\/\\\/philippeboulanger.com\\\/fr\\\/le-1er-mai-la-baguette-se-syndique\\\/#primaryimage\"},\"thumbnailUrl\":\"https:\\\/\\\/philippeboulanger.com\\\/wp-content\\\/uploads\\\/2026\\\/04\\\/1er-mai-chome-Philippe-Boulanger-scaled.webp?wsr\",\"datePublished\":\"2026-04-20T05:00:00+00:00\",\"description\":\"Le d\u00e9bat sur le travail des boulangers le 1er mai r\u00e9v\u00e8le une France croustillante : entre protection sociale, volontariat, syndicats et baguette fra\u00eeche, tout le monde finit dans le p\u00e9trin.\",\"breadcrumb\":{\"@id\":\"https:\\\/\\\/philippeboulanger.com\\\/fr\\\/le-1er-mai-la-baguette-se-syndique\\\/#breadcrumb\"},\"inLanguage\":\"fr-FR\",\"potentialAction\":[{\"@type\":\"ReadAction\",\"target\":[\"https:\\\/\\\/philippeboulanger.com\\\/fr\\\/le-1er-mai-la-baguette-se-syndique\\\/\"]}]},{\"@type\":\"ImageObject\",\"inLanguage\":\"fr-FR\",\"@id\":\"https:\\\/\\\/philippeboulanger.com\\\/fr\\\/le-1er-mai-la-baguette-se-syndique\\\/#primaryimage\",\"url\":\"https:\\\/\\\/philippeboulanger.com\\\/wp-content\\\/uploads\\\/2026\\\/04\\\/1er-mai-chome-Philippe-Boulanger-scaled.webp?wsr\",\"contentUrl\":\"https:\\\/\\\/philippeboulanger.com\\\/wp-content\\\/uploads\\\/2026\\\/04\\\/1er-mai-chome-Philippe-Boulanger-scaled.webp?wsr\",\"width\":2560,\"height\":1429},{\"@type\":\"BreadcrumbList\",\"@id\":\"https:\\\/\\\/philippeboulanger.com\\\/fr\\\/le-1er-mai-la-baguette-se-syndique\\\/#breadcrumb\",\"itemListElement\":[{\"@type\":\"ListItem\",\"position\":1,\"name\":\"Home\",\"item\":\"https:\\\/\\\/philippeboulanger.com\\\/fr\\\/\"},{\"@type\":\"ListItem\",\"position\":2,\"name\":\"Le 1er mai, la baguette se syndique\"}]},{\"@type\":\"WebSite\",\"@id\":\"https:\\\/\\\/philippeboulanger.com\\\/fr\\\/#website\",\"url\":\"https:\\\/\\\/philippeboulanger.com\\\/fr\\\/\",\"name\":\"Philippe Boulanger\",\"description\":\"Global Keynote Speaker &amp; Advisor\",\"publisher\":{\"@id\":\"https:\\\/\\\/philippeboulanger.com\\\/fr\\\/#organization\"},\"potentialAction\":[{\"@type\":\"SearchAction\",\"target\":{\"@type\":\"EntryPoint\",\"urlTemplate\":\"https:\\\/\\\/philippeboulanger.com\\\/fr\\\/?s={search_term_string}\"},\"query-input\":{\"@type\":\"PropertyValueSpecification\",\"valueRequired\":true,\"valueName\":\"search_term_string\"}}],\"inLanguage\":\"fr-FR\"},{\"@type\":\"Organization\",\"@id\":\"https:\\\/\\\/philippeboulanger.com\\\/fr\\\/#organization\",\"name\":\"Philippe Boulanger - The Innovation Evangelist - Global Keynote Speaker\",\"url\":\"https:\\\/\\\/philippeboulanger.com\\\/fr\\\/\",\"logo\":{\"@type\":\"ImageObject\",\"inLanguage\":\"fr-FR\",\"@id\":\"https:\\\/\\\/philippeboulanger.com\\\/fr\\\/#\\\/schema\\\/logo\\\/image\\\/\",\"url\":\"https:\\\/\\\/philippeboulanger.com\\\/wp-content\\\/uploads\\\/2026\\\/01\\\/cropped-philippe-boulanger-favicon-2026.webp\",\"contentUrl\":\"https:\\\/\\\/philippeboulanger.com\\\/wp-content\\\/uploads\\\/2026\\\/01\\\/cropped-philippe-boulanger-favicon-2026.webp\",\"width\":512,\"height\":512,\"caption\":\"Philippe Boulanger - The Innovation Evangelist - Global Keynote Speaker\"},\"image\":{\"@id\":\"https:\\\/\\\/philippeboulanger.com\\\/fr\\\/#\\\/schema\\\/logo\\\/image\\\/\"},\"sameAs\":[\"https:\\\/\\\/www.facebook.com\\\/philippe.boulanger.official\",\"https:\\\/\\\/x.com\\\/Ph_Boulanger\",\"https:\\\/\\\/www.youtube.com\\\/@PhilippeBoulanger\",\"https:\\\/\\\/www.lespeakers.com\\\/conferencier\\\/philippe-boulanger\",\"https:\\\/\\\/www.adn-conferenciers.com\\\/conferenciers-philippe-boulanger\",\"https:\\\/\\\/www.wechamp-entreprise.co\\\/conferencier\\\/philippe-boulanger\\\/\",\"https:\\\/\\\/hyfen.fr\\\/intervenant\\\/philippe-boulanger\\\/\",\"https:\\\/\\\/okaydoc.fr\\\/philippe-boulanger-conferencier-innovation\\\/\",\"https:\\\/\\\/www.lesconferenciers.com\\\/conferencier\\\/philippe-boulanger\\\/\",\"https:\\\/\\\/simoneetnelson.com\\\/annuaire\\\/conferenciers\\\/philippe-boulanger\\\/\",\"https:\\\/\\\/myspeaker.fr\\\/conferenciers\\\/philippe-boulanger\\\/\",\"https:\\\/\\\/www.premium-communication.fr\\\/conferenciers\\\/ia-et-innovation\\\/boulanger\",\"https:\\\/\\\/www.vivavox.fr\\\/conferencier\\\/233\\\/\",\"https:\\\/\\\/www.a-speakers.fr\\\/conferencier\\\/philippe-boulanger\\\/\",\"https:\\\/\\\/www.espeakers.com\\\/marketplace\\\/profile\\\/41889\\\/philippe-boulanger\",\"https:\\\/\\\/www.dunod.com\\\/livres-philippe-boulanger-2\",\"https:\\\/\\\/www.amazon.fr\\\/stores\\\/Dr-Philippe-Boulanger\\\/author\\\/B0DD4CMFDX\",\"https:\\\/\\\/www.lecampus.online\\\/conferenciers\\\/philippe-boulanger\",\"https:\\\/\\\/www.startnplay.com\\\/personnalite\\\/conferencier\\\/phlippe-boulanger\\\/\"]},{\"@type\":\"Person\",\"@id\":\"https:\\\/\\\/philippeboulanger.com\\\/fr\\\/#\\\/schema\\\/person\\\/6bb370f9c91a64097487f01391ea335f\",\"name\":\"Philippe Boulanger\",\"image\":{\"@type\":\"ImageObject\",\"inLanguage\":\"fr-FR\",\"@id\":\"https:\\\/\\\/secure.gravatar.com\\\/avatar\\\/7e269ce6778aacfb26aa4350739359d938962ebf752aa458b862bfd78ff946c1?s=96&d=mm&r=g\",\"url\":\"https:\\\/\\\/secure.gravatar.com\\\/avatar\\\/7e269ce6778aacfb26aa4350739359d938962ebf752aa458b862bfd78ff946c1?s=96&d=mm&r=g\",\"contentUrl\":\"https:\\\/\\\/secure.gravatar.com\\\/avatar\\\/7e269ce6778aacfb26aa4350739359d938962ebf752aa458b862bfd78ff946c1?s=96&d=mm&r=g\",\"caption\":\"Philippe Boulanger\"},\"url\":\"https:\\\/\\\/philippeboulanger.com\\\/fr\\\/author\\\/boulanger-philgmail-com\\\/\"}]}<\/script>\n<!-- \/ Yoast SEO Premium plugin. -->","yoast_head_json":{"title":"Le 1er mai, la baguette se syndique - Philippe Boulanger","description":"Le d\u00e9bat sur le travail des boulangers le 1er mai r\u00e9v\u00e8le une France croustillante : entre protection sociale, volontariat, syndicats et baguette fra\u00eeche, tout le monde finit dans le p\u00e9trin.","robots":{"index":"index","follow":"follow","max-snippet":"max-snippet:-1","max-image-preview":"max-image-preview:large","max-video-preview":"max-video-preview:-1"},"canonical":"https:\/\/philippeboulanger.com\/fr\/le-1er-mai-la-baguette-se-syndique\/","og_locale":"fr_FR","og_type":"article","og_title":"Le 1er mai, la baguette se syndique","og_description":"Le d\u00e9bat sur le travail des boulangers le 1er mai r\u00e9v\u00e8le une France croustillante : entre protection sociale, volontariat, syndicats et baguette fra\u00eeche, tout le monde finit dans le p\u00e9trin.","og_url":"https:\/\/philippeboulanger.com\/fr\/le-1er-mai-la-baguette-se-syndique\/","og_site_name":"Philippe Boulanger","article_publisher":"https:\/\/www.facebook.com\/philippe.boulanger.official","article_published_time":"2026-04-20T05:00:00+00:00","og_image":[{"width":2560,"height":1429,"url":"https:\/\/philippeboulanger.com\/wp-content\/uploads\/2026\/04\/1er-mai-chome-Philippe-Boulanger-scaled.webp","type":"image\/jpeg"}],"author":"Philippe Boulanger","twitter_card":"summary_large_image","twitter_creator":"@Ph_Boulanger","twitter_site":"@Ph_Boulanger","twitter_misc":{"\u00c9crit par":"Philippe Boulanger","Dur\u00e9e de lecture estim\u00e9e":"8 minutes"},"schema":{"@context":"https:\/\/schema.org","@graph":[{"@type":"Article","@id":"https:\/\/philippeboulanger.com\/fr\/le-1er-mai-la-baguette-se-syndique\/#article","isPartOf":{"@id":"https:\/\/philippeboulanger.com\/fr\/le-1er-mai-la-baguette-se-syndique\/"},"author":{"name":"Philippe Boulanger","@id":"https:\/\/philippeboulanger.com\/fr\/#\/schema\/person\/6bb370f9c91a64097487f01391ea335f"},"headline":"Le 1er mai, la baguette se syndique","datePublished":"2026-04-20T05:00:00+00:00","mainEntityOfPage":{"@id":"https:\/\/philippeboulanger.com\/fr\/le-1er-mai-la-baguette-se-syndique\/"},"wordCount":1849,"commentCount":0,"publisher":{"@id":"https:\/\/philippeboulanger.com\/fr\/#organization"},"image":{"@id":"https:\/\/philippeboulanger.com\/fr\/le-1er-mai-la-baguette-se-syndique\/#primaryimage"},"thumbnailUrl":"https:\/\/philippeboulanger.com\/wp-content\/uploads\/2026\/04\/1er-mai-chome-Philippe-Boulanger-scaled.webp?wsr","keywords":["1er mai","artisanat","baguette","boulangerie","dialogue social","droit du travail","f\u00eate du Travail","humour","innovation sociale","syndicats","volontariat"],"articleSection":["intelligence innovationnelle\u00ae"],"inLanguage":"fr-FR","potentialAction":[{"@type":"CommentAction","name":"Comment","target":["https:\/\/philippeboulanger.com\/fr\/le-1er-mai-la-baguette-se-syndique\/#respond"]}]},{"@type":"WebPage","@id":"https:\/\/philippeboulanger.com\/fr\/le-1er-mai-la-baguette-se-syndique\/","url":"https:\/\/philippeboulanger.com\/fr\/le-1er-mai-la-baguette-se-syndique\/","name":"Le 1er mai, la baguette se syndique - Philippe Boulanger","isPartOf":{"@id":"https:\/\/philippeboulanger.com\/fr\/#website"},"primaryImageOfPage":{"@id":"https:\/\/philippeboulanger.com\/fr\/le-1er-mai-la-baguette-se-syndique\/#primaryimage"},"image":{"@id":"https:\/\/philippeboulanger.com\/fr\/le-1er-mai-la-baguette-se-syndique\/#primaryimage"},"thumbnailUrl":"https:\/\/philippeboulanger.com\/wp-content\/uploads\/2026\/04\/1er-mai-chome-Philippe-Boulanger-scaled.webp?wsr","datePublished":"2026-04-20T05:00:00+00:00","description":"Le d\u00e9bat sur le travail des boulangers le 1er mai r\u00e9v\u00e8le une France croustillante : entre protection sociale, volontariat, syndicats et baguette fra\u00eeche, tout le monde finit dans le p\u00e9trin.","breadcrumb":{"@id":"https:\/\/philippeboulanger.com\/fr\/le-1er-mai-la-baguette-se-syndique\/#breadcrumb"},"inLanguage":"fr-FR","potentialAction":[{"@type":"ReadAction","target":["https:\/\/philippeboulanger.com\/fr\/le-1er-mai-la-baguette-se-syndique\/"]}]},{"@type":"ImageObject","inLanguage":"fr-FR","@id":"https:\/\/philippeboulanger.com\/fr\/le-1er-mai-la-baguette-se-syndique\/#primaryimage","url":"https:\/\/philippeboulanger.com\/wp-content\/uploads\/2026\/04\/1er-mai-chome-Philippe-Boulanger-scaled.webp?wsr","contentUrl":"https:\/\/philippeboulanger.com\/wp-content\/uploads\/2026\/04\/1er-mai-chome-Philippe-Boulanger-scaled.webp?wsr","width":2560,"height":1429},{"@type":"BreadcrumbList","@id":"https:\/\/philippeboulanger.com\/fr\/le-1er-mai-la-baguette-se-syndique\/#breadcrumb","itemListElement":[{"@type":"ListItem","position":1,"name":"Home","item":"https:\/\/philippeboulanger.com\/fr\/"},{"@type":"ListItem","position":2,"name":"Le 1er mai, la baguette se syndique"}]},{"@type":"WebSite","@id":"https:\/\/philippeboulanger.com\/fr\/#website","url":"https:\/\/philippeboulanger.com\/fr\/","name":"Philippe Boulanger","description":"Global Keynote Speaker &amp; Advisor","publisher":{"@id":"https:\/\/philippeboulanger.com\/fr\/#organization"},"potentialAction":[{"@type":"SearchAction","target":{"@type":"EntryPoint","urlTemplate":"https:\/\/philippeboulanger.com\/fr\/?s={search_term_string}"},"query-input":{"@type":"PropertyValueSpecification","valueRequired":true,"valueName":"search_term_string"}}],"inLanguage":"fr-FR"},{"@type":"Organization","@id":"https:\/\/philippeboulanger.com\/fr\/#organization","name":"Philippe Boulanger - The Innovation Evangelist - Global Keynote Speaker","url":"https:\/\/philippeboulanger.com\/fr\/","logo":{"@type":"ImageObject","inLanguage":"fr-FR","@id":"https:\/\/philippeboulanger.com\/fr\/#\/schema\/logo\/image\/","url":"https:\/\/philippeboulanger.com\/wp-content\/uploads\/2026\/01\/cropped-philippe-boulanger-favicon-2026.webp","contentUrl":"https:\/\/philippeboulanger.com\/wp-content\/uploads\/2026\/01\/cropped-philippe-boulanger-favicon-2026.webp","width":512,"height":512,"caption":"Philippe Boulanger - The Innovation Evangelist - Global Keynote Speaker"},"image":{"@id":"https:\/\/philippeboulanger.com\/fr\/#\/schema\/logo\/image\/"},"sameAs":["https:\/\/www.facebook.com\/philippe.boulanger.official","https:\/\/x.com\/Ph_Boulanger","https:\/\/www.youtube.com\/@PhilippeBoulanger","https:\/\/www.lespeakers.com\/conferencier\/philippe-boulanger","https:\/\/www.adn-conferenciers.com\/conferenciers-philippe-boulanger","https:\/\/www.wechamp-entreprise.co\/conferencier\/philippe-boulanger\/","https:\/\/hyfen.fr\/intervenant\/philippe-boulanger\/","https:\/\/okaydoc.fr\/philippe-boulanger-conferencier-innovation\/","https:\/\/www.lesconferenciers.com\/conferencier\/philippe-boulanger\/","https:\/\/simoneetnelson.com\/annuaire\/conferenciers\/philippe-boulanger\/","https:\/\/myspeaker.fr\/conferenciers\/philippe-boulanger\/","https:\/\/www.premium-communication.fr\/conferenciers\/ia-et-innovation\/boulanger","https:\/\/www.vivavox.fr\/conferencier\/233\/","https:\/\/www.a-speakers.fr\/conferencier\/philippe-boulanger\/","https:\/\/www.espeakers.com\/marketplace\/profile\/41889\/philippe-boulanger","https:\/\/www.dunod.com\/livres-philippe-boulanger-2","https:\/\/www.amazon.fr\/stores\/Dr-Philippe-Boulanger\/author\/B0DD4CMFDX","https:\/\/www.lecampus.online\/conferenciers\/philippe-boulanger","https:\/\/www.startnplay.com\/personnalite\/conferencier\/phlippe-boulanger\/"]},{"@type":"Person","@id":"https:\/\/philippeboulanger.com\/fr\/#\/schema\/person\/6bb370f9c91a64097487f01391ea335f","name":"Philippe Boulanger","image":{"@type":"ImageObject","inLanguage":"fr-FR","@id":"https:\/\/secure.gravatar.com\/avatar\/7e269ce6778aacfb26aa4350739359d938962ebf752aa458b862bfd78ff946c1?s=96&d=mm&r=g","url":"https:\/\/secure.gravatar.com\/avatar\/7e269ce6778aacfb26aa4350739359d938962ebf752aa458b862bfd78ff946c1?s=96&d=mm&r=g","contentUrl":"https:\/\/secure.gravatar.com\/avatar\/7e269ce6778aacfb26aa4350739359d938962ebf752aa458b862bfd78ff946c1?s=96&d=mm&r=g","caption":"Philippe Boulanger"},"url":"https:\/\/philippeboulanger.com\/fr\/author\/boulanger-philgmail-com\/"}]}},"jetpack_featured_media_url":"https:\/\/philippeboulanger.com\/wp-content\/uploads\/2026\/04\/1er-mai-chome-Philippe-Boulanger-scaled.webp?wsr","jetpack_sharing_enabled":true,"_links":{"self":[{"href":"https:\/\/philippeboulanger.com\/fr\/wp-json\/wp\/v2\/posts\/15887","targetHints":{"allow":["GET"]}}],"collection":[{"href":"https:\/\/philippeboulanger.com\/fr\/wp-json\/wp\/v2\/posts"}],"about":[{"href":"https:\/\/philippeboulanger.com\/fr\/wp-json\/wp\/v2\/types\/post"}],"author":[{"embeddable":true,"href":"https:\/\/philippeboulanger.com\/fr\/wp-json\/wp\/v2\/users\/4"}],"replies":[{"embeddable":true,"href":"https:\/\/philippeboulanger.com\/fr\/wp-json\/wp\/v2\/comments?post=15887"}],"version-history":[{"count":1,"href":"https:\/\/philippeboulanger.com\/fr\/wp-json\/wp\/v2\/posts\/15887\/revisions"}],"predecessor-version":[{"id":15889,"href":"https:\/\/philippeboulanger.com\/fr\/wp-json\/wp\/v2\/posts\/15887\/revisions\/15889"}],"wp:featuredmedia":[{"embeddable":true,"href":"https:\/\/philippeboulanger.com\/fr\/wp-json\/wp\/v2\/media\/15888"}],"wp:attachment":[{"href":"https:\/\/philippeboulanger.com\/fr\/wp-json\/wp\/v2\/media?parent=15887"}],"wp:term":[{"taxonomy":"category","embeddable":true,"href":"https:\/\/philippeboulanger.com\/fr\/wp-json\/wp\/v2\/categories?post=15887"},{"taxonomy":"post_tag","embeddable":true,"href":"https:\/\/philippeboulanger.com\/fr\/wp-json\/wp\/v2\/tags?post=15887"}],"curies":[{"name":"wp","href":"https:\/\/api.w.org\/{rel}","templated":true}]}}