{"id":15906,"date":"2026-04-23T06:45:58","date_gmt":"2026-04-23T05:45:58","guid":{"rendered":"https:\/\/philippeboulanger.com\/?p=15906"},"modified":"2026-04-23T06:46:00","modified_gmt":"2026-04-23T05:46:00","slug":"lusine-ne-se-sauvera-pas-a-lembauche","status":"publish","type":"post","link":"https:\/\/philippeboulanger.com\/fr\/lusine-ne-se-sauvera-pas-a-lembauche\/","title":{"rendered":"L\u2019usine ne se sauvera pas \u00e0 l\u2019embauche"},"content":{"rendered":"\n<p>Le recrutement ne sauvera pas l\u2019industrie \u00e0 lui seul.<\/p>\n\n\n\n<p>Le d\u00e9bat public adore les solutions rassurantes. Il suffit d\u2019attirer davantage de candidats, d\u2019ouvrir plus de formations, de communiquer mieux sur les m\u00e9tiers, de fluidifier le sourcing, puis d\u2019attendre que la machine reparte.<\/p>\n\n\n\n<p>Le probl\u00e8me, c\u2019est que l\u2019\u00e9quation industrielle fran\u00e7aise a chang\u00e9 de nature.<\/p>\n\n\n\n<p>L\u2019\u00c9tat vient de pr\u00e9senter une feuille de route pour l\u2019attractivit\u00e9 et l\u2019emploi dans l\u2019industrie avec un objectif de <strong>600 000 recrutements durables d\u00e8s 2026<\/strong>, alors m\u00eame que le secteur fait face \u00e0 <strong>environ 1 million de d\u00e9parts \u00e0 la retraite d\u2019ici 2030<\/strong>. La m\u00eame communication officielle rappelle aussi <strong>220 000 projets de recrutement en 2025, dont 55 % jug\u00e9s difficiles<\/strong> (<a>DGE<\/a>, <a href=\"https:\/\/www.boursorama.com\/actualite-economique\/actualites\/un-million-de-departs-a-la-retraite-d-ici-2030-face-au-besoin-de-main-d-oeuvre-dans-l-industrie-le-gouvernement-annonce-un-plan-pour-faciliter-les-recrutements-995029c6d439a49215cd04b3fcdfa585?utm_source=philippeboulanger.com\">Boursorama<\/a>).<\/p>\n\n\n\n<p>Autrement dit, nous sommes face \u00e0 une tension de main-d\u2019\u0153uvre massive, durable, structurelle. Et dans ce type de configuration, recruter mieux reste n\u00e9cessaire, mais recruter plus ne suffit plus.<\/p>\n\n\n\n<h2 class=\"wp-block-heading\" id=\"h-oui-l-ia-et-les-robots-font-partie-de-la-solution\">Oui, l\u2019IA et les robots font partie de la solution<\/h2>\n\n\n\n<p>Encore faut-il comprendre de quelle solution on parle.<\/p>\n\n\n\n<p>Si l\u2019on voit l\u2019IA comme un gadget de bureau et la robotique comme un d\u00e9cor de salon professionnel, on restera dans l\u2019illusion technologique.<\/p>\n\n\n\n<p>Si, en revanche, on les consid\u00e8re comme des leviers d\u2019<strong>innovation de proc\u00e9d\u00e9<\/strong>, alors le sujet devient s\u00e9rieux.<\/p>\n\n\n\n<p>Dans mon livre, <strong>chapitre 14<\/strong>, j\u2019explique que deux questions permettent de s\u00e9parer les projets utiles du folklore technologique :<br><strong>1. Est-ce que l\u2019IA augmente la productivit\u00e9 et la qualit\u00e9 ?<\/strong><br><strong>2. Est-ce qu\u2019elle permet de faire maintenant ce qui \u00e9tait impossible auparavant ?<\/strong><\/p>\n\n\n\n<p>Voil\u00e0 le filtre d\u00e9cisif.<\/p>\n\n\n\n<p>Dans l\u2019industrie, il est redoutablement simple \u00e0 appliquer.<\/p>\n\n\n\n<p>Un robot qui soulage un poste p\u00e9nible, dangereux ou r\u00e9p\u00e9titif ne \u201cremplace\u201d pas seulement une t\u00e2che. Il redessine la r\u00e9partition de la valeur humaine dans l\u2019usine.<\/p>\n\n\n\n<p>Une IA qui d\u00e9tecte une d\u00e9rive machine avant la panne, qui acc\u00e9l\u00e8re le contr\u00f4le qualit\u00e9 visuel, qui assiste la planification, qui transforme des rapports techniques en savoir exploitable, qui capte la logique des experts seniors avant leur d\u00e9part \u00e0 la retraite, ne rel\u00e8ve pas d\u2019un effet de mode. Elle transforme la capacit\u00e9 de produire, d\u2019apprendre et de d\u00e9cider.<\/p>\n\n\n\n<p>L\u2019OCDE rappelle pr\u00e9cis\u00e9ment que l\u2019IA dans l\u2019industrie contribue \u00e0 la <strong>maintenance pr\u00e9dictive<\/strong>, au <strong>contr\u00f4le qualit\u00e9<\/strong>, \u00e0 la <strong>s\u00e9curit\u00e9<\/strong>, \u00e0 l\u2019optimisation des processus et \u00e0 une meilleure <strong>prise de d\u00e9cision<\/strong>. Le rapport souligne aussi que l\u2019IA peut aider \u00e0 r\u00e9pliquer la logique de d\u00e9cision des travailleurs exp\u00e9riment\u00e9s, notamment ceux proches de la retraite (<a href=\"https:\/\/www.oecd.org\/en\/publications\/progress-in-implementing-the-european-union-coordinated-plan-on-artificial-intelligence-volume-2_3ac96d41-en\/full-report\/ai-in-manufacturing_5df4a60d.html?utm_source=philippeboulanger.com\">OCDE<\/a>).<\/p>\n\n\n\n<h2 class=\"wp-block-heading\" id=\"h-le-sujet-central-n-est-pas-la-machine-mais-le-modele-industriel\">Le sujet central n\u2019est pas la machine, mais le mod\u00e8le industriel<\/h2>\n\n\n\n<p>Beaucoup d\u2019entreprises raisonnent encore comme si la p\u00e9nurie \u00e9tait un accident passager.<\/p>\n\n\n\n<p>Elle ne l\u2019est pas.<\/p>\n\n\n\n<p>Une partie des comp\u00e9tences quitte l\u2019usine.<br>Une autre devient rare.<br>Une troisi\u00e8me doit \u00eatre reconstruite plus vite que par le pass\u00e9.<br>Et pendant ce temps, les exigences de qualit\u00e9, de tra\u00e7abilit\u00e9, de souverainet\u00e9, d\u2019efficacit\u00e9 \u00e9nerg\u00e9tique et de comp\u00e9titivit\u00e9 continuent d\u2019augmenter.<\/p>\n\n\n\n<p>Dans ce contexte, persister \u00e0 traiter le probl\u00e8me uniquement par le recrutement revient \u00e0 remplir un seau perc\u00e9 sans regarder le trou.<\/p>\n\n\n\n<p>Le v\u00e9ritable enjeu est donc le suivant : <strong>comment produire plus de valeur avec moins de friction, moins de d\u00e9pendance \u00e0 des comp\u00e9tences introuvables, et davantage de r\u00e9silience op\u00e9rationnelle<\/strong> ?<\/p>\n\n\n\n<p>C\u2019est ici que l\u2019IA et la robotique deviennent strat\u00e9giques.<\/p>\n\n\n\n<p>Pas comme substituts magiques aux humains.<\/p>\n\n\n\n<p>Comme multiplicateurs de capacit\u00e9.<\/p>\n\n\n\n<h2 class=\"wp-block-heading\" id=\"h-la-france-a-besoin-d-automatisation-intelligente-pas-d-automatisation-decorative\">La France a besoin d\u2019automatisation intelligente, pas d\u2019automatisation d\u00e9corative<\/h2>\n\n\n\n<p>Les pays industriels qui avancent vite n\u2019attendent pas que le march\u00e9 du travail redevienne confortable. Ils reconfigurent leur appareil productif.<\/p>\n\n\n\n<p>Selon l\u2019IFR, la densit\u00e9 robotique mondiale dans l\u2019industrie manufacturi\u00e8re a atteint <strong>177 robots pour 10 000 employ\u00e9s en 2024<\/strong>. En Europe, elle a progress\u00e9 \u00e0 <strong>148 robots pour 10 000 employ\u00e9s<\/strong> sur la m\u00eame p\u00e9riode. L\u2019IFR souligne aussi que les gouvernements soutiennent la modernisation industrielle, mais que ces dispositifs profitent surtout aux entreprises d\u00e9j\u00e0 conscientes que la robotisation r\u00e9pond \u00e0 un probl\u00e8me r\u00e9el (<a href=\"https:\/\/ifr.org\/img\/worldrobotics\/Executive_Summary_WR_2025_Industrial_Robots.pdf?utm_source=philippeboulanger.com\">IFR<\/a>, <a href=\"https:\/\/ifr.org\/ifr-press-releases\/news\/robot-density-surges-in-europe-asia-and-americas?utm_source=philippeboulanger.com\">IFR<\/a>).<\/p>\n\n\n\n<p>Ce point est fondamental.<\/p>\n\n\n\n<p>Le retard n\u2019est pas toujours technologique.<\/p>\n\n\n\n<p>Il est souvent cognitif.<\/p>\n\n\n\n<p>Beaucoup d\u2019entreprises savent acheter une machine.<br>Beaucoup moins savent repenser le processus autour d\u2019elle.<br>Beaucoup savent lancer un pilote IA.<br>Beaucoup moins savent red\u00e9finir les r\u00f4les, les comp\u00e9tences, les flux d\u2019information et les crit\u00e8res de performance qui permettront \u00e0 ce pilote de devenir une transformation r\u00e9elle.<\/p>\n\n\n\n<p>Autrement dit, l\u2019automatisation utile suppose une maturit\u00e9 manag\u00e9riale.<\/p>\n\n\n\n<h2 class=\"wp-block-heading\" id=\"h-le-recrutement-reste-indispensable-mais-il-change-de-nature\">Le recrutement reste indispensable, mais il change de nature<\/h2>\n\n\n\n<p>Le paradoxe est l\u00e0.<\/p>\n\n\n\n<p>Plus l\u2019industrie automatise intelligemment, plus elle a encore besoin d\u2019humains.<\/p>\n\n\n\n<p>Mais pas pour les m\u00eames missions.<\/p>\n\n\n\n<p>Elle a besoin de techniciens qui supervisent.<br>D\u2019op\u00e9rateurs qui pilotent des cellules robotis\u00e9es.<br>De mainteneurs capables d\u2019interpr\u00e9ter des signaux faibles.<br>De profils hybrides entre production, data, qualit\u00e9 et terrain.<br>De managers qui comprennent que la comp\u00e9tence rare n\u2019est plus seulement l\u2019ex\u00e9cution, mais aussi l\u2019orchestration.<\/p>\n\n\n\n<p>M\u00eame la feuille de route gouvernementale le laisse entendre lorsqu\u2019elle insiste sur l\u2019<strong>\u00e9volution rapide des comp\u00e9tences attendues<\/strong>, sur l\u2019adaptation des formations, sur les m\u00e9thodes de recrutement innovantes et sur l\u2019accompagnement des PME et ETI (<a>DGE<\/a>, <a href=\"https:\/\/www.enseignementsup-recherche.gouv.fr\/fr\/le-gouvernement-presente-la-feuille-de-route-nationale-pour-l-attractivite-et-l-emploi-dans-l-101342?utm_source=philippeboulanger.com\">Enseignement sup\u00e9rieur et Recherche<\/a>).<\/p>\n\n\n\n<p>Cela signifie que le recrutement doit migrer d\u2019une logique de remplacement vers une logique de recomposition.<\/p>\n\n\n\n<p>On ne remplace pas 1 pour 1 un d\u00e9part \u00e0 la retraite dans une industrie qui se transforme.<\/p>\n\n\n\n<p>On redessine la cha\u00eene de valeur.<\/p>\n\n\n\n<h2 class=\"wp-block-heading\" id=\"h-l-erreur-la-plus-couteuse-ajouter-des-outils-sans-revoir-les-processus\">L\u2019erreur la plus co\u00fbteuse : ajouter des outils sans revoir les processus<\/h2>\n\n\n\n<p>C\u2019est ici que beaucoup d\u2019organisations se sabotent.<\/p>\n\n\n\n<p>Elles veulent l\u2019IA sans strat\u00e9gie.<br>La robotique sans redesign des flux.<br>L\u2019automatisation sans mont\u00e9e en comp\u00e9tences.<br>La modernisation sans courage de management.<\/p>\n\n\n\n<p>R\u00e9sultat : elles empilent des d\u00e9monstrateurs, ach\u00e8tent quelques licences, installent une cellule robotis\u00e9e, organisent une photo de presse, puis conservent les m\u00eames lenteurs, les m\u00eames validations absurdes, les m\u00eames silos et les m\u00eames peurs.<\/p>\n\n\n\n<p>Or une innovation de proc\u00e9d\u00e9 n\u2019a de valeur que lorsqu\u2019elle modifie r\u00e9ellement la mani\u00e8re de produire.<\/p>\n\n\n\n<p>Dans mon livre, <strong>chapitre 14<\/strong>, l\u2019id\u00e9e est claire : l\u2019IA doit servir \u00e0 red\u00e9finir la mani\u00e8re de faire les choses, et son adoption efficace suit une logique structur\u00e9e, it\u00e9rative, port\u00e9e par une vision, une \u00e9quipe d\u2019exploration et des mesures de d\u00e9ploiement.<\/p>\n\n\n\n<p>Sans cela, l\u2019outil s\u2019int\u00e8gre au d\u00e9sordre existant.<\/p>\n\n\n\n<p>Et le d\u00e9sordre gagne.<\/p>\n\n\n\n<h2 class=\"wp-block-heading\" id=\"h-le-vrai-sujet-francais-est-culturel\">Le vrai sujet fran\u00e7ais est culturel<\/h2>\n\n\n\n<p>La France ne manque pas seulement de bras.<\/p>\n\n\n\n<p>Elle manque parfois de lucidit\u00e9 sur ce qu\u2019il faut automatiser.<\/p>\n\n\n\n<p>Dans certains cas, il faut automatiser la t\u00e2che.<br>Dans d\u2019autres, il faut automatiser le flux documentaire.<br>Dans d\u2019autres encore, il faut automatiser la d\u00e9tection d\u2019anomalies, l\u2019ordonnancement, la transmission du savoir, ou la s\u00e9curit\u00e9 sur poste.<\/p>\n\n\n\n<p>Et dans un nombre non n\u00e9gligeable d\u2019entreprises, ce qu\u2019il faut automatiser d\u2019urgence, c\u2019est surtout le r\u00e9flexe mental qui consiste \u00e0 croire que l\u2019on peut r\u00e9pondre \u00e0 une mutation industrielle du XXIe si\u00e8cle avec une bo\u00eete \u00e0 outils RH du XXe.<\/p>\n\n\n\n<p>Le recrutement est un levier.<br>La formation est un levier.<br>L\u2019attractivit\u00e9 est un levier.<br>La fid\u00e9lisation est un levier.<\/p>\n\n\n\n<p>Mais la combinaison gagnante passe par une autre phrase : <strong>industrialiser autrement<\/strong>.<\/p>\n\n\n\n<p>L\u2019IA et les robots ne sont donc pas \u201cla\u201d solution.<\/p>\n\n\n\n<p>Ils font partie des solutions \u00e0 condition d\u2019\u00eatre int\u00e9gr\u00e9s dans une strat\u00e9gie de transformation des proc\u00e9d\u00e9s, des comp\u00e9tences et du management.<\/p>\n\n\n\n<p>Sinon, on recrutera plus difficilement pour alimenter un syst\u00e8me devenu trop fragile pour tenir longtemps.<\/p>\n\n\n\n<h2 class=\"wp-block-heading\" id=\"h-ce-qui-doit-changer-maintenant\">Ce qui doit changer maintenant<\/h2>\n\n\n\n<p>L\u2019industrie fran\u00e7aise ne gagnera pas la bataille des talents uniquement en promettant des postes.<\/p>\n\n\n\n<p>Elle la gagnera en prouvant qu\u2019elle sait transformer le travail.<\/p>\n\n\n\n<p>Elle la gagnera en retirant des humains les t\u00e2ches qui les usent, les exposent ou les ralentissent.<\/p>\n\n\n\n<p>Elle la gagnera en capturant le savoir avant qu\u2019il parte \u00e0 la retraite.<\/p>\n\n\n\n<p>Elle la gagnera en utilisant l\u2019IA et la robotique pour augmenter la qualit\u00e9, la s\u00e9curit\u00e9, la transmission et la capacit\u00e9 de d\u00e9cision.<\/p>\n\n\n\n<p>Elle la gagnera enfin lorsque les dirigeants comprendront qu\u2019une p\u00e9nurie de main-d\u2019\u0153uvre n\u2019est pas seulement un probl\u00e8me de recrutement.<\/p>\n\n\n\n<p>C\u2019est un signal de refonte industrielle.<\/p>\n\n\n\n<h3 class=\"wp-block-heading\" id=\"h-references\">R\u00e9f\u00e9rences<\/h3>\n\n\n\n<p>(Boursorama) = <a href=\"https:\/\/www.boursorama.com\/actualite-economique\/actualites\/un-million-de-departs-a-la-retraite-d-ici-2030-face-au-besoin-de-main-d-oeuvre-dans-l-industrie-le-gouvernement-annonce-un-plan-pour-faciliter-les-recrutements-995029c6d439a49215cd04b3fcdfa585?utm_source=philippeboulanger.com\">https:\/\/www.boursorama.com\/actualite-economique\/actualites\/un-million-de-departs-a-la-retraite-d-ici-2030-face-au-besoin-de-main-d-oeuvre-dans-l-industrie-le-gouvernement-annonce-un-plan-pour-faciliter-les-recrutements-995029c6d439a49215cd04b3fcdfa585<\/a><br>(DGE) = <a>https:\/\/www.entreprises.gouv.fr\/la-dge\/actualites\/une-feuille-de-route-nationale-pour-renforcer-lattractivite-et-lemploi-dans-industrie<\/a><br>(Minist\u00e8re de l\u2019\u00c9conomie) = <a href=\"https:\/\/presse.economie.gouv.fr\/le-gouvernement-presente-la-feuille-de-route-nationale-pour-lattractivite-et-lemploi-dans-lindustrie\/\">https:\/\/presse.economie.gouv.fr\/le-gouvernement-presente-la-feuille-de-route-nationale-pour-lattractivite-et-lemploi-dans-lindustrie\/<\/a><br>(France Travail) = <a href=\"https:\/\/www.francetravail.fr\/candidat\/decouvrir-le-marche-du-travail\/besoins-en-main-doeuvre.html?utm_source=philippeboulanger.com\">https:\/\/www.francetravail.fr\/candidat\/decouvrir-le-marche-du-travail\/besoins-en-main-doeuvre.html<\/a><br>(IFR) = <a href=\"https:\/\/ifr.org\/ifr-press-releases\/news\/robot-density-surges-in-europe-asia-and-americas?utm_source=philippeboulanger.com\">https:\/\/ifr.org\/ifr-press-releases\/news\/robot-density-surges-in-europe-asia-and-americas<\/a><br>(IFR Executive Summary) = <a href=\"https:\/\/ifr.org\/img\/worldrobotics\/Executive_Summary_WR_2025_Industrial_Robots.pdf?utm_source=philippeboulanger.com\">https:\/\/ifr.org\/img\/worldrobotics\/Executive_Summary_WR_2025_Industrial_Robots.pdf<\/a><br>(OCDE) = <a href=\"https:\/\/www.oecd.org\/en\/publications\/progress-in-implementing-the-european-union-coordinated-plan-on-artificial-intelligence-volume-2_3ac96d41-en\/full-report\/ai-in-manufacturing_5df4a60d.html?utm_source=philippeboulanger.com\">https:\/\/www.oecd.org\/en\/publications\/progress-in-implementing-the-european-union-coordinated-plan-on-artificial-intelligence-volume-2_3ac96d41-en\/full-report\/ai-in-manufacturing_5df4a60d.html<\/a><\/p>\n","protected":false},"excerpt":{"rendered":"<p>Le recrutement ne sauvera pas l\u2019industrie \u00e0 lui seul. Le d\u00e9bat public adore les solutions rassurantes. Il suffit d\u2019attirer davantage de candidats, d\u2019ouvrir plus de formations, de communiquer mieux sur les m\u00e9tiers, de fluidifier le sourcing, puis d\u2019attendre que la machine reparte. Le probl\u00e8me, c\u2019est que l\u2019\u00e9quation industrielle fran\u00e7aise a chang\u00e9 de nature. L\u2019\u00c9tat vient [&hellip;]<\/p>\n","protected":false},"author":4,"featured_media":15907,"comment_status":"open","ping_status":"open","sticky":false,"template":"","format":"standard","meta":{"_acf_changed":false,"_jetpack_memberships_contains_paid_content":false,"footnotes":""},"categories":[50],"tags":[857,391,992,122,632,125,990,286,321,989,994,124,993,991],"class_list":["post-15906","post","type-post","status-publish","format-standard","has-post-thumbnail","hentry","category-intelligence-innovationnelle","tag-automatisation","tag-competences","tag-controle-qualite","tag-industrie","tag-innovation-de-procede","tag-intelligence-artificielle","tag-maintenance-predictive","tag-productivite","tag-recrutement","tag-reindustrialisation","tag-retraite","tag-robotique","tag-souverainete-industrielle","tag-transformation-industrielle"],"acf":[],"yoast_head":"<!-- This site is optimized with the Yoast SEO Premium plugin v27.5 (Yoast SEO v27.5) - https:\/\/yoast.com\/product\/yoast-seo-premium-wordpress\/ -->\n<title>L\u2019usine ne se sauvera pas \u00e0 l\u2019embauche - Philippe Boulanger<\/title>\n<meta name=\"description\" content=\"Face \u00e0 1 million de d\u00e9parts \u00e0 la retraite d\u2019ici 2030, le recrutement ne suffira pas \u00e0 sauver l\u2019industrie. IA, robotique et innovation de proc\u00e9d\u00e9 peuvent devenir des leviers d\u00e9cisifs de productivit\u00e9, de qualit\u00e9 et de r\u00e9silience.\" \/>\n<meta name=\"robots\" content=\"index, follow, max-snippet:-1, max-image-preview:large, max-video-preview:-1\" \/>\n<link rel=\"canonical\" href=\"https:\/\/philippeboulanger.com\/fr\/lusine-ne-se-sauvera-pas-a-lembauche\/\" \/>\n<meta property=\"og:locale\" content=\"fr_FR\" \/>\n<meta property=\"og:type\" content=\"article\" \/>\n<meta property=\"og:title\" content=\"L\u2019usine ne se sauvera pas \u00e0 l\u2019embauche\" \/>\n<meta property=\"og:description\" content=\"Face \u00e0 1 million de d\u00e9parts \u00e0 la retraite d\u2019ici 2030, le recrutement ne suffira pas \u00e0 sauver l\u2019industrie. IA, robotique et innovation de proc\u00e9d\u00e9 peuvent devenir des leviers d\u00e9cisifs de productivit\u00e9, de qualit\u00e9 et de r\u00e9silience.\" \/>\n<meta property=\"og:url\" content=\"https:\/\/philippeboulanger.com\/fr\/lusine-ne-se-sauvera-pas-a-lembauche\/\" \/>\n<meta property=\"og:site_name\" content=\"Philippe Boulanger\" \/>\n<meta property=\"article:publisher\" content=\"https:\/\/www.facebook.com\/philippe.boulanger.official\" \/>\n<meta property=\"article:published_time\" content=\"2026-04-23T05:45:58+00:00\" \/>\n<meta property=\"article:modified_time\" content=\"2026-04-23T05:46:00+00:00\" \/>\n<meta property=\"og:image\" content=\"https:\/\/philippeboulanger.com\/wp-content\/uploads\/2026\/04\/Retraites-et-IA-Philippe-Boulanger-scaled.webp?wsr\" \/>\n\t<meta property=\"og:image:width\" content=\"2560\" \/>\n\t<meta property=\"og:image:height\" content=\"1429\" \/>\n\t<meta property=\"og:image:type\" content=\"image\/jpeg\" \/>\n<meta name=\"author\" content=\"Philippe Boulanger\" \/>\n<meta name=\"twitter:card\" content=\"summary_large_image\" \/>\n<meta name=\"twitter:creator\" content=\"@Ph_Boulanger\" \/>\n<meta name=\"twitter:site\" content=\"@Ph_Boulanger\" \/>\n<meta name=\"twitter:label1\" content=\"\u00c9crit par\" \/>\n\t<meta name=\"twitter:data1\" content=\"Philippe Boulanger\" \/>\n\t<meta name=\"twitter:label2\" content=\"Dur\u00e9e de lecture estim\u00e9e\" \/>\n\t<meta name=\"twitter:data2\" content=\"6 minutes\" \/>\n<script type=\"application\/ld+json\" class=\"yoast-schema-graph\">{\"@context\":\"https:\\\/\\\/schema.org\",\"@graph\":[{\"@type\":\"Article\",\"@id\":\"https:\\\/\\\/philippeboulanger.com\\\/fr\\\/lusine-ne-se-sauvera-pas-a-lembauche\\\/#article\",\"isPartOf\":{\"@id\":\"https:\\\/\\\/philippeboulanger.com\\\/fr\\\/lusine-ne-se-sauvera-pas-a-lembauche\\\/\"},\"author\":{\"name\":\"Philippe Boulanger\",\"@id\":\"https:\\\/\\\/philippeboulanger.com\\\/fr\\\/#\\\/schema\\\/person\\\/6bb370f9c91a64097487f01391ea335f\"},\"headline\":\"L\u2019usine ne se sauvera pas \u00e0 l\u2019embauche\",\"datePublished\":\"2026-04-23T05:45:58+00:00\",\"dateModified\":\"2026-04-23T05:46:00+00:00\",\"mainEntityOfPage\":{\"@id\":\"https:\\\/\\\/philippeboulanger.com\\\/fr\\\/lusine-ne-se-sauvera-pas-a-lembauche\\\/\"},\"wordCount\":1532,\"commentCount\":0,\"publisher\":{\"@id\":\"https:\\\/\\\/philippeboulanger.com\\\/fr\\\/#organization\"},\"image\":{\"@id\":\"https:\\\/\\\/philippeboulanger.com\\\/fr\\\/lusine-ne-se-sauvera-pas-a-lembauche\\\/#primaryimage\"},\"thumbnailUrl\":\"https:\\\/\\\/philippeboulanger.com\\\/wp-content\\\/uploads\\\/2026\\\/04\\\/Retraites-et-IA-Philippe-Boulanger-scaled.webp?wsr\",\"keywords\":[\"automatisation\",\"comp\u00e9tences\",\"contr\u00f4le qualit\u00e9\",\"industrie\",\"innovation de proc\u00e9d\u00e9\",\"intelligence artificielle\",\"maintenance pr\u00e9dictive\",\"productivit\u00e9\",\"recrutement\",\"r\u00e9industrialisation\",\"retraite\",\"robotique\",\"souverainet\u00e9 industrielle\",\"transformation industrielle\"],\"articleSection\":[\"intelligence innovationnelle\u00ae\"],\"inLanguage\":\"fr-FR\",\"potentialAction\":[{\"@type\":\"CommentAction\",\"name\":\"Comment\",\"target\":[\"https:\\\/\\\/philippeboulanger.com\\\/fr\\\/lusine-ne-se-sauvera-pas-a-lembauche\\\/#respond\"]}]},{\"@type\":\"WebPage\",\"@id\":\"https:\\\/\\\/philippeboulanger.com\\\/fr\\\/lusine-ne-se-sauvera-pas-a-lembauche\\\/\",\"url\":\"https:\\\/\\\/philippeboulanger.com\\\/fr\\\/lusine-ne-se-sauvera-pas-a-lembauche\\\/\",\"name\":\"L\u2019usine ne se sauvera pas \u00e0 l\u2019embauche - Philippe Boulanger\",\"isPartOf\":{\"@id\":\"https:\\\/\\\/philippeboulanger.com\\\/fr\\\/#website\"},\"primaryImageOfPage\":{\"@id\":\"https:\\\/\\\/philippeboulanger.com\\\/fr\\\/lusine-ne-se-sauvera-pas-a-lembauche\\\/#primaryimage\"},\"image\":{\"@id\":\"https:\\\/\\\/philippeboulanger.com\\\/fr\\\/lusine-ne-se-sauvera-pas-a-lembauche\\\/#primaryimage\"},\"thumbnailUrl\":\"https:\\\/\\\/philippeboulanger.com\\\/wp-content\\\/uploads\\\/2026\\\/04\\\/Retraites-et-IA-Philippe-Boulanger-scaled.webp?wsr\",\"datePublished\":\"2026-04-23T05:45:58+00:00\",\"dateModified\":\"2026-04-23T05:46:00+00:00\",\"description\":\"Face \u00e0 1 million de d\u00e9parts \u00e0 la retraite d\u2019ici 2030, le recrutement ne suffira pas \u00e0 sauver l\u2019industrie. IA, robotique et innovation de proc\u00e9d\u00e9 peuvent devenir des leviers d\u00e9cisifs de productivit\u00e9, de qualit\u00e9 et de r\u00e9silience.\",\"breadcrumb\":{\"@id\":\"https:\\\/\\\/philippeboulanger.com\\\/fr\\\/lusine-ne-se-sauvera-pas-a-lembauche\\\/#breadcrumb\"},\"inLanguage\":\"fr-FR\",\"potentialAction\":[{\"@type\":\"ReadAction\",\"target\":[\"https:\\\/\\\/philippeboulanger.com\\\/fr\\\/lusine-ne-se-sauvera-pas-a-lembauche\\\/\"]}]},{\"@type\":\"ImageObject\",\"inLanguage\":\"fr-FR\",\"@id\":\"https:\\\/\\\/philippeboulanger.com\\\/fr\\\/lusine-ne-se-sauvera-pas-a-lembauche\\\/#primaryimage\",\"url\":\"https:\\\/\\\/philippeboulanger.com\\\/wp-content\\\/uploads\\\/2026\\\/04\\\/Retraites-et-IA-Philippe-Boulanger-scaled.webp?wsr\",\"contentUrl\":\"https:\\\/\\\/philippeboulanger.com\\\/wp-content\\\/uploads\\\/2026\\\/04\\\/Retraites-et-IA-Philippe-Boulanger-scaled.webp?wsr\",\"width\":2560,\"height\":1429},{\"@type\":\"BreadcrumbList\",\"@id\":\"https:\\\/\\\/philippeboulanger.com\\\/fr\\\/lusine-ne-se-sauvera-pas-a-lembauche\\\/#breadcrumb\",\"itemListElement\":[{\"@type\":\"ListItem\",\"position\":1,\"name\":\"Home\",\"item\":\"https:\\\/\\\/philippeboulanger.com\\\/fr\\\/\"},{\"@type\":\"ListItem\",\"position\":2,\"name\":\"L\u2019usine ne se sauvera pas \u00e0 l\u2019embauche\"}]},{\"@type\":\"WebSite\",\"@id\":\"https:\\\/\\\/philippeboulanger.com\\\/fr\\\/#website\",\"url\":\"https:\\\/\\\/philippeboulanger.com\\\/fr\\\/\",\"name\":\"Philippe Boulanger\",\"description\":\"Global Keynote Speaker &amp; Advisor\",\"publisher\":{\"@id\":\"https:\\\/\\\/philippeboulanger.com\\\/fr\\\/#organization\"},\"potentialAction\":[{\"@type\":\"SearchAction\",\"target\":{\"@type\":\"EntryPoint\",\"urlTemplate\":\"https:\\\/\\\/philippeboulanger.com\\\/fr\\\/?s={search_term_string}\"},\"query-input\":{\"@type\":\"PropertyValueSpecification\",\"valueRequired\":true,\"valueName\":\"search_term_string\"}}],\"inLanguage\":\"fr-FR\"},{\"@type\":\"Organization\",\"@id\":\"https:\\\/\\\/philippeboulanger.com\\\/fr\\\/#organization\",\"name\":\"Philippe Boulanger - The Innovation Evangelist - Global Keynote Speaker\",\"url\":\"https:\\\/\\\/philippeboulanger.com\\\/fr\\\/\",\"logo\":{\"@type\":\"ImageObject\",\"inLanguage\":\"fr-FR\",\"@id\":\"https:\\\/\\\/philippeboulanger.com\\\/fr\\\/#\\\/schema\\\/logo\\\/image\\\/\",\"url\":\"https:\\\/\\\/philippeboulanger.com\\\/wp-content\\\/uploads\\\/2026\\\/01\\\/cropped-philippe-boulanger-favicon-2026.webp\",\"contentUrl\":\"https:\\\/\\\/philippeboulanger.com\\\/wp-content\\\/uploads\\\/2026\\\/01\\\/cropped-philippe-boulanger-favicon-2026.webp\",\"width\":512,\"height\":512,\"caption\":\"Philippe Boulanger - The Innovation Evangelist - Global Keynote Speaker\"},\"image\":{\"@id\":\"https:\\\/\\\/philippeboulanger.com\\\/fr\\\/#\\\/schema\\\/logo\\\/image\\\/\"},\"sameAs\":[\"https:\\\/\\\/www.facebook.com\\\/philippe.boulanger.official\",\"https:\\\/\\\/x.com\\\/Ph_Boulanger\",\"https:\\\/\\\/www.youtube.com\\\/@PhilippeBoulanger\",\"https:\\\/\\\/www.lespeakers.com\\\/conferencier\\\/philippe-boulanger\",\"https:\\\/\\\/www.adn-conferenciers.com\\\/conferenciers-philippe-boulanger\",\"https:\\\/\\\/www.wechamp-entreprise.co\\\/conferencier\\\/philippe-boulanger\\\/\",\"https:\\\/\\\/hyfen.fr\\\/intervenant\\\/philippe-boulanger\\\/\",\"https:\\\/\\\/okaydoc.fr\\\/philippe-boulanger-conferencier-innovation\\\/\",\"https:\\\/\\\/www.lesconferenciers.com\\\/conferencier\\\/philippe-boulanger\\\/\",\"https:\\\/\\\/simoneetnelson.com\\\/annuaire\\\/conferenciers\\\/philippe-boulanger\\\/\",\"https:\\\/\\\/myspeaker.fr\\\/conferenciers\\\/philippe-boulanger\\\/\",\"https:\\\/\\\/www.premium-communication.fr\\\/conferenciers\\\/ia-et-innovation\\\/boulanger\",\"https:\\\/\\\/www.vivavox.fr\\\/conferencier\\\/233\\\/\",\"https:\\\/\\\/www.a-speakers.fr\\\/conferencier\\\/philippe-boulanger\\\/\",\"https:\\\/\\\/www.espeakers.com\\\/marketplace\\\/profile\\\/41889\\\/philippe-boulanger\",\"https:\\\/\\\/www.dunod.com\\\/livres-philippe-boulanger-2\",\"https:\\\/\\\/www.amazon.fr\\\/stores\\\/Dr-Philippe-Boulanger\\\/author\\\/B0DD4CMFDX\",\"https:\\\/\\\/www.lecampus.online\\\/conferenciers\\\/philippe-boulanger\",\"https:\\\/\\\/www.startnplay.com\\\/personnalite\\\/conferencier\\\/phlippe-boulanger\\\/\"]},{\"@type\":\"Person\",\"@id\":\"https:\\\/\\\/philippeboulanger.com\\\/fr\\\/#\\\/schema\\\/person\\\/6bb370f9c91a64097487f01391ea335f\",\"name\":\"Philippe Boulanger\",\"image\":{\"@type\":\"ImageObject\",\"inLanguage\":\"fr-FR\",\"@id\":\"https:\\\/\\\/secure.gravatar.com\\\/avatar\\\/7e269ce6778aacfb26aa4350739359d938962ebf752aa458b862bfd78ff946c1?s=96&d=mm&r=g\",\"url\":\"https:\\\/\\\/secure.gravatar.com\\\/avatar\\\/7e269ce6778aacfb26aa4350739359d938962ebf752aa458b862bfd78ff946c1?s=96&d=mm&r=g\",\"contentUrl\":\"https:\\\/\\\/secure.gravatar.com\\\/avatar\\\/7e269ce6778aacfb26aa4350739359d938962ebf752aa458b862bfd78ff946c1?s=96&d=mm&r=g\",\"caption\":\"Philippe Boulanger\"},\"url\":\"https:\\\/\\\/philippeboulanger.com\\\/fr\\\/author\\\/boulanger-philgmail-com\\\/\"}]}<\/script>\n<!-- \/ Yoast SEO Premium plugin. -->","yoast_head_json":{"title":"L\u2019usine ne se sauvera pas \u00e0 l\u2019embauche - Philippe Boulanger","description":"Face \u00e0 1 million de d\u00e9parts \u00e0 la retraite d\u2019ici 2030, le recrutement ne suffira pas \u00e0 sauver l\u2019industrie. IA, robotique et innovation de proc\u00e9d\u00e9 peuvent devenir des leviers d\u00e9cisifs de productivit\u00e9, de qualit\u00e9 et de r\u00e9silience.","robots":{"index":"index","follow":"follow","max-snippet":"max-snippet:-1","max-image-preview":"max-image-preview:large","max-video-preview":"max-video-preview:-1"},"canonical":"https:\/\/philippeboulanger.com\/fr\/lusine-ne-se-sauvera-pas-a-lembauche\/","og_locale":"fr_FR","og_type":"article","og_title":"L\u2019usine ne se sauvera pas \u00e0 l\u2019embauche","og_description":"Face \u00e0 1 million de d\u00e9parts \u00e0 la retraite d\u2019ici 2030, le recrutement ne suffira pas \u00e0 sauver l\u2019industrie. IA, robotique et innovation de proc\u00e9d\u00e9 peuvent devenir des leviers d\u00e9cisifs de productivit\u00e9, de qualit\u00e9 et de r\u00e9silience.","og_url":"https:\/\/philippeboulanger.com\/fr\/lusine-ne-se-sauvera-pas-a-lembauche\/","og_site_name":"Philippe Boulanger","article_publisher":"https:\/\/www.facebook.com\/philippe.boulanger.official","article_published_time":"2026-04-23T05:45:58+00:00","article_modified_time":"2026-04-23T05:46:00+00:00","og_image":[{"width":2560,"height":1429,"url":"https:\/\/philippeboulanger.com\/wp-content\/uploads\/2026\/04\/Retraites-et-IA-Philippe-Boulanger-scaled.webp?wsr","type":"image\/jpeg"}],"author":"Philippe Boulanger","twitter_card":"summary_large_image","twitter_creator":"@Ph_Boulanger","twitter_site":"@Ph_Boulanger","twitter_misc":{"\u00c9crit par":"Philippe Boulanger","Dur\u00e9e de lecture estim\u00e9e":"6 minutes"},"schema":{"@context":"https:\/\/schema.org","@graph":[{"@type":"Article","@id":"https:\/\/philippeboulanger.com\/fr\/lusine-ne-se-sauvera-pas-a-lembauche\/#article","isPartOf":{"@id":"https:\/\/philippeboulanger.com\/fr\/lusine-ne-se-sauvera-pas-a-lembauche\/"},"author":{"name":"Philippe Boulanger","@id":"https:\/\/philippeboulanger.com\/fr\/#\/schema\/person\/6bb370f9c91a64097487f01391ea335f"},"headline":"L\u2019usine ne se sauvera pas \u00e0 l\u2019embauche","datePublished":"2026-04-23T05:45:58+00:00","dateModified":"2026-04-23T05:46:00+00:00","mainEntityOfPage":{"@id":"https:\/\/philippeboulanger.com\/fr\/lusine-ne-se-sauvera-pas-a-lembauche\/"},"wordCount":1532,"commentCount":0,"publisher":{"@id":"https:\/\/philippeboulanger.com\/fr\/#organization"},"image":{"@id":"https:\/\/philippeboulanger.com\/fr\/lusine-ne-se-sauvera-pas-a-lembauche\/#primaryimage"},"thumbnailUrl":"https:\/\/philippeboulanger.com\/wp-content\/uploads\/2026\/04\/Retraites-et-IA-Philippe-Boulanger-scaled.webp?wsr","keywords":["automatisation","comp\u00e9tences","contr\u00f4le qualit\u00e9","industrie","innovation de proc\u00e9d\u00e9","intelligence artificielle","maintenance pr\u00e9dictive","productivit\u00e9","recrutement","r\u00e9industrialisation","retraite","robotique","souverainet\u00e9 industrielle","transformation industrielle"],"articleSection":["intelligence innovationnelle\u00ae"],"inLanguage":"fr-FR","potentialAction":[{"@type":"CommentAction","name":"Comment","target":["https:\/\/philippeboulanger.com\/fr\/lusine-ne-se-sauvera-pas-a-lembauche\/#respond"]}]},{"@type":"WebPage","@id":"https:\/\/philippeboulanger.com\/fr\/lusine-ne-se-sauvera-pas-a-lembauche\/","url":"https:\/\/philippeboulanger.com\/fr\/lusine-ne-se-sauvera-pas-a-lembauche\/","name":"L\u2019usine ne se sauvera pas \u00e0 l\u2019embauche - Philippe Boulanger","isPartOf":{"@id":"https:\/\/philippeboulanger.com\/fr\/#website"},"primaryImageOfPage":{"@id":"https:\/\/philippeboulanger.com\/fr\/lusine-ne-se-sauvera-pas-a-lembauche\/#primaryimage"},"image":{"@id":"https:\/\/philippeboulanger.com\/fr\/lusine-ne-se-sauvera-pas-a-lembauche\/#primaryimage"},"thumbnailUrl":"https:\/\/philippeboulanger.com\/wp-content\/uploads\/2026\/04\/Retraites-et-IA-Philippe-Boulanger-scaled.webp?wsr","datePublished":"2026-04-23T05:45:58+00:00","dateModified":"2026-04-23T05:46:00+00:00","description":"Face \u00e0 1 million de d\u00e9parts \u00e0 la retraite d\u2019ici 2030, le recrutement ne suffira pas \u00e0 sauver l\u2019industrie. IA, robotique et innovation de proc\u00e9d\u00e9 peuvent devenir des leviers d\u00e9cisifs de productivit\u00e9, de qualit\u00e9 et de r\u00e9silience.","breadcrumb":{"@id":"https:\/\/philippeboulanger.com\/fr\/lusine-ne-se-sauvera-pas-a-lembauche\/#breadcrumb"},"inLanguage":"fr-FR","potentialAction":[{"@type":"ReadAction","target":["https:\/\/philippeboulanger.com\/fr\/lusine-ne-se-sauvera-pas-a-lembauche\/"]}]},{"@type":"ImageObject","inLanguage":"fr-FR","@id":"https:\/\/philippeboulanger.com\/fr\/lusine-ne-se-sauvera-pas-a-lembauche\/#primaryimage","url":"https:\/\/philippeboulanger.com\/wp-content\/uploads\/2026\/04\/Retraites-et-IA-Philippe-Boulanger-scaled.webp?wsr","contentUrl":"https:\/\/philippeboulanger.com\/wp-content\/uploads\/2026\/04\/Retraites-et-IA-Philippe-Boulanger-scaled.webp?wsr","width":2560,"height":1429},{"@type":"BreadcrumbList","@id":"https:\/\/philippeboulanger.com\/fr\/lusine-ne-se-sauvera-pas-a-lembauche\/#breadcrumb","itemListElement":[{"@type":"ListItem","position":1,"name":"Home","item":"https:\/\/philippeboulanger.com\/fr\/"},{"@type":"ListItem","position":2,"name":"L\u2019usine ne se sauvera pas \u00e0 l\u2019embauche"}]},{"@type":"WebSite","@id":"https:\/\/philippeboulanger.com\/fr\/#website","url":"https:\/\/philippeboulanger.com\/fr\/","name":"Philippe Boulanger","description":"Global Keynote Speaker &amp; Advisor","publisher":{"@id":"https:\/\/philippeboulanger.com\/fr\/#organization"},"potentialAction":[{"@type":"SearchAction","target":{"@type":"EntryPoint","urlTemplate":"https:\/\/philippeboulanger.com\/fr\/?s={search_term_string}"},"query-input":{"@type":"PropertyValueSpecification","valueRequired":true,"valueName":"search_term_string"}}],"inLanguage":"fr-FR"},{"@type":"Organization","@id":"https:\/\/philippeboulanger.com\/fr\/#organization","name":"Philippe Boulanger - The Innovation Evangelist - Global Keynote Speaker","url":"https:\/\/philippeboulanger.com\/fr\/","logo":{"@type":"ImageObject","inLanguage":"fr-FR","@id":"https:\/\/philippeboulanger.com\/fr\/#\/schema\/logo\/image\/","url":"https:\/\/philippeboulanger.com\/wp-content\/uploads\/2026\/01\/cropped-philippe-boulanger-favicon-2026.webp","contentUrl":"https:\/\/philippeboulanger.com\/wp-content\/uploads\/2026\/01\/cropped-philippe-boulanger-favicon-2026.webp","width":512,"height":512,"caption":"Philippe Boulanger - The Innovation Evangelist - Global Keynote Speaker"},"image":{"@id":"https:\/\/philippeboulanger.com\/fr\/#\/schema\/logo\/image\/"},"sameAs":["https:\/\/www.facebook.com\/philippe.boulanger.official","https:\/\/x.com\/Ph_Boulanger","https:\/\/www.youtube.com\/@PhilippeBoulanger","https:\/\/www.lespeakers.com\/conferencier\/philippe-boulanger","https:\/\/www.adn-conferenciers.com\/conferenciers-philippe-boulanger","https:\/\/www.wechamp-entreprise.co\/conferencier\/philippe-boulanger\/","https:\/\/hyfen.fr\/intervenant\/philippe-boulanger\/","https:\/\/okaydoc.fr\/philippe-boulanger-conferencier-innovation\/","https:\/\/www.lesconferenciers.com\/conferencier\/philippe-boulanger\/","https:\/\/simoneetnelson.com\/annuaire\/conferenciers\/philippe-boulanger\/","https:\/\/myspeaker.fr\/conferenciers\/philippe-boulanger\/","https:\/\/www.premium-communication.fr\/conferenciers\/ia-et-innovation\/boulanger","https:\/\/www.vivavox.fr\/conferencier\/233\/","https:\/\/www.a-speakers.fr\/conferencier\/philippe-boulanger\/","https:\/\/www.espeakers.com\/marketplace\/profile\/41889\/philippe-boulanger","https:\/\/www.dunod.com\/livres-philippe-boulanger-2","https:\/\/www.amazon.fr\/stores\/Dr-Philippe-Boulanger\/author\/B0DD4CMFDX","https:\/\/www.lecampus.online\/conferenciers\/philippe-boulanger","https:\/\/www.startnplay.com\/personnalite\/conferencier\/phlippe-boulanger\/"]},{"@type":"Person","@id":"https:\/\/philippeboulanger.com\/fr\/#\/schema\/person\/6bb370f9c91a64097487f01391ea335f","name":"Philippe Boulanger","image":{"@type":"ImageObject","inLanguage":"fr-FR","@id":"https:\/\/secure.gravatar.com\/avatar\/7e269ce6778aacfb26aa4350739359d938962ebf752aa458b862bfd78ff946c1?s=96&d=mm&r=g","url":"https:\/\/secure.gravatar.com\/avatar\/7e269ce6778aacfb26aa4350739359d938962ebf752aa458b862bfd78ff946c1?s=96&d=mm&r=g","contentUrl":"https:\/\/secure.gravatar.com\/avatar\/7e269ce6778aacfb26aa4350739359d938962ebf752aa458b862bfd78ff946c1?s=96&d=mm&r=g","caption":"Philippe Boulanger"},"url":"https:\/\/philippeboulanger.com\/fr\/author\/boulanger-philgmail-com\/"}]}},"jetpack_featured_media_url":"https:\/\/philippeboulanger.com\/wp-content\/uploads\/2026\/04\/Retraites-et-IA-Philippe-Boulanger-scaled.webp?wsr","jetpack_sharing_enabled":true,"_links":{"self":[{"href":"https:\/\/philippeboulanger.com\/fr\/wp-json\/wp\/v2\/posts\/15906","targetHints":{"allow":["GET"]}}],"collection":[{"href":"https:\/\/philippeboulanger.com\/fr\/wp-json\/wp\/v2\/posts"}],"about":[{"href":"https:\/\/philippeboulanger.com\/fr\/wp-json\/wp\/v2\/types\/post"}],"author":[{"embeddable":true,"href":"https:\/\/philippeboulanger.com\/fr\/wp-json\/wp\/v2\/users\/4"}],"replies":[{"embeddable":true,"href":"https:\/\/philippeboulanger.com\/fr\/wp-json\/wp\/v2\/comments?post=15906"}],"version-history":[{"count":1,"href":"https:\/\/philippeboulanger.com\/fr\/wp-json\/wp\/v2\/posts\/15906\/revisions"}],"predecessor-version":[{"id":15908,"href":"https:\/\/philippeboulanger.com\/fr\/wp-json\/wp\/v2\/posts\/15906\/revisions\/15908"}],"wp:featuredmedia":[{"embeddable":true,"href":"https:\/\/philippeboulanger.com\/fr\/wp-json\/wp\/v2\/media\/15907"}],"wp:attachment":[{"href":"https:\/\/philippeboulanger.com\/fr\/wp-json\/wp\/v2\/media?parent=15906"}],"wp:term":[{"taxonomy":"category","embeddable":true,"href":"https:\/\/philippeboulanger.com\/fr\/wp-json\/wp\/v2\/categories?post=15906"},{"taxonomy":"post_tag","embeddable":true,"href":"https:\/\/philippeboulanger.com\/fr\/wp-json\/wp\/v2\/tags?post=15906"}],"curies":[{"name":"wp","href":"https:\/\/api.w.org\/{rel}","templated":true}]}}