{"id":15912,"date":"2026-04-24T06:00:00","date_gmt":"2026-04-24T05:00:00","guid":{"rendered":"https:\/\/philippeboulanger.com\/?p=15912"},"modified":"2026-04-23T20:32:02","modified_gmt":"2026-04-23T19:32:02","slug":"leurope-na-pas-perdu-sur-le-prix-elle-a-ralenti","status":"publish","type":"post","link":"https:\/\/philippeboulanger.com\/fr\/leurope-na-pas-perdu-sur-le-prix-elle-a-ralenti\/","title":{"rendered":"L\u2019Europe n\u2019a pas perdu sur le prix. Elle a ralenti."},"content":{"rendered":"\n<h2 class=\"wp-block-heading\" id=\"h-la-panne-europeenne-n-est-pas-d-abord-industrielle-elle-est-mentale\">La panne europ\u00e9enne n\u2019est pas d\u2019abord industrielle. Elle est mentale.<\/h2>\n\n\n\n<p>Pendant longtemps, beaucoup d\u2019acteurs europ\u00e9ens ont regard\u00e9 les constructeurs chinois avec un vieux logiciel strat\u00e9gique. Celui d\u2019une concurrence fond\u00e9e surtout sur le co\u00fbt, la copie et le rattrapage.<\/p>\n\n\n\n<p>Ce logiciel est d\u00e9pass\u00e9.<\/p>\n\n\n\n<p>Le vrai basculement est ailleurs. Les constructeurs chinois progressent parce qu\u2019ils savent comprimer le temps. Ils industrialisent plus vite, testent plus vite, lancent plus vite, corrigent plus vite. L\u2019avantage concurrentiel n\u2019est plus seulement dans le co\u00fbt unitaire. Il est dans la vitesse d\u2019apprentissage. C\u2019est exactement ce que souligne l\u2019article de Boursorama en rappelant que leur force ne tient pas seulement aux salaires, mais \u00e0 l\u2019innovation, dans un contexte o\u00f9 le march\u00e9 europ\u00e9en reste affaibli et o\u00f9 les groupes historiques ont \u00e9t\u00e9 pris de court par l\u2019\u00e9lectrification. (<a href=\"https:\/\/www.boursorama.com\/actualite-economique\/actualites\/automobile-les-constructeurs-chinois-a-l-assaut-d-une-europe-affaiblie-et-en-panne-d-innovation-54c87453de927544fc0a0e48384f626c\">Boursorama<\/a>)<\/p>\n\n\n\n<p>En 2025, le march\u00e9 europ\u00e9en a bien progress\u00e9 de 1,8 % sur un an, mais l\u2019ACEA rappelle qu\u2019il reste nettement sous ses niveaux d\u2019avant pand\u00e9mie. Autrement dit, l\u2019Europe doit g\u00e9rer en m\u00eame temps une transformation technologique, une pression r\u00e9glementaire et une base de march\u00e9 encore fragilis\u00e9e. (<a href=\"https:\/\/www.acea.auto\/pc-registrations\/new-car-registrations-1-8-in-2025-battery-electric-17-4-market-share\/\">ACEA<\/a>)<\/p>\n\n\n\n<h2 class=\"wp-block-heading\" id=\"h-la-chine-execute-pendant-que-l-europe-debat\">La Chine ex\u00e9cute pendant que l\u2019Europe d\u00e9bat<\/h2>\n\n\n\n<p>Le probl\u00e8me europ\u00e9en n\u2019est donc pas de manquer d\u2019ing\u00e9nieurs. Il est de confondre la qualit\u00e9 du raisonnement avec la qualit\u00e9 de l\u2019ex\u00e9cution.<\/p>\n\n\n\n<p>Or le march\u00e9 automobile bascule \u00e0 une vitesse qui ne pardonne pas. En Europe, les v\u00e9hicules 100 % \u00e9lectriques ont repr\u00e9sent\u00e9 17,4 % des immatriculations en 2025, contre 13,6 % un an plus t\u00f4t, tandis que les hybrides ont capt\u00e9 34,5 % du march\u00e9. La transition n\u2019est plus th\u00e9orique. Elle restructure d\u00e9j\u00e0 la cha\u00eene de valeur, les logiciels embarqu\u00e9s, les batteries, les interfaces, les rythmes de d\u00e9veloppement et les arbitrages industriels. (<a href=\"https:\/\/www.acea.auto\/pc-registrations\/new-car-registrations-1-8-in-2025-battery-electric-17-4-market-share\/?utm_source=philippeboulanger.com\">ACEA<\/a>)<\/p>\n\n\n\n<p>Pendant ce temps, les marques chinoises gagnent du terrain avec m\u00e9thode. JATO Dynamics indiquait qu\u2019en mai 2025 elles avaient atteint 5,9 % des ventes sur 28 march\u00e9s europ\u00e9ens, plus du double de leur part de march\u00e9 un an plus t\u00f4t. Leur progression ne repose pas uniquement sur l\u2019\u00e9lectrique pur. Elles avancent aussi avec des hybrides rechargeables et d\u2019autres motorisations adapt\u00e9es \u00e0 la r\u00e9alit\u00e9 du march\u00e9. (<a href=\"https:\/\/www.jato.com\/resources\/media-and-press-releases\/chinese-automakers-double-european-market-share-in-may\">JATO Dynamics<\/a>)<\/p>\n\n\n\n<p>Quand une entreprise sait apprendre plus vite que ses concurrentes, elle finit par transformer sa vitesse en qualit\u00e9 per\u00e7ue, puis sa qualit\u00e9 per\u00e7ue en parts de march\u00e9.<\/p>\n\n\n\n<h2 class=\"wp-block-heading\" id=\"h-l-innovation-n-est-pas-un-discours-c-est-une-mise-en-oeuvre\">L\u2019innovation n\u2019est pas un discours. C\u2019est une mise en \u0153uvre.<\/h2>\n\n\n\n<p>Dans mon livre, je rappelle que l\u2019innovation est d\u2019abord une mise en \u0153uvre, c\u2019est-\u00e0-dire la mise en production ou la mise en exploitation d\u2019un produit, d\u2019un service ou d\u2019un proc\u00e9d\u00e9 nouveau ou sensiblement am\u00e9lior\u00e9 (mon livre, chapitre 3).<\/p>\n\n\n\n<p>Cette pr\u00e9cision change tout.<\/p>\n\n\n\n<p>L\u2019Europe adore souvent parler d\u2019innovation comme d\u2019un d\u00e9cor noble. La Chine la traite davantage comme une discipline op\u00e9rationnelle. C\u2019est moins romantique. C\u2019est beaucoup plus redoutable.<\/p>\n\n\n\n<p>Dans l\u2019automobile, la vitesse d\u2019innovation ne se mesure pas dans les discours des dirigeants ni dans les salons professionnels. Elle se mesure dans le d\u00e9lai entre l\u2019id\u00e9e, le prototype, l\u2019industrialisation, la mise \u00e0 jour logicielle, la baisse des co\u00fbts, la correction des d\u00e9fauts et l\u2019extension \u00e0 d\u2019autres mod\u00e8les.<\/p>\n\n\n\n<p>C\u2019est l\u00e0 que l\u2019\u00e9cart devient strat\u00e9gique.<\/p>\n\n\n\n<p>Volkswagen n\u2019a pas sign\u00e9 un partenariat avec XPENG pour le folklore. Le groupe allemand explique lui-m\u00eame que cette coop\u00e9ration vise le d\u00e9veloppement produit et l\u2019innovation technologique \u00e0 l\u2019\u00e9chelle. Le premier v\u00e9hicule issu de cette coop\u00e9ration est entr\u00e9 en production, avec une architecture \u00e9lectronique d\u00e9velopp\u00e9e localement pour la Chine. Quand un leader europ\u00e9en apprend ainsi au contact d\u2019un acteur chinois, le message est limpide : la circulation du savoir-faire a chang\u00e9 de sens. (<a href=\"https:\/\/www.volkswagen-group.com\/en\/press-releases\/milestone-of-in-china-for-china-strategy-first-car-developed-jointly-by-volkswagen-and-xpeng-rolls-off-the-production-line-20218\">Volkswagen Group<\/a>)<\/p>\n\n\n\n<p>Ceux qui pensaient enseigner doivent d\u00e9sormais r\u00e9apprendre.<\/p>\n\n\n\n<h2 class=\"wp-block-heading\" id=\"h-les-barrieres-ralentissent-les-flux-elles-ne-recreent-pas-l-agilite\">Les barri\u00e8res ralentissent les flux. Elles ne recr\u00e9ent pas l\u2019agilit\u00e9.<\/h2>\n\n\n\n<p>L\u2019Union europ\u00e9enne a impos\u00e9 des droits additionnels sur les v\u00e9hicules \u00e9lectriques fabriqu\u00e9s en Chine depuis 2024. En 2026, des m\u00e9canismes d\u2019exemption n\u00e9goci\u00e9e existent m\u00eame d\u00e9j\u00e0 pour certains mod\u00e8les. Cela montre une chose simple : les barri\u00e8res commerciales peuvent modifier des trajectoires, mais elles ne remplacent jamais une strat\u00e9gie industrielle. (<a href=\"https:\/\/www.reuters.com\/world\/china\/eu-tariffs-imports-china-made-evs-2026-02-11\/\">Reuters<\/a>)<\/p>\n\n\n\n<p>Les constructeurs chinois l\u2019ont tr\u00e8s bien compris. Ils localisent. Ils adaptent. Ils se rapprochent du terrain europ\u00e9en. Chery doit lancer sa production \u00e0 Barcelone en 2026 apr\u00e8s d\u00e9calage, et le groupe a parall\u00e8lement renforc\u00e9 sa pr\u00e9sence locale en Europe. BYD a aussi engag\u00e9 sa strat\u00e9gie industrielle sur le sol europ\u00e9en avec son projet hongrois. (<a href=\"https:\/\/www.reuters.com\/business\/autos-transportation\/chery-start-production-spain-this-year-after-delays-2026-02-06\/\">Reuters<\/a>, <a href=\"https:\/\/www.iaa-mobility.com\/en\/newsroom\/news\/future-technology\/byd-launches-trial-production-hungary-milestone-european-ev-manufacturing\">IAA Mobility<\/a>, <a href=\"https:\/\/www.cheryinternational.com\/pc\/news\/news1\/20260420\/detail-2575.shtml\">Chery International<\/a>)<\/p>\n\n\n\n<p>Autrement dit, quand une porte se ferme, ils avancent par une autre. Usines, hubs, R&amp;D locale, partenariats, nouvelles cha\u00eenes d\u2019approvisionnement : ils ne se contentent pas d\u2019exporter des voitures. Ils installent un syst\u00e8me.<\/p>\n\n\n\n<h2 class=\"wp-block-heading\" id=\"h-le-vrai-frein-europeen-porte-un-nom-peu-flatteur-l-inertie\">Le vrai frein europ\u00e9en porte un nom peu flatteur : l\u2019inertie<\/h2>\n\n\n\n<p>Beaucoup d\u2019entreprises europ\u00e9ennes sont encore g\u00e9r\u00e9es comme si leur principal capital comp\u00e9titif \u00e9tait l\u2019h\u00e9ritage.<\/p>\n\n\n\n<p>Or l\u2019h\u00e9ritage ne prot\u00e8ge pas d\u2019une bascule. Il peut m\u00eame la retarder.<\/p>\n\n\n\n<p>McKinsey soulignait encore en 2025 que la faible rentabilit\u00e9 d\u2019une partie de l\u2019\u00e9cosyst\u00e8me automobile europ\u00e9en compliquait le financement de la transformation, notamment pour les plus petits acteurs. C\u2019est un cercle dangereux : moins de marge, donc moins de capacit\u00e9 d\u2019investissement, donc transformation plus lente, donc affaiblissement comp\u00e9titif. (<a href=\"https:\/\/www.mckinsey.com\/industries\/automotive-and-assembly\/our-insights\/european-automotive-industry-what-it-takes-to-regain-competitiveness\">McKinsey<\/a>)<\/p>\n\n\n\n<p>Mais r\u00e9duire le sujet \u00e0 une question d\u2019argent serait trop confortable.<\/p>\n\n\n\n<p>Une organisation peut avoir du capital et rester lente. Une autre peut \u00eatre sous pression et rester rapide. Ce qui d\u00e9partage les deux, c\u2019est le rapport au temps, \u00e0 l\u2019exp\u00e9rimentation, au pouvoir de d\u00e9cision et au droit de corriger en cours de route.<\/p>\n\n\n\n<p>Dans mon livre, j\u2019insiste aussi sur le fait que le statu quo agit comme un pi\u00e8ge puissant dans les organisations, surtout quand les habitudes, les routines et la culture rendent la remise en question inconfortable (mon livre, chapitre 6).<\/p>\n\n\n\n<p>C\u2019est pr\u00e9cis\u00e9ment l\u00e0 que l\u2019Europe doit se regarder lucidement.<\/p>\n\n\n\n<p>Le probl\u00e8me n\u2019est pas seulement d\u2019avoir rat\u00e9 une partie du virage \u00e9lectrique.<\/p>\n\n\n\n<p>Le probl\u00e8me est d\u2019avoir laiss\u00e9 prosp\u00e9rer un management du d\u00e9lai.<br>On reporte.<br>On aligne.<br>On consulte.<br>On rassure.<br>On prot\u00e8ge l\u2019existant.<br>Puis on d\u00e9couvre que le march\u00e9, lui, n\u2019a pas attendu.<\/p>\n\n\n\n<h2 class=\"wp-block-heading\" id=\"h-la-vitesse-d-innovation-est-devenue-une-competence-de-survie\">La vitesse d\u2019innovation est devenue une comp\u00e9tence de survie<\/h2>\n\n\n\n<p>Dans une industrie bascul\u00e9e par l\u2019\u00e9lectrification, le logiciel, l\u2019\u00e9lectronique embarqu\u00e9e et l\u2019intelligence artificielle, la vitesse n\u2019est plus un luxe. C\u2019est une capacit\u00e9 vitale.<\/p>\n\n\n\n<p>Cela ne veut pas dire faire n\u2019importe quoi plus vite.<\/p>\n\n\n\n<p>Cela veut dire :<br>d\u00e9cider plus vite sans sacrifier la rigueur,<br>exp\u00e9rimenter plus t\u00f4t,<br>industrialiser sans inertie politique,<br>accepter de corriger au lieu de d\u00e9fendre l\u2019ind\u00e9fendable,<br>et faire circuler les apprentissages au lieu de les enterrer dans des silos.<\/p>\n\n\n\n<p>La rapidit\u00e9 chinoise n\u2019est pas magique. Elle repose sur une cha\u00eene coh\u00e9rente entre ambition, ex\u00e9cution, apprentissage et adaptation. Quand cette cha\u00eene fonctionne, elle finit par produire un avantage que les concurrents vivent comme une surprise. En r\u00e9alit\u00e9, ce n\u2019est pas une surprise. C\u2019est le r\u00e9sultat logique d\u2019une discipline mieux articul\u00e9e.<\/p>\n\n\n\n<h2 class=\"wp-block-heading\" id=\"h-l-europe-peut-encore-repondre-a-une-condition\">L\u2019Europe peut encore r\u00e9pondre. \u00c0 une condition.<\/h2>\n\n\n\n<p>La bonne r\u00e9ponse europ\u00e9enne ne consiste pas \u00e0 r\u00e9citer la grandeur pass\u00e9e de son industrie automobile. Elle consiste \u00e0 reconstruire une machine de transformation cr\u00e9dible.<\/p>\n\n\n\n<p>Pas une machine \u00e0 communiquer.<br>Pas une machine \u00e0 commenter.<br>Une machine \u00e0 ex\u00e9cuter.<\/p>\n\n\n\n<p>Cela suppose de revoir plusieurs r\u00e9flexes :<br>la place des logiciels dans le produit,<br>la vitesse des cycles de d\u00e9cision,<br>la simplification des organisations,<br>le poids des h\u00e9ritages internes,<br>la relation entre innovation, production et commercialisation.<\/p>\n\n\n\n<p>Le sujet n\u2019est plus de d\u00e9fendre l\u2019ancien monde avec davantage d\u2019arguments.<\/p>\n\n\n\n<p>Le sujet est d\u2019apprendre \u00e0 fabriquer le suivant plus vite que les autres.<\/p>\n\n\n\n<p>Et c\u2019est l\u00e0 que beaucoup d\u2019entreprises vont d\u00e9couvrir une v\u00e9rit\u00e9 d\u00e9sagr\u00e9able : dans un march\u00e9 qui change brutalement, un organigramme lent co\u00fbte parfois plus cher qu\u2019une mauvaise technologie.<\/p>\n\n\n\n<h2 class=\"wp-block-heading\" id=\"h-ce-qui-se-joue-depasse-l-automobile\">Ce qui se joue d\u00e9passe l\u2019automobile<\/h2>\n\n\n\n<p>L\u2019automobile n\u2019est qu\u2019un miroir grossissant.<\/p>\n\n\n\n<p>Ce que nous voyons ici vaut pour d\u2019autres secteurs : \u00e9nergie, industrie, \u00e9lectronique, sant\u00e9, logistique, services.<\/p>\n\n\n\n<p>\u00c0 chaque fois, la m\u00eame question revient : qui apprend le plus vite sous contrainte ?<\/p>\n\n\n\n<p>Le gagnant n\u2019est plus seulement celui qui invente.<br>Le gagnant est celui qui transforme plus vite une id\u00e9e en r\u00e9alit\u00e9 robuste.<\/p>\n\n\n\n<p>C\u2019est pr\u00e9cis\u00e9ment pourquoi la vitesse d\u2019innovation devient un indicateur plus strat\u00e9gique que le simple volume d\u2019investissement ou la force historique d\u2019une marque.<\/p>\n\n\n\n<p>Une entreprise lente peut encore impressionner.<br>Une entreprise rapide finit par d\u00e9placer le march\u00e9.<\/p>\n\n\n\n<h2 class=\"wp-block-heading\" id=\"h-references\">R\u00e9f\u00e9rences<\/h2>\n\n\n\n<p>(Boursorama) = <a href=\"https:\/\/www.boursorama.com\/actualite-economique\/actualites\/automobile-les-constructeurs-chinois-a-l-assaut-d-une-europe-affaiblie-et-en-panne-d-innovation-54c87453de927544fc0a0e48384f626c?utm_source=philippeboulanger.com\">https:\/\/www.boursorama.com\/actualite-economique\/actualites\/automobile-les-constructeurs-chinois-a-l-assaut-d-une-europe-affaiblie-et-en-panne-d-innovation-54c87453de927544fc0a0e48384f626c<\/a><br>(ACEA) = <a href=\"https:\/\/www.acea.auto\/pc-registrations\/new-car-registrations-1-8-in-2025-battery-electric-17-4-market-share\/?utm_source=philippeboulanger.com\">https:\/\/www.acea.auto\/pc-registrations\/new-car-registrations-1-8-in-2025-battery-electric-17-4-market-share\/<\/a><br>(JATO Dynamics) = <a href=\"https:\/\/www.jato.com\/resources\/media-and-press-releases\/chinese-automakers-double-european-market-share-in-may?utm_source=philippeboulanger.com\">https:\/\/www.jato.com\/resources\/media-and-press-releases\/chinese-automakers-double-european-market-share-in-may<\/a><br>(Volkswagen Group) = <a href=\"https:\/\/www.volkswagen-group.com\/en\/press-releases\/milestone-of-in-china-for-china-strategy-first-car-developed-jointly-by-volkswagen-and-xpeng-rolls-off-the-production-line-20218?utm_source=philippeboulanger.com\">https:\/\/www.volkswagen-group.com\/en\/press-releases\/milestone-of-in-china-for-china-strategy-first-car-developed-jointly-by-volkswagen-and-xpeng-rolls-off-the-production-line-20218<\/a><br>(Reuters) = <a href=\"https:\/\/www.reuters.com\/world\/china\/eu-tariffs-imports-china-made-evs-2026-02-11\/?utm_source=philippeboulanger.com\">https:\/\/www.reuters.com\/world\/china\/eu-tariffs-imports-china-made-evs-2026-02-11\/<\/a><br>(Reuters) = <a href=\"https:\/\/www.reuters.com\/business\/autos-transportation\/chery-start-production-spain-this-year-after-delays-2026-02-06\/?utm_source=philippeboulanger.com\">https:\/\/www.reuters.com\/business\/autos-transportation\/chery-start-production-spain-this-year-after-delays-2026-02-06\/<\/a><br>(IAA Mobility) = <a href=\"https:\/\/www.iaa-mobility.com\/en\/newsroom\/news\/future-technology\/byd-launches-trial-production-hungary-milestone-european-ev-manufacturing?utm_source=philippeboulanger.com\">https:\/\/www.iaa-mobility.com\/en\/newsroom\/news\/future-technology\/byd-launches-trial-production-hungary-milestone-european-ev-manufacturing<\/a><br>(Chery International) = <a href=\"https:\/\/www.cheryinternational.com\/pc\/news\/news1\/20260420\/detail-2575.shtml?utm_source=philippeboulanger.com\">https:\/\/www.cheryinternational.com\/pc\/news\/news1\/20260420\/detail-2575.shtml<\/a><br>(McKinsey) = <a href=\"https:\/\/www.mckinsey.com\/industries\/automotive-and-assembly\/our-insights\/european-automotive-industry-what-it-takes-to-regain-competitiveness?utm_source=philippeboulanger.com\">https:\/\/www.mckinsey.com\/industries\/automotive-and-assembly\/our-insights\/european-automotive-industry-what-it-takes-to-regain-competitiveness<\/a><\/p>\n","protected":false},"excerpt":{"rendered":"<p>La panne europ\u00e9enne n\u2019est pas d\u2019abord industrielle. Elle est mentale. Pendant longtemps, beaucoup d\u2019acteurs europ\u00e9ens ont regard\u00e9 les constructeurs chinois avec un vieux logiciel strat\u00e9gique. Celui d\u2019une concurrence fond\u00e9e surtout sur le co\u00fbt, la copie et le rattrapage. Ce logiciel est d\u00e9pass\u00e9. Le vrai basculement est ailleurs. Les constructeurs chinois progressent parce qu\u2019ils savent comprimer [&hellip;]<\/p>\n","protected":false},"author":4,"featured_media":15913,"comment_status":"open","ping_status":"open","sticky":false,"template":"","format":"standard","meta":{"_acf_changed":false,"_jetpack_memberships_contains_paid_content":false,"footnotes":""},"categories":[50],"tags":[120,1006,1007,841,1009,678,114,1002,69,325,75,991,1004,1003,1005,1008],"class_list":["post-15912","post","type-post","status-publish","format-standard","has-post-thumbnail","hentry","category-intelligence-innovationnelle","tag-automobile","tag-byd","tag-chery","tag-chine","tag-competitivite","tag-europe","tag-execution","tag-industrie-automobile","tag-innovation","tag-management","tag-strategie","tag-transformation-industrielle","tag-vehicules-electriques","tag-vitesse-dinnovation","tag-volkswagen","tag-xpeng"],"acf":[],"yoast_head":"<!-- This site is optimized with the Yoast SEO Premium plugin v27.5 (Yoast SEO v27.5) - https:\/\/yoast.com\/product\/yoast-seo-premium-wordpress\/ -->\n<title>L\u2019Europe n\u2019a pas perdu sur le prix. Elle a ralenti. - Philippe Boulanger<\/title>\n<meta name=\"description\" content=\"Les constructeurs chinois ne gagnent plus seulement par les co\u00fbts. Ils avancent gr\u00e2ce \u00e0 la vitesse d\u2019innovation, \u00e0 l\u2019ex\u00e9cution et \u00e0 l\u2019apprentissage industriel. Voici pourquoi l\u2019Europe ralentit et comment elle peut encore r\u00e9pondre.\" \/>\n<meta name=\"robots\" content=\"index, follow, max-snippet:-1, max-image-preview:large, max-video-preview:-1\" \/>\n<link rel=\"canonical\" href=\"https:\/\/philippeboulanger.com\/fr\/leurope-na-pas-perdu-sur-le-prix-elle-a-ralenti\/\" \/>\n<meta property=\"og:locale\" content=\"fr_FR\" \/>\n<meta property=\"og:type\" content=\"article\" \/>\n<meta property=\"og:title\" content=\"L\u2019Europe n\u2019a pas perdu sur le prix. Elle a ralenti.\" \/>\n<meta property=\"og:description\" content=\"Les constructeurs chinois ne gagnent plus seulement par les co\u00fbts. Ils avancent gr\u00e2ce \u00e0 la vitesse d\u2019innovation, \u00e0 l\u2019ex\u00e9cution et \u00e0 l\u2019apprentissage industriel. Voici pourquoi l\u2019Europe ralentit et comment elle peut encore r\u00e9pondre.\" \/>\n<meta property=\"og:url\" content=\"https:\/\/philippeboulanger.com\/fr\/leurope-na-pas-perdu-sur-le-prix-elle-a-ralenti\/\" \/>\n<meta property=\"og:site_name\" content=\"Philippe Boulanger\" \/>\n<meta property=\"article:publisher\" content=\"https:\/\/www.facebook.com\/philippe.boulanger.official\" \/>\n<meta property=\"article:published_time\" content=\"2026-04-24T05:00:00+00:00\" \/>\n<meta property=\"og:image\" content=\"https:\/\/philippeboulanger.com\/wp-content\/uploads\/2026\/04\/Chinese-vs-Europe-automobile-Philippe-Boulanger-scaled.webp\" \/>\n\t<meta property=\"og:image:width\" content=\"2560\" \/>\n\t<meta property=\"og:image:height\" content=\"1429\" \/>\n\t<meta property=\"og:image:type\" content=\"image\/jpeg\" \/>\n<meta name=\"author\" content=\"Philippe Boulanger\" \/>\n<meta name=\"twitter:card\" content=\"summary_large_image\" \/>\n<meta name=\"twitter:creator\" content=\"@Ph_Boulanger\" \/>\n<meta name=\"twitter:site\" content=\"@Ph_Boulanger\" \/>\n<meta name=\"twitter:label1\" content=\"\u00c9crit par\" \/>\n\t<meta name=\"twitter:data1\" content=\"Philippe Boulanger\" \/>\n\t<meta name=\"twitter:label2\" content=\"Dur\u00e9e de lecture estim\u00e9e\" \/>\n\t<meta name=\"twitter:data2\" content=\"7 minutes\" \/>\n<script type=\"application\/ld+json\" class=\"yoast-schema-graph\">{\"@context\":\"https:\\\/\\\/schema.org\",\"@graph\":[{\"@type\":\"Article\",\"@id\":\"https:\\\/\\\/philippeboulanger.com\\\/fr\\\/leurope-na-pas-perdu-sur-le-prix-elle-a-ralenti\\\/#article\",\"isPartOf\":{\"@id\":\"https:\\\/\\\/philippeboulanger.com\\\/fr\\\/leurope-na-pas-perdu-sur-le-prix-elle-a-ralenti\\\/\"},\"author\":{\"name\":\"Philippe Boulanger\",\"@id\":\"https:\\\/\\\/philippeboulanger.com\\\/fr\\\/#\\\/schema\\\/person\\\/6bb370f9c91a64097487f01391ea335f\"},\"headline\":\"L\u2019Europe n\u2019a pas perdu sur le prix. Elle a ralenti.\",\"datePublished\":\"2026-04-24T05:00:00+00:00\",\"mainEntityOfPage\":{\"@id\":\"https:\\\/\\\/philippeboulanger.com\\\/fr\\\/leurope-na-pas-perdu-sur-le-prix-elle-a-ralenti\\\/\"},\"wordCount\":1644,\"commentCount\":0,\"publisher\":{\"@id\":\"https:\\\/\\\/philippeboulanger.com\\\/fr\\\/#organization\"},\"image\":{\"@id\":\"https:\\\/\\\/philippeboulanger.com\\\/fr\\\/leurope-na-pas-perdu-sur-le-prix-elle-a-ralenti\\\/#primaryimage\"},\"thumbnailUrl\":\"https:\\\/\\\/philippeboulanger.com\\\/wp-content\\\/uploads\\\/2026\\\/04\\\/Chinese-vs-Europe-automobile-Philippe-Boulanger-scaled.webp?wsr\",\"keywords\":[\"automobile\",\"BYD\",\"Chery\",\"Chine\",\"comp\u00e9titivit\u00e9\",\"Europe\",\"ex\u00e9cution\",\"industrie automobile\",\"innovation\",\"management\",\"strat\u00e9gie\",\"transformation industrielle\",\"v\u00e9hicules \u00e9lectriques\",\"vitesse d\u2019innovation\",\"Volkswagen\",\"XPENG\"],\"articleSection\":[\"intelligence innovationnelle\u00ae\"],\"inLanguage\":\"fr-FR\",\"potentialAction\":[{\"@type\":\"CommentAction\",\"name\":\"Comment\",\"target\":[\"https:\\\/\\\/philippeboulanger.com\\\/fr\\\/leurope-na-pas-perdu-sur-le-prix-elle-a-ralenti\\\/#respond\"]}]},{\"@type\":\"WebPage\",\"@id\":\"https:\\\/\\\/philippeboulanger.com\\\/fr\\\/leurope-na-pas-perdu-sur-le-prix-elle-a-ralenti\\\/\",\"url\":\"https:\\\/\\\/philippeboulanger.com\\\/fr\\\/leurope-na-pas-perdu-sur-le-prix-elle-a-ralenti\\\/\",\"name\":\"L\u2019Europe n\u2019a pas perdu sur le prix. Elle a ralenti. - Philippe Boulanger\",\"isPartOf\":{\"@id\":\"https:\\\/\\\/philippeboulanger.com\\\/fr\\\/#website\"},\"primaryImageOfPage\":{\"@id\":\"https:\\\/\\\/philippeboulanger.com\\\/fr\\\/leurope-na-pas-perdu-sur-le-prix-elle-a-ralenti\\\/#primaryimage\"},\"image\":{\"@id\":\"https:\\\/\\\/philippeboulanger.com\\\/fr\\\/leurope-na-pas-perdu-sur-le-prix-elle-a-ralenti\\\/#primaryimage\"},\"thumbnailUrl\":\"https:\\\/\\\/philippeboulanger.com\\\/wp-content\\\/uploads\\\/2026\\\/04\\\/Chinese-vs-Europe-automobile-Philippe-Boulanger-scaled.webp?wsr\",\"datePublished\":\"2026-04-24T05:00:00+00:00\",\"description\":\"Les constructeurs chinois ne gagnent plus seulement par les co\u00fbts. Ils avancent gr\u00e2ce \u00e0 la vitesse d\u2019innovation, \u00e0 l\u2019ex\u00e9cution et \u00e0 l\u2019apprentissage industriel. Voici pourquoi l\u2019Europe ralentit et comment elle peut encore r\u00e9pondre.\",\"breadcrumb\":{\"@id\":\"https:\\\/\\\/philippeboulanger.com\\\/fr\\\/leurope-na-pas-perdu-sur-le-prix-elle-a-ralenti\\\/#breadcrumb\"},\"inLanguage\":\"fr-FR\",\"potentialAction\":[{\"@type\":\"ReadAction\",\"target\":[\"https:\\\/\\\/philippeboulanger.com\\\/fr\\\/leurope-na-pas-perdu-sur-le-prix-elle-a-ralenti\\\/\"]}]},{\"@type\":\"ImageObject\",\"inLanguage\":\"fr-FR\",\"@id\":\"https:\\\/\\\/philippeboulanger.com\\\/fr\\\/leurope-na-pas-perdu-sur-le-prix-elle-a-ralenti\\\/#primaryimage\",\"url\":\"https:\\\/\\\/philippeboulanger.com\\\/wp-content\\\/uploads\\\/2026\\\/04\\\/Chinese-vs-Europe-automobile-Philippe-Boulanger-scaled.webp?wsr\",\"contentUrl\":\"https:\\\/\\\/philippeboulanger.com\\\/wp-content\\\/uploads\\\/2026\\\/04\\\/Chinese-vs-Europe-automobile-Philippe-Boulanger-scaled.webp?wsr\",\"width\":2560,\"height\":1429},{\"@type\":\"BreadcrumbList\",\"@id\":\"https:\\\/\\\/philippeboulanger.com\\\/fr\\\/leurope-na-pas-perdu-sur-le-prix-elle-a-ralenti\\\/#breadcrumb\",\"itemListElement\":[{\"@type\":\"ListItem\",\"position\":1,\"name\":\"Home\",\"item\":\"https:\\\/\\\/philippeboulanger.com\\\/fr\\\/\"},{\"@type\":\"ListItem\",\"position\":2,\"name\":\"L\u2019Europe n\u2019a pas perdu sur le prix. Elle a ralenti.\"}]},{\"@type\":\"WebSite\",\"@id\":\"https:\\\/\\\/philippeboulanger.com\\\/fr\\\/#website\",\"url\":\"https:\\\/\\\/philippeboulanger.com\\\/fr\\\/\",\"name\":\"Philippe Boulanger\",\"description\":\"Global Keynote Speaker &amp; Advisor\",\"publisher\":{\"@id\":\"https:\\\/\\\/philippeboulanger.com\\\/fr\\\/#organization\"},\"potentialAction\":[{\"@type\":\"SearchAction\",\"target\":{\"@type\":\"EntryPoint\",\"urlTemplate\":\"https:\\\/\\\/philippeboulanger.com\\\/fr\\\/?s={search_term_string}\"},\"query-input\":{\"@type\":\"PropertyValueSpecification\",\"valueRequired\":true,\"valueName\":\"search_term_string\"}}],\"inLanguage\":\"fr-FR\"},{\"@type\":\"Organization\",\"@id\":\"https:\\\/\\\/philippeboulanger.com\\\/fr\\\/#organization\",\"name\":\"Philippe Boulanger - The Innovation Evangelist - Global Keynote Speaker\",\"url\":\"https:\\\/\\\/philippeboulanger.com\\\/fr\\\/\",\"logo\":{\"@type\":\"ImageObject\",\"inLanguage\":\"fr-FR\",\"@id\":\"https:\\\/\\\/philippeboulanger.com\\\/fr\\\/#\\\/schema\\\/logo\\\/image\\\/\",\"url\":\"https:\\\/\\\/philippeboulanger.com\\\/wp-content\\\/uploads\\\/2026\\\/01\\\/cropped-philippe-boulanger-favicon-2026.webp\",\"contentUrl\":\"https:\\\/\\\/philippeboulanger.com\\\/wp-content\\\/uploads\\\/2026\\\/01\\\/cropped-philippe-boulanger-favicon-2026.webp\",\"width\":512,\"height\":512,\"caption\":\"Philippe Boulanger - The Innovation Evangelist - Global Keynote Speaker\"},\"image\":{\"@id\":\"https:\\\/\\\/philippeboulanger.com\\\/fr\\\/#\\\/schema\\\/logo\\\/image\\\/\"},\"sameAs\":[\"https:\\\/\\\/www.facebook.com\\\/philippe.boulanger.official\",\"https:\\\/\\\/x.com\\\/Ph_Boulanger\",\"https:\\\/\\\/www.youtube.com\\\/@PhilippeBoulanger\",\"https:\\\/\\\/www.lespeakers.com\\\/conferencier\\\/philippe-boulanger\",\"https:\\\/\\\/www.adn-conferenciers.com\\\/conferenciers-philippe-boulanger\",\"https:\\\/\\\/www.wechamp-entreprise.co\\\/conferencier\\\/philippe-boulanger\\\/\",\"https:\\\/\\\/hyfen.fr\\\/intervenant\\\/philippe-boulanger\\\/\",\"https:\\\/\\\/okaydoc.fr\\\/philippe-boulanger-conferencier-innovation\\\/\",\"https:\\\/\\\/www.lesconferenciers.com\\\/conferencier\\\/philippe-boulanger\\\/\",\"https:\\\/\\\/simoneetnelson.com\\\/annuaire\\\/conferenciers\\\/philippe-boulanger\\\/\",\"https:\\\/\\\/myspeaker.fr\\\/conferenciers\\\/philippe-boulanger\\\/\",\"https:\\\/\\\/www.premium-communication.fr\\\/conferenciers\\\/ia-et-innovation\\\/boulanger\",\"https:\\\/\\\/www.vivavox.fr\\\/conferencier\\\/233\\\/\",\"https:\\\/\\\/www.a-speakers.fr\\\/conferencier\\\/philippe-boulanger\\\/\",\"https:\\\/\\\/www.espeakers.com\\\/marketplace\\\/profile\\\/41889\\\/philippe-boulanger\",\"https:\\\/\\\/www.dunod.com\\\/livres-philippe-boulanger-2\",\"https:\\\/\\\/www.amazon.fr\\\/stores\\\/Dr-Philippe-Boulanger\\\/author\\\/B0DD4CMFDX\",\"https:\\\/\\\/www.lecampus.online\\\/conferenciers\\\/philippe-boulanger\",\"https:\\\/\\\/www.startnplay.com\\\/personnalite\\\/conferencier\\\/phlippe-boulanger\\\/\"]},{\"@type\":\"Person\",\"@id\":\"https:\\\/\\\/philippeboulanger.com\\\/fr\\\/#\\\/schema\\\/person\\\/6bb370f9c91a64097487f01391ea335f\",\"name\":\"Philippe Boulanger\",\"image\":{\"@type\":\"ImageObject\",\"inLanguage\":\"fr-FR\",\"@id\":\"https:\\\/\\\/secure.gravatar.com\\\/avatar\\\/7e269ce6778aacfb26aa4350739359d938962ebf752aa458b862bfd78ff946c1?s=96&d=mm&r=g\",\"url\":\"https:\\\/\\\/secure.gravatar.com\\\/avatar\\\/7e269ce6778aacfb26aa4350739359d938962ebf752aa458b862bfd78ff946c1?s=96&d=mm&r=g\",\"contentUrl\":\"https:\\\/\\\/secure.gravatar.com\\\/avatar\\\/7e269ce6778aacfb26aa4350739359d938962ebf752aa458b862bfd78ff946c1?s=96&d=mm&r=g\",\"caption\":\"Philippe Boulanger\"},\"url\":\"https:\\\/\\\/philippeboulanger.com\\\/fr\\\/author\\\/boulanger-philgmail-com\\\/\"}]}<\/script>\n<!-- \/ Yoast SEO Premium plugin. -->","yoast_head_json":{"title":"L\u2019Europe n\u2019a pas perdu sur le prix. Elle a ralenti. - Philippe Boulanger","description":"Les constructeurs chinois ne gagnent plus seulement par les co\u00fbts. Ils avancent gr\u00e2ce \u00e0 la vitesse d\u2019innovation, \u00e0 l\u2019ex\u00e9cution et \u00e0 l\u2019apprentissage industriel. Voici pourquoi l\u2019Europe ralentit et comment elle peut encore r\u00e9pondre.","robots":{"index":"index","follow":"follow","max-snippet":"max-snippet:-1","max-image-preview":"max-image-preview:large","max-video-preview":"max-video-preview:-1"},"canonical":"https:\/\/philippeboulanger.com\/fr\/leurope-na-pas-perdu-sur-le-prix-elle-a-ralenti\/","og_locale":"fr_FR","og_type":"article","og_title":"L\u2019Europe n\u2019a pas perdu sur le prix. Elle a ralenti.","og_description":"Les constructeurs chinois ne gagnent plus seulement par les co\u00fbts. Ils avancent gr\u00e2ce \u00e0 la vitesse d\u2019innovation, \u00e0 l\u2019ex\u00e9cution et \u00e0 l\u2019apprentissage industriel. Voici pourquoi l\u2019Europe ralentit et comment elle peut encore r\u00e9pondre.","og_url":"https:\/\/philippeboulanger.com\/fr\/leurope-na-pas-perdu-sur-le-prix-elle-a-ralenti\/","og_site_name":"Philippe Boulanger","article_publisher":"https:\/\/www.facebook.com\/philippe.boulanger.official","article_published_time":"2026-04-24T05:00:00+00:00","og_image":[{"width":2560,"height":1429,"url":"https:\/\/philippeboulanger.com\/wp-content\/uploads\/2026\/04\/Chinese-vs-Europe-automobile-Philippe-Boulanger-scaled.webp","type":"image\/jpeg"}],"author":"Philippe Boulanger","twitter_card":"summary_large_image","twitter_creator":"@Ph_Boulanger","twitter_site":"@Ph_Boulanger","twitter_misc":{"\u00c9crit par":"Philippe Boulanger","Dur\u00e9e de lecture estim\u00e9e":"7 minutes"},"schema":{"@context":"https:\/\/schema.org","@graph":[{"@type":"Article","@id":"https:\/\/philippeboulanger.com\/fr\/leurope-na-pas-perdu-sur-le-prix-elle-a-ralenti\/#article","isPartOf":{"@id":"https:\/\/philippeboulanger.com\/fr\/leurope-na-pas-perdu-sur-le-prix-elle-a-ralenti\/"},"author":{"name":"Philippe Boulanger","@id":"https:\/\/philippeboulanger.com\/fr\/#\/schema\/person\/6bb370f9c91a64097487f01391ea335f"},"headline":"L\u2019Europe n\u2019a pas perdu sur le prix. Elle a ralenti.","datePublished":"2026-04-24T05:00:00+00:00","mainEntityOfPage":{"@id":"https:\/\/philippeboulanger.com\/fr\/leurope-na-pas-perdu-sur-le-prix-elle-a-ralenti\/"},"wordCount":1644,"commentCount":0,"publisher":{"@id":"https:\/\/philippeboulanger.com\/fr\/#organization"},"image":{"@id":"https:\/\/philippeboulanger.com\/fr\/leurope-na-pas-perdu-sur-le-prix-elle-a-ralenti\/#primaryimage"},"thumbnailUrl":"https:\/\/philippeboulanger.com\/wp-content\/uploads\/2026\/04\/Chinese-vs-Europe-automobile-Philippe-Boulanger-scaled.webp?wsr","keywords":["automobile","BYD","Chery","Chine","comp\u00e9titivit\u00e9","Europe","ex\u00e9cution","industrie automobile","innovation","management","strat\u00e9gie","transformation industrielle","v\u00e9hicules \u00e9lectriques","vitesse d\u2019innovation","Volkswagen","XPENG"],"articleSection":["intelligence innovationnelle\u00ae"],"inLanguage":"fr-FR","potentialAction":[{"@type":"CommentAction","name":"Comment","target":["https:\/\/philippeboulanger.com\/fr\/leurope-na-pas-perdu-sur-le-prix-elle-a-ralenti\/#respond"]}]},{"@type":"WebPage","@id":"https:\/\/philippeboulanger.com\/fr\/leurope-na-pas-perdu-sur-le-prix-elle-a-ralenti\/","url":"https:\/\/philippeboulanger.com\/fr\/leurope-na-pas-perdu-sur-le-prix-elle-a-ralenti\/","name":"L\u2019Europe n\u2019a pas perdu sur le prix. Elle a ralenti. - Philippe Boulanger","isPartOf":{"@id":"https:\/\/philippeboulanger.com\/fr\/#website"},"primaryImageOfPage":{"@id":"https:\/\/philippeboulanger.com\/fr\/leurope-na-pas-perdu-sur-le-prix-elle-a-ralenti\/#primaryimage"},"image":{"@id":"https:\/\/philippeboulanger.com\/fr\/leurope-na-pas-perdu-sur-le-prix-elle-a-ralenti\/#primaryimage"},"thumbnailUrl":"https:\/\/philippeboulanger.com\/wp-content\/uploads\/2026\/04\/Chinese-vs-Europe-automobile-Philippe-Boulanger-scaled.webp?wsr","datePublished":"2026-04-24T05:00:00+00:00","description":"Les constructeurs chinois ne gagnent plus seulement par les co\u00fbts. Ils avancent gr\u00e2ce \u00e0 la vitesse d\u2019innovation, \u00e0 l\u2019ex\u00e9cution et \u00e0 l\u2019apprentissage industriel. Voici pourquoi l\u2019Europe ralentit et comment elle peut encore r\u00e9pondre.","breadcrumb":{"@id":"https:\/\/philippeboulanger.com\/fr\/leurope-na-pas-perdu-sur-le-prix-elle-a-ralenti\/#breadcrumb"},"inLanguage":"fr-FR","potentialAction":[{"@type":"ReadAction","target":["https:\/\/philippeboulanger.com\/fr\/leurope-na-pas-perdu-sur-le-prix-elle-a-ralenti\/"]}]},{"@type":"ImageObject","inLanguage":"fr-FR","@id":"https:\/\/philippeboulanger.com\/fr\/leurope-na-pas-perdu-sur-le-prix-elle-a-ralenti\/#primaryimage","url":"https:\/\/philippeboulanger.com\/wp-content\/uploads\/2026\/04\/Chinese-vs-Europe-automobile-Philippe-Boulanger-scaled.webp?wsr","contentUrl":"https:\/\/philippeboulanger.com\/wp-content\/uploads\/2026\/04\/Chinese-vs-Europe-automobile-Philippe-Boulanger-scaled.webp?wsr","width":2560,"height":1429},{"@type":"BreadcrumbList","@id":"https:\/\/philippeboulanger.com\/fr\/leurope-na-pas-perdu-sur-le-prix-elle-a-ralenti\/#breadcrumb","itemListElement":[{"@type":"ListItem","position":1,"name":"Home","item":"https:\/\/philippeboulanger.com\/fr\/"},{"@type":"ListItem","position":2,"name":"L\u2019Europe n\u2019a pas perdu sur le prix. Elle a ralenti."}]},{"@type":"WebSite","@id":"https:\/\/philippeboulanger.com\/fr\/#website","url":"https:\/\/philippeboulanger.com\/fr\/","name":"Philippe Boulanger","description":"Global Keynote Speaker &amp; Advisor","publisher":{"@id":"https:\/\/philippeboulanger.com\/fr\/#organization"},"potentialAction":[{"@type":"SearchAction","target":{"@type":"EntryPoint","urlTemplate":"https:\/\/philippeboulanger.com\/fr\/?s={search_term_string}"},"query-input":{"@type":"PropertyValueSpecification","valueRequired":true,"valueName":"search_term_string"}}],"inLanguage":"fr-FR"},{"@type":"Organization","@id":"https:\/\/philippeboulanger.com\/fr\/#organization","name":"Philippe Boulanger - The Innovation Evangelist - Global Keynote Speaker","url":"https:\/\/philippeboulanger.com\/fr\/","logo":{"@type":"ImageObject","inLanguage":"fr-FR","@id":"https:\/\/philippeboulanger.com\/fr\/#\/schema\/logo\/image\/","url":"https:\/\/philippeboulanger.com\/wp-content\/uploads\/2026\/01\/cropped-philippe-boulanger-favicon-2026.webp","contentUrl":"https:\/\/philippeboulanger.com\/wp-content\/uploads\/2026\/01\/cropped-philippe-boulanger-favicon-2026.webp","width":512,"height":512,"caption":"Philippe Boulanger - The Innovation Evangelist - Global Keynote Speaker"},"image":{"@id":"https:\/\/philippeboulanger.com\/fr\/#\/schema\/logo\/image\/"},"sameAs":["https:\/\/www.facebook.com\/philippe.boulanger.official","https:\/\/x.com\/Ph_Boulanger","https:\/\/www.youtube.com\/@PhilippeBoulanger","https:\/\/www.lespeakers.com\/conferencier\/philippe-boulanger","https:\/\/www.adn-conferenciers.com\/conferenciers-philippe-boulanger","https:\/\/www.wechamp-entreprise.co\/conferencier\/philippe-boulanger\/","https:\/\/hyfen.fr\/intervenant\/philippe-boulanger\/","https:\/\/okaydoc.fr\/philippe-boulanger-conferencier-innovation\/","https:\/\/www.lesconferenciers.com\/conferencier\/philippe-boulanger\/","https:\/\/simoneetnelson.com\/annuaire\/conferenciers\/philippe-boulanger\/","https:\/\/myspeaker.fr\/conferenciers\/philippe-boulanger\/","https:\/\/www.premium-communication.fr\/conferenciers\/ia-et-innovation\/boulanger","https:\/\/www.vivavox.fr\/conferencier\/233\/","https:\/\/www.a-speakers.fr\/conferencier\/philippe-boulanger\/","https:\/\/www.espeakers.com\/marketplace\/profile\/41889\/philippe-boulanger","https:\/\/www.dunod.com\/livres-philippe-boulanger-2","https:\/\/www.amazon.fr\/stores\/Dr-Philippe-Boulanger\/author\/B0DD4CMFDX","https:\/\/www.lecampus.online\/conferenciers\/philippe-boulanger","https:\/\/www.startnplay.com\/personnalite\/conferencier\/phlippe-boulanger\/"]},{"@type":"Person","@id":"https:\/\/philippeboulanger.com\/fr\/#\/schema\/person\/6bb370f9c91a64097487f01391ea335f","name":"Philippe Boulanger","image":{"@type":"ImageObject","inLanguage":"fr-FR","@id":"https:\/\/secure.gravatar.com\/avatar\/7e269ce6778aacfb26aa4350739359d938962ebf752aa458b862bfd78ff946c1?s=96&d=mm&r=g","url":"https:\/\/secure.gravatar.com\/avatar\/7e269ce6778aacfb26aa4350739359d938962ebf752aa458b862bfd78ff946c1?s=96&d=mm&r=g","contentUrl":"https:\/\/secure.gravatar.com\/avatar\/7e269ce6778aacfb26aa4350739359d938962ebf752aa458b862bfd78ff946c1?s=96&d=mm&r=g","caption":"Philippe Boulanger"},"url":"https:\/\/philippeboulanger.com\/fr\/author\/boulanger-philgmail-com\/"}]}},"jetpack_featured_media_url":"https:\/\/philippeboulanger.com\/wp-content\/uploads\/2026\/04\/Chinese-vs-Europe-automobile-Philippe-Boulanger-scaled.webp?wsr","jetpack_sharing_enabled":true,"_links":{"self":[{"href":"https:\/\/philippeboulanger.com\/fr\/wp-json\/wp\/v2\/posts\/15912","targetHints":{"allow":["GET"]}}],"collection":[{"href":"https:\/\/philippeboulanger.com\/fr\/wp-json\/wp\/v2\/posts"}],"about":[{"href":"https:\/\/philippeboulanger.com\/fr\/wp-json\/wp\/v2\/types\/post"}],"author":[{"embeddable":true,"href":"https:\/\/philippeboulanger.com\/fr\/wp-json\/wp\/v2\/users\/4"}],"replies":[{"embeddable":true,"href":"https:\/\/philippeboulanger.com\/fr\/wp-json\/wp\/v2\/comments?post=15912"}],"version-history":[{"count":1,"href":"https:\/\/philippeboulanger.com\/fr\/wp-json\/wp\/v2\/posts\/15912\/revisions"}],"predecessor-version":[{"id":15914,"href":"https:\/\/philippeboulanger.com\/fr\/wp-json\/wp\/v2\/posts\/15912\/revisions\/15914"}],"wp:featuredmedia":[{"embeddable":true,"href":"https:\/\/philippeboulanger.com\/fr\/wp-json\/wp\/v2\/media\/15913"}],"wp:attachment":[{"href":"https:\/\/philippeboulanger.com\/fr\/wp-json\/wp\/v2\/media?parent=15912"}],"wp:term":[{"taxonomy":"category","embeddable":true,"href":"https:\/\/philippeboulanger.com\/fr\/wp-json\/wp\/v2\/categories?post=15912"},{"taxonomy":"post_tag","embeddable":true,"href":"https:\/\/philippeboulanger.com\/fr\/wp-json\/wp\/v2\/tags?post=15912"}],"curies":[{"name":"wp","href":"https:\/\/api.w.org\/{rel}","templated":true}]}}