{"id":15926,"date":"2026-04-28T06:00:00","date_gmt":"2026-04-28T05:00:00","guid":{"rendered":"https:\/\/philippeboulanger.com\/?p=15926"},"modified":"2026-04-27T20:22:16","modified_gmt":"2026-04-27T19:22:16","slug":"la-chanteuse-fantome","status":"publish","type":"post","link":"https:\/\/philippeboulanger.com\/fr\/la-chanteuse-fantome\/","title":{"rendered":"La chanteuse fant\u00f4me"},"content":{"rendered":"\n<h2 class=\"wp-block-heading\" id=\"h-une-voix-monte-sur-le-podium\">Une voix monte sur le podium<\/h2>\n\n\n\n<p>Une chanteuse qui n\u2019existe pas vient de monter sur le podium.<\/p>\n\n\n\n<p>Le 17 avril 2026, \u201cCelebrate Me\u201d, attribu\u00e9 \u00e0 IngaRose, a atteint la premi\u00e8re place des charts iTunes am\u00e9ricains et mondiaux, selon Dexerto. Le single est list\u00e9 par Apple Music comme une sortie du 31 mars 2026 sous le label Myers Music. Toujours selon Dexerto, le projet est associ\u00e9 \u00e0 Dallas Little, producteur bas\u00e9 en Caroline du Sud, et les chansons seraient pr\u00e9sent\u00e9es comme des paroles humaines affin\u00e9es avec Suno, une plateforme d\u2019IA musicale. (<a href=\"https:\/\/www.dexerto.com\/entertainment\/ai-generated-song-takes-1-spot-on-itunes-global-charts-3353485\/\">Dexerto<\/a>)<\/p>\n\n\n\n<p>Une chanson.<\/p>\n\n\n\n<p>Une voix.<\/p>\n\n\n\n<p>Une \u00e9motion.<\/p>\n\n\n\n<p>Et derri\u00e8re ? Pas vraiment une artiste au sens habituel du terme.<\/p>\n\n\n\n<p>Voil\u00e0 le d\u00e9tail qui d\u00e9range. Pendant longtemps, nous avons associ\u00e9 la musique \u00e0 une pr\u00e9sence humaine identifiable : une personne, une histoire, un visage, une souffrance, une joie, une trajectoire. M\u00eame quand l\u2019industrie fabriquait des artistes, il restait au moins un corps, une voix, une biographie, une sc\u00e8ne possible.<\/p>\n\n\n\n<p>Ici, le d\u00e9cor change.<\/p>\n\n\n\n<p>L\u2019\u0153uvre arrive avant l\u2019artiste.<\/p>\n\n\n\n<p>L\u2019\u00e9motion arrive avant l\u2019identit\u00e9.<\/p>\n\n\n\n<p>Le public \u00e9coute avant de demander qui chante.<\/p>\n\n\n\n<h2 class=\"wp-block-heading\" id=\"h-le-podium-itunes-n-est-pas-le-billboard\">Le podium iTunes n\u2019est pas le Billboard<\/h2>\n\n\n\n<p>Il faut garder la t\u00eate froide.<\/p>\n\n\n\n<p>iTunes classe des achats, pas des \u00e9coutes en streaming. Apple distingue clairement les achats sur l\u2019iTunes Store des lectures Apple Music : un titre achet\u00e9 rel\u00e8ve d\u2019une cat\u00e9gorie \u201cPurchases\u201d, tandis qu\u2019une lecture Apple Music rel\u00e8ve d\u2019un \u201cPlay\u201d. (<a href=\"https:\/\/discussions.apple.com\/thread\/251114543\">Apple Community<\/a>)<\/p>\n\n\n\n<p>Autrement dit, un num\u00e9ro un iTunes ne signifie pas automatiquement domination culturelle totale. Le podium y est plus accessible qu\u2019un classement Spotify massif ou qu\u2019un classement Billboard int\u00e9grant plusieurs signaux.<\/p>\n\n\n\n<p>Donc non, l\u2019industrie musicale ne s\u2019est pas effondr\u00e9e en direct le 17 avril 2026.<\/p>\n\n\n\n<p>Mais elle vient de recevoir un signal.<\/p>\n\n\n\n<p>Un signal froid.<\/p>\n\n\n\n<p>Un signal d\u00e9rangeant.<\/p>\n\n\n\n<p>Un signal que beaucoup pr\u00e9f\u00e9reront minimiser parce qu\u2019il touche \u00e0 une zone sensible : la d\u00e9finition m\u00eame de l\u2019artiste.<\/p>\n\n\n\n<h2 class=\"wp-block-heading\" id=\"h-quand-l-emotion-devient-independante-de-l-auteur\">Quand l\u2019\u00e9motion devient ind\u00e9pendante de l\u2019auteur<\/h2>\n\n\n\n<p>Le point important n\u2019est pas seulement qu\u2019une IA puisse aider \u00e0 produire une chanson.<\/p>\n\n\n\n<p>Le point important est que l\u2019auditeur puisse \u00eatre touch\u00e9 avant m\u00eame de savoir qui, ou quoi, a particip\u00e9 \u00e0 la production.<\/p>\n\n\n\n<p>C\u2019est un renversement culturel.<\/p>\n\n\n\n<p>Pendant des d\u00e9cennies, l\u2019industrie musicale a vendu plus qu\u2019un morceau. Elle a vendu une incarnation. Une voix n\u2019\u00e9tait pas seulement un signal audio : elle \u00e9tait la trace d\u2019un corps, d\u2019une histoire, d\u2019une blessure, d\u2019une intention.<\/p>\n\n\n\n<p>Avec l\u2019IA g\u00e9n\u00e9rative, cette \u00e9quation se trouble.<\/p>\n\n\n\n<p>Une voix peut \u00eatre synth\u00e9tique.<\/p>\n\n\n\n<p>Une biographie peut \u00eatre narrative.<\/p>\n\n\n\n<p>Une image peut \u00eatre g\u00e9n\u00e9r\u00e9e.<\/p>\n\n\n\n<p>Une pr\u00e9sence sociale peut \u00eatre orchestr\u00e9e.<\/p>\n\n\n\n<p>Une \u00e9motion peut \u00eatre r\u00e9elle chez l\u2019auditeur tout en \u00e9tant produite par une cha\u00eene de cr\u00e9ation hybride.<\/p>\n\n\n\n<p>Et c\u2019est l\u00e0 que le d\u00e9bat devient difficile. Car l\u2019\u00e9motion ressentie par le public, elle, n\u2019est pas synth\u00e9tique. Elle est bien humaine. Le trouble vient de ce d\u00e9calage : une production artificielle peut provoquer une r\u00e9action authentique.<\/p>\n\n\n\n<h2 class=\"wp-block-heading\" id=\"h-bandcamp-ferme-la-porte-spotify-choisit-la-transparence\">Bandcamp ferme la porte, Spotify choisit la transparence<\/h2>\n\n\n\n<p>Les plateformes ne r\u00e9pondent pas toutes de la m\u00eame mani\u00e8re.<\/p>\n\n\n\n<p>Bandcamp a adopt\u00e9 une position tr\u00e8s stricte. Sa politique indique que la musique et l\u2019audio cr\u00e9\u00e9s totalement ou substantiellement par intelligence artificielle ne sont pas autoris\u00e9s. Bandcamp pr\u00e9cise aussi qu\u2019elle peut retirer un contenu soup\u00e7onn\u00e9 d\u2019\u00eatre g\u00e9n\u00e9r\u00e9 par IA. (<a href=\"https:\/\/blog.bandcamp.com\/2026\/01\/13\/keeping-bandcamp-human\/\">Bandcamp<\/a>)<\/p>\n\n\n\n<p>Spotify suit une voie diff\u00e9rente. La plateforme a annonc\u00e9 une politique centr\u00e9e sur trois axes : meilleure application des r\u00e8gles contre l\u2019usurpation vocale, filtre contre le spam musical et divulgation de l\u2019usage de l\u2019IA dans les cr\u00e9dits musicaux. Spotify pr\u00e9cise que cette transparence ne vise pas \u00e0 p\u00e9naliser automatiquement les artistes qui utilisent l\u2019IA de mani\u00e8re responsable. (<a href=\"https:\/\/newsroom.spotify.com\/2025-09-25\/spotify-strengthens-ai-protections\/\">Spotify<\/a>)<\/p>\n\n\n\n<p>Deux visions s\u2019affrontent.<\/p>\n\n\n\n<p>D\u2019un c\u00f4t\u00e9 : prot\u00e9ger un espace humain en filtrant fortement les contenus g\u00e9n\u00e9r\u00e9s.<\/p>\n\n\n\n<p>De l\u2019autre : accepter l\u2019usage de l\u2019IA, mais rendre son r\u00f4le plus lisible.<\/p>\n\n\n\n<p>La premi\u00e8re approche privil\u00e9gie la fronti\u00e8re.<\/p>\n\n\n\n<p>La seconde privil\u00e9gie la tra\u00e7abilit\u00e9.<\/p>\n\n\n\n<p>Aucune des deux ne r\u00e8gle tout. Une interdiction peut \u00eatre difficile \u00e0 appliquer. Une transparence peut \u00eatre insuffisante si elle arrive trop tard dans l\u2019exp\u00e9rience d\u2019\u00e9coute.<\/p>\n\n\n\n<h2 class=\"wp-block-heading\" id=\"h-le-label-cree-avec-ia-doit-il-apparaitre-avant-l-ecoute\">Le label \u201ccr\u00e9\u00e9 avec IA\u201d doit-il appara\u00eetre avant l\u2019\u00e9coute ?<\/h2>\n\n\n\n<p>La question m\u00e9rite mieux qu\u2019un r\u00e9flexe.<\/p>\n\n\n\n<p>Un label clair avant l\u2019\u00e9coute aurait un avantage : il donne au public une information d\u00e9cisive au moment o\u00f9 il choisit. Il \u00e9vite que la d\u00e9couverte de l\u2019origine synth\u00e9tique arrive apr\u00e8s coup, comme une forme de tromperie \u00e9motionnelle.<\/p>\n\n\n\n<p>Mais il comporte aussi un risque : cr\u00e9er un pr\u00e9jug\u00e9 automatique. Beaucoup rejetteront un morceau avant m\u00eame de l\u2019\u00e9couter, non pas parce qu\u2019il est mauvais, mais parce qu\u2019il est associ\u00e9 \u00e0 l\u2019IA.<\/p>\n\n\n\n<p>Pourtant, l\u2019absence d\u2019information pose un probl\u00e8me tout aussi s\u00e9rieux.<\/p>\n\n\n\n<p>Dans la musique, nous ne consommons pas seulement un fichier sonore. Nous consommons une relation imaginaire avec un artiste. Nous voulons croire que cette voix vient de quelque part. Nous voulons relier l\u2019\u00e9motion \u00e0 une intention.<\/p>\n\n\n\n<p>Si cette intention est humaine, assist\u00e9e par IA, g\u00e9n\u00e9r\u00e9e par IA, ou assembl\u00e9e par une \u00e9quipe de production utilisant des outils synth\u00e9tiques, ce n\u2019est pas la m\u00eame chose.<\/p>\n\n\n\n<p>Le public peut accepter beaucoup de choses.<\/p>\n\n\n\n<p>Encore faut-il lui dire ce qu\u2019il \u00e9coute.<\/p>\n\n\n\n<h2 class=\"wp-block-heading\" id=\"h-le-debat-ne-porte-pas-seulement-sur-l-art\">Le d\u00e9bat ne porte pas seulement sur l\u2019art<\/h2>\n\n\n\n<p>Le cas IngaRose d\u00e9passe la musique.<\/p>\n\n\n\n<p>Il annonce ce qui va se produire dans toutes les industries cr\u00e9atives : image, vid\u00e9o, publicit\u00e9, formation, journalisme, influence, livre audio, service client, design, conseil, divertissement.<\/p>\n\n\n\n<p>La question ne sera plus seulement : \u201cEst-ce que l\u2019IA peut produire ?\u201d<\/p>\n\n\n\n<p>La question deviendra : \u201cQuelles r\u00e8gles voulons-nous appliquer quand l\u2019IA produit quelque chose qui ressemble suffisamment \u00e0 une cr\u00e9ation humaine pour d\u00e9clencher notre attention, notre confiance ou notre \u00e9motion ?\u201d<\/p>\n\n\n\n<p>C\u2019est exactement le type de bascule que j\u2019\u00e9voque dans mon livre au chapitre 14, consacr\u00e9 \u00e0 l\u2019application de l\u2019intelligence artificielle. La table des mati\u00e8res de mon livre situe ce chapitre dans la partie consacr\u00e9e \u00e0 la structure du syst\u00e8me intelligence innovationnelle\u00ae, apr\u00e8s les piliers vision, culture, communication, organisation, m\u00e9thodes et talents.<\/p>\n\n\n\n<p>L\u2019IA n\u2019est pas seulement un outil.<\/p>\n\n\n\n<p>Elle force les organisations \u00e0 red\u00e9finir leurs r\u00e8gles.<\/p>\n\n\n\n<p>Elle force les plateformes \u00e0 choisir leur doctrine.<\/p>\n\n\n\n<p>Elle force les marques \u00e0 clarifier leur rapport \u00e0 la v\u00e9rit\u00e9.<\/p>\n\n\n\n<p>Elle force les dirigeants \u00e0 d\u00e9cider avant que le march\u00e9 ne d\u00e9cide \u00e0 leur place.<\/p>\n\n\n\n<h2 class=\"wp-block-heading\" id=\"h-le-karaoke-strategique-des-organisations\">Le karaok\u00e9 strat\u00e9gique des organisations<\/h2>\n\n\n\n<p>Le plus dangereux, pour une entreprise, consiste \u00e0 traiter ce sujet comme une curiosit\u00e9 culturelle.<\/p>\n\n\n\n<p>Une chanteuse synth\u00e9tique en t\u00eate d\u2019un classement iTunes, c\u2019est amusant cinq minutes.<\/p>\n\n\n\n<p>Puis il faut poser les questions de gouvernance.<\/p>\n\n\n\n<p>Qui a le droit d\u2019utiliser l\u2019IA dans l\u2019organisation ?<\/p>\n\n\n\n<p>Pour produire quoi ?<\/p>\n\n\n\n<p>Avec quelle transparence ?<\/p>\n\n\n\n<p>Avec quelles donn\u00e9es ?<\/p>\n\n\n\n<p>Avec quelle validation humaine ?<\/p>\n\n\n\n<p>Avec quelle responsabilit\u00e9 en cas d\u2019erreur, de plagiat, d\u2019atteinte \u00e0 l\u2019image ou de confusion client ?<\/p>\n\n\n\n<p>Sans r\u00e9ponse, les \u00e9quipes improvisent.<\/p>\n\n\n\n<p>Le marketing teste.<\/p>\n\n\n\n<p>La communication publie.<\/p>\n\n\n\n<p>Les commerciaux personnalisent.<\/p>\n\n\n\n<p>Les RH automatisent.<\/p>\n\n\n\n<p>Les prestataires livrent.<\/p>\n\n\n\n<p>Et un jour, l\u2019organisation d\u00e9couvre qu\u2019elle a d\u00e9j\u00e0 bascul\u00e9 dans l\u2019IA, mais sans cadre commun.<\/p>\n\n\n\n<p>Attendre que les algorithmes \u00e9crivent la strat\u00e9gie \u00e0 votre place serait une forme de karaok\u00e9 manag\u00e9rial assez risqu\u00e9e.<\/p>\n\n\n\n<p>On croit chanter sa propre chanson.<\/p>\n\n\n\n<p>En r\u00e9alit\u00e9, quelqu\u2019un d\u2019autre a choisi les paroles.<\/p>\n\n\n\n<h2 class=\"wp-block-heading\" id=\"h-l-auteur-tremble-mais-il-ne-disparait-pas\">L\u2019auteur tremble, mais il ne dispara\u00eet pas<\/h2>\n\n\n\n<p>Il serait facile de conclure que l\u2019auteur est mort.<\/p>\n\n\n\n<p>Je ne le crois pas.<\/p>\n\n\n\n<p>L\u2019auteur change de place.<\/p>\n\n\n\n<p>Il devient parfois concepteur, s\u00e9lectionneur, metteur en sc\u00e8ne, \u00e9diteur, directeur artistique, entra\u00eeneur d\u2019IA, architecte d\u2019exp\u00e9rience.<\/p>\n\n\n\n<p>Le probl\u00e8me n\u2019est pas que l\u2019IA entre dans la cr\u00e9ation.<\/p>\n\n\n\n<p>Le probl\u00e8me est que nous n\u2019avons pas encore les mots, les r\u00e8gles et les r\u00e9flexes pour distinguer clairement les degr\u00e9s d\u2019intervention humaine.<\/p>\n\n\n\n<p>Une chanson \u00e9crite par un humain, compos\u00e9e avec assistance IA, chant\u00e9e par une voix synth\u00e9tique et distribu\u00e9e sous l\u2019identit\u00e9 d\u2019un personnage virtuel n\u2019est pas la m\u00eame chose qu\u2019une chanson enti\u00e8rement g\u00e9n\u00e9r\u00e9e \u00e0 partir d\u2019un prompt.<\/p>\n\n\n\n<p>Tout mettre dans le m\u00eame sac serait paresseux.<\/p>\n\n\n\n<p>Tout laisser dans le flou serait irresponsable.<\/p>\n\n\n\n<h2 class=\"wp-block-heading\" id=\"h-ce-que-les-dirigeants-doivent-retenir\">Ce que les dirigeants doivent retenir<\/h2>\n\n\n\n<p>L\u2019affaire \u201cCelebrate Me\u201d n\u2019annonce pas la fin de la musique humaine.<\/p>\n\n\n\n<p>Elle annonce la fin de la na\u00efvet\u00e9.<\/p>\n\n\n\n<p>Les organisations doivent sortir de trois illusions.<\/p>\n\n\n\n<p>Premi\u00e8re illusion : penser que l\u2019IA restera cantonn\u00e9e aux t\u00e2ches techniques. Elle entre d\u00e9j\u00e0 dans l\u2019\u00e9motion, l\u2019image, la voix, le r\u00e9cit, la relation.<\/p>\n\n\n\n<p>Deuxi\u00e8me illusion : penser que le public refusera automatiquement les cr\u00e9ations synth\u00e9tiques. Le public peut \u00e9couter, partager, acheter, commenter, danser, pleurer, puis seulement ensuite d\u00e9couvrir l\u2019origine du morceau.<\/p>\n\n\n\n<p>Troisi\u00e8me illusion : penser que la r\u00e9glementation ou les plateformes r\u00e9gleront tout. Elles poseront des cadres, mais chaque organisation devra construire sa propre doctrine.<\/p>\n\n\n\n<p>Dans les ann\u00e9es \u00e0 venir, la question ne sera pas seulement de savoir si une \u0153uvre est \u201cbonne\u201d.<\/p>\n\n\n\n<p>Il faudra aussi savoir si elle est loyale.<\/p>\n\n\n\n<p>Loyale envers le public.<\/p>\n\n\n\n<p>Loyale envers les cr\u00e9ateurs.<\/p>\n\n\n\n<p>Loyale envers les personnes dont les voix, les styles ou les donn\u00e9es ont pu nourrir le syst\u00e8me.<\/p>\n\n\n\n<p>Loyale envers la marque qui la diffuse.<\/p>\n\n\n\n<h2 class=\"wp-block-heading\" id=\"h-une-chanteuse-fantome-vient-de-nous-tendre-un-miroir\">Une chanteuse fant\u00f4me vient de nous tendre un miroir<\/h2>\n\n\n\n<p>IngaRose, si l\u2019on suit les informations disponibles aujourd\u2019hui, n\u2019est peut-\u00eatre pas une artiste au sens classique.<\/p>\n\n\n\n<p>Mais le ph\u00e9nom\u00e8ne qu\u2019elle repr\u00e9sente est bien r\u00e9el.<\/p>\n\n\n\n<p>Une voix synth\u00e9tique peut entrer dans le classement.<\/p>\n\n\n\n<p>Une identit\u00e9 virtuelle peut circuler comme une identit\u00e9 artistique.<\/p>\n\n\n\n<p>Une plateforme peut arbitrer la visibilit\u00e9.<\/p>\n\n\n\n<p>Un public peut \u00e9couter sans demander beaucoup de comptes.<\/p>\n\n\n\n<p>Voil\u00e0 le point qui devrait nous r\u00e9veiller.<\/p>\n\n\n\n<p>Dans la musique, comme dans l\u2019entreprise, l\u2019IA ne remplace pas seulement des t\u00e2ches. Elle d\u00e9place les fronti\u00e8res de la confiance.<\/p>\n\n\n\n<p>Et la confiance, une fois brouill\u00e9e, co\u00fbte beaucoup plus cher \u00e0 reconstruire qu\u2019\u00e0 prot\u00e9ger.<\/p>\n\n\n\n<p>La prochaine fois que vous \u00e9couterez une voix qui vous touche, vous vous demanderez peut-\u00eatre : qui chante vraiment ?<\/p>\n\n\n\n<p>La r\u00e9ponse comptera.<\/p>\n\n\n\n<p>Mais le moment o\u00f9 vous l\u2019apprendrez comptera encore plus.<\/p>\n\n\n\n<h2 class=\"wp-block-heading\" id=\"h-references\">R\u00e9f\u00e9rences<\/h2>\n\n\n\n<ul class=\"wp-block-list\">\n<li>(Dexerto) = <a href=\"https:\/\/www.dexerto.com\/entertainment\/ai-generated-song-takes-1-spot-on-itunes-global-charts-3353485\/?utm_source=philippeboulanger.com\">https:\/\/www.dexerto.com\/entertainment\/ai-generated-song-takes-1-spot-on-itunes-global-charts-3353485\/<\/a><\/li>\n\n\n\n<li>(Spotify) = <a href=\"https:\/\/newsroom.spotify.com\/2025-09-25\/spotify-strengthens-ai-protections\/?utm_source=philippeboulanger.com\">https:\/\/newsroom.spotify.com\/2025-09-25\/spotify-strengthens-ai-protections\/<\/a><\/li>\n\n\n\n<li>(Bandcamp) = <a href=\"https:\/\/blog.bandcamp.com\/2026\/01\/13\/keeping-bandcamp-human\/?utm_source=philippeboulanger.com\">https:\/\/blog.bandcamp.com\/2026\/01\/13\/keeping-bandcamp-human\/<\/a><\/li>\n\n\n\n<li>(Bandcamp Help Center) = <a href=\"https:\/\/get.bandcamp.help\/hc\/en-us\/articles\/23005947027991-Bandcamp-s-Acceptable-Use-and-Moderation-policy?utm_source=philippeboulanger.com\">https:\/\/get.bandcamp.help\/hc\/en-us\/articles\/23005947027991-Bandcamp-s-Acceptable-Use-and-Moderation-policy<\/a><\/li>\n\n\n\n<li>(Apple Community) = <a href=\"https:\/\/discussions.apple.com\/thread\/251114543?utm_source=philippeboulanger.com\">https:\/\/discussions.apple.com\/thread\/251114543<\/a><\/li>\n<\/ul>\n","protected":false},"excerpt":{"rendered":"<p>Une voix monte sur le podium Une chanteuse qui n\u2019existe pas vient de monter sur le podium. Le 17 avril 2026, \u201cCelebrate Me\u201d, attribu\u00e9 \u00e0 IngaRose, a atteint la premi\u00e8re place des charts iTunes am\u00e9ricains et mondiaux, selon Dexerto. Le single est list\u00e9 par Apple Music comme une sortie du 31 mars 2026 sous le [&hellip;]<\/p>\n","protected":false},"author":4,"featured_media":15927,"comment_status":"open","ping_status":"open","sticky":false,"template":"","format":"standard","meta":{"_acf_changed":false,"_jetpack_memberships_contains_paid_content":false,"footnotes":""},"categories":[50],"tags":[1022,1029,1025,1026,377,1020,69,125,1023,1019,1028,1024,668,1021,1027],"class_list":["post-15926","post","type-post","status-publish","format-standard","has-post-thumbnail","hentry","category-intelligence-innovationnelle","tag-bandcamp","tag-confiance-numerique","tag-creativite","tag-droits-dauteur","tag-gouvernance-ia","tag-ia-musicale","tag-innovation","tag-intelligence-artificielle","tag-itunes","tag-musique-generative","tag-plateformes-numeriques","tag-spotify","tag-strategie-ia","tag-suno","tag-transparence"],"acf":[],"yoast_head":"<!-- This site is optimized with the Yoast SEO Premium plugin v27.5 (Yoast SEO v27.5) - https:\/\/yoast.com\/product\/yoast-seo-premium-wordpress\/ -->\n<title>La chanteuse fant\u00f4me - Philippe Boulanger<\/title>\n<meta name=\"description\" content=\"Une chanteuse virtuelle atteint la premi\u00e8re place iTunes avec \u201cCelebrate Me\u201d. Un signal majeur sur l\u2019IA musicale, la transparence, les plateformes et la confiance.\" \/>\n<meta name=\"robots\" content=\"index, follow, max-snippet:-1, max-image-preview:large, max-video-preview:-1\" \/>\n<link rel=\"canonical\" href=\"https:\/\/philippeboulanger.com\/fr\/la-chanteuse-fantome\/\" \/>\n<meta property=\"og:locale\" content=\"fr_FR\" \/>\n<meta property=\"og:type\" content=\"article\" \/>\n<meta property=\"og:title\" content=\"La chanteuse fant\u00f4me\" \/>\n<meta property=\"og:description\" content=\"Une chanteuse virtuelle atteint la premi\u00e8re place iTunes avec \u201cCelebrate Me\u201d. Un signal majeur sur l\u2019IA musicale, la transparence, les plateformes et la confiance.\" \/>\n<meta property=\"og:url\" content=\"https:\/\/philippeboulanger.com\/fr\/la-chanteuse-fantome\/\" \/>\n<meta property=\"og:site_name\" content=\"Philippe Boulanger\" \/>\n<meta property=\"article:publisher\" content=\"https:\/\/www.facebook.com\/philippe.boulanger.official\" \/>\n<meta property=\"article:published_time\" content=\"2026-04-28T05:00:00+00:00\" \/>\n<meta property=\"og:image\" content=\"https:\/\/philippeboulanger.com\/wp-content\/uploads\/2026\/04\/AI-song-top-of-the-charts-Philippe-Boulanger-scaled.webp\" \/>\n\t<meta property=\"og:image:width\" content=\"2560\" \/>\n\t<meta property=\"og:image:height\" content=\"1429\" \/>\n\t<meta property=\"og:image:type\" content=\"image\/jpeg\" \/>\n<meta name=\"author\" content=\"Philippe Boulanger\" \/>\n<meta name=\"twitter:card\" content=\"summary_large_image\" \/>\n<meta name=\"twitter:creator\" content=\"@Ph_Boulanger\" \/>\n<meta name=\"twitter:site\" content=\"@Ph_Boulanger\" \/>\n<meta name=\"twitter:label1\" content=\"\u00c9crit par\" \/>\n\t<meta name=\"twitter:data1\" content=\"Philippe Boulanger\" \/>\n\t<meta name=\"twitter:label2\" content=\"Dur\u00e9e de lecture estim\u00e9e\" \/>\n\t<meta name=\"twitter:data2\" content=\"8 minutes\" \/>\n<script type=\"application\/ld+json\" class=\"yoast-schema-graph\">{\"@context\":\"https:\\\/\\\/schema.org\",\"@graph\":[{\"@type\":\"Article\",\"@id\":\"https:\\\/\\\/philippeboulanger.com\\\/fr\\\/la-chanteuse-fantome\\\/#article\",\"isPartOf\":{\"@id\":\"https:\\\/\\\/philippeboulanger.com\\\/fr\\\/la-chanteuse-fantome\\\/\"},\"author\":{\"name\":\"Philippe Boulanger\",\"@id\":\"https:\\\/\\\/philippeboulanger.com\\\/fr\\\/#\\\/schema\\\/person\\\/6bb370f9c91a64097487f01391ea335f\"},\"headline\":\"La chanteuse fant\u00f4me\",\"datePublished\":\"2026-04-28T05:00:00+00:00\",\"mainEntityOfPage\":{\"@id\":\"https:\\\/\\\/philippeboulanger.com\\\/fr\\\/la-chanteuse-fantome\\\/\"},\"wordCount\":1851,\"commentCount\":0,\"publisher\":{\"@id\":\"https:\\\/\\\/philippeboulanger.com\\\/fr\\\/#organization\"},\"image\":{\"@id\":\"https:\\\/\\\/philippeboulanger.com\\\/fr\\\/la-chanteuse-fantome\\\/#primaryimage\"},\"thumbnailUrl\":\"https:\\\/\\\/philippeboulanger.com\\\/wp-content\\\/uploads\\\/2026\\\/04\\\/AI-song-top-of-the-charts-Philippe-Boulanger-scaled.webp?wsr\",\"keywords\":[\"Bandcamp\",\"confiance num\u00e9rique\",\"cr\u00e9ativit\u00e9\",\"droits d\u2019auteur\",\"gouvernance IA\",\"IA musicale\",\"innovation\",\"intelligence artificielle\",\"iTunes\",\"musique g\u00e9n\u00e9rative\",\"plateformes num\u00e9riques\",\"Spotify\",\"strat\u00e9gie IA\",\"Suno\",\"transparence\"],\"articleSection\":[\"intelligence innovationnelle\u00ae\"],\"inLanguage\":\"fr-FR\",\"potentialAction\":[{\"@type\":\"CommentAction\",\"name\":\"Comment\",\"target\":[\"https:\\\/\\\/philippeboulanger.com\\\/fr\\\/la-chanteuse-fantome\\\/#respond\"]}]},{\"@type\":\"WebPage\",\"@id\":\"https:\\\/\\\/philippeboulanger.com\\\/fr\\\/la-chanteuse-fantome\\\/\",\"url\":\"https:\\\/\\\/philippeboulanger.com\\\/fr\\\/la-chanteuse-fantome\\\/\",\"name\":\"La chanteuse fant\u00f4me - Philippe Boulanger\",\"isPartOf\":{\"@id\":\"https:\\\/\\\/philippeboulanger.com\\\/fr\\\/#website\"},\"primaryImageOfPage\":{\"@id\":\"https:\\\/\\\/philippeboulanger.com\\\/fr\\\/la-chanteuse-fantome\\\/#primaryimage\"},\"image\":{\"@id\":\"https:\\\/\\\/philippeboulanger.com\\\/fr\\\/la-chanteuse-fantome\\\/#primaryimage\"},\"thumbnailUrl\":\"https:\\\/\\\/philippeboulanger.com\\\/wp-content\\\/uploads\\\/2026\\\/04\\\/AI-song-top-of-the-charts-Philippe-Boulanger-scaled.webp?wsr\",\"datePublished\":\"2026-04-28T05:00:00+00:00\",\"description\":\"Une chanteuse virtuelle atteint la premi\u00e8re place iTunes avec \u201cCelebrate Me\u201d. Un signal majeur sur l\u2019IA musicale, la transparence, les plateformes et la confiance.\",\"breadcrumb\":{\"@id\":\"https:\\\/\\\/philippeboulanger.com\\\/fr\\\/la-chanteuse-fantome\\\/#breadcrumb\"},\"inLanguage\":\"fr-FR\",\"potentialAction\":[{\"@type\":\"ReadAction\",\"target\":[\"https:\\\/\\\/philippeboulanger.com\\\/fr\\\/la-chanteuse-fantome\\\/\"]}]},{\"@type\":\"ImageObject\",\"inLanguage\":\"fr-FR\",\"@id\":\"https:\\\/\\\/philippeboulanger.com\\\/fr\\\/la-chanteuse-fantome\\\/#primaryimage\",\"url\":\"https:\\\/\\\/philippeboulanger.com\\\/wp-content\\\/uploads\\\/2026\\\/04\\\/AI-song-top-of-the-charts-Philippe-Boulanger-scaled.webp?wsr\",\"contentUrl\":\"https:\\\/\\\/philippeboulanger.com\\\/wp-content\\\/uploads\\\/2026\\\/04\\\/AI-song-top-of-the-charts-Philippe-Boulanger-scaled.webp?wsr\",\"width\":2560,\"height\":1429},{\"@type\":\"BreadcrumbList\",\"@id\":\"https:\\\/\\\/philippeboulanger.com\\\/fr\\\/la-chanteuse-fantome\\\/#breadcrumb\",\"itemListElement\":[{\"@type\":\"ListItem\",\"position\":1,\"name\":\"Home\",\"item\":\"https:\\\/\\\/philippeboulanger.com\\\/fr\\\/\"},{\"@type\":\"ListItem\",\"position\":2,\"name\":\"La chanteuse fant\u00f4me\"}]},{\"@type\":\"WebSite\",\"@id\":\"https:\\\/\\\/philippeboulanger.com\\\/fr\\\/#website\",\"url\":\"https:\\\/\\\/philippeboulanger.com\\\/fr\\\/\",\"name\":\"Philippe Boulanger\",\"description\":\"Global Keynote Speaker &amp; Advisor\",\"publisher\":{\"@id\":\"https:\\\/\\\/philippeboulanger.com\\\/fr\\\/#organization\"},\"potentialAction\":[{\"@type\":\"SearchAction\",\"target\":{\"@type\":\"EntryPoint\",\"urlTemplate\":\"https:\\\/\\\/philippeboulanger.com\\\/fr\\\/?s={search_term_string}\"},\"query-input\":{\"@type\":\"PropertyValueSpecification\",\"valueRequired\":true,\"valueName\":\"search_term_string\"}}],\"inLanguage\":\"fr-FR\"},{\"@type\":\"Organization\",\"@id\":\"https:\\\/\\\/philippeboulanger.com\\\/fr\\\/#organization\",\"name\":\"Philippe Boulanger - The Innovation Evangelist - Global Keynote Speaker\",\"url\":\"https:\\\/\\\/philippeboulanger.com\\\/fr\\\/\",\"logo\":{\"@type\":\"ImageObject\",\"inLanguage\":\"fr-FR\",\"@id\":\"https:\\\/\\\/philippeboulanger.com\\\/fr\\\/#\\\/schema\\\/logo\\\/image\\\/\",\"url\":\"https:\\\/\\\/philippeboulanger.com\\\/wp-content\\\/uploads\\\/2026\\\/01\\\/cropped-philippe-boulanger-favicon-2026.webp\",\"contentUrl\":\"https:\\\/\\\/philippeboulanger.com\\\/wp-content\\\/uploads\\\/2026\\\/01\\\/cropped-philippe-boulanger-favicon-2026.webp\",\"width\":512,\"height\":512,\"caption\":\"Philippe Boulanger - The Innovation Evangelist - Global Keynote Speaker\"},\"image\":{\"@id\":\"https:\\\/\\\/philippeboulanger.com\\\/fr\\\/#\\\/schema\\\/logo\\\/image\\\/\"},\"sameAs\":[\"https:\\\/\\\/www.facebook.com\\\/philippe.boulanger.official\",\"https:\\\/\\\/x.com\\\/Ph_Boulanger\",\"https:\\\/\\\/www.youtube.com\\\/@PhilippeBoulanger\",\"https:\\\/\\\/www.lespeakers.com\\\/conferencier\\\/philippe-boulanger\",\"https:\\\/\\\/www.adn-conferenciers.com\\\/conferenciers-philippe-boulanger\",\"https:\\\/\\\/www.wechamp-entreprise.co\\\/conferencier\\\/philippe-boulanger\\\/\",\"https:\\\/\\\/hyfen.fr\\\/intervenant\\\/philippe-boulanger\\\/\",\"https:\\\/\\\/okaydoc.fr\\\/philippe-boulanger-conferencier-innovation\\\/\",\"https:\\\/\\\/www.lesconferenciers.com\\\/conferencier\\\/philippe-boulanger\\\/\",\"https:\\\/\\\/simoneetnelson.com\\\/annuaire\\\/conferenciers\\\/philippe-boulanger\\\/\",\"https:\\\/\\\/myspeaker.fr\\\/conferenciers\\\/philippe-boulanger\\\/\",\"https:\\\/\\\/www.premium-communication.fr\\\/conferenciers\\\/ia-et-innovation\\\/boulanger\",\"https:\\\/\\\/www.vivavox.fr\\\/conferencier\\\/233\\\/\",\"https:\\\/\\\/www.a-speakers.fr\\\/conferencier\\\/philippe-boulanger\\\/\",\"https:\\\/\\\/www.espeakers.com\\\/marketplace\\\/profile\\\/41889\\\/philippe-boulanger\",\"https:\\\/\\\/www.dunod.com\\\/livres-philippe-boulanger-2\",\"https:\\\/\\\/www.amazon.fr\\\/stores\\\/Dr-Philippe-Boulanger\\\/author\\\/B0DD4CMFDX\",\"https:\\\/\\\/www.lecampus.online\\\/conferenciers\\\/philippe-boulanger\",\"https:\\\/\\\/www.startnplay.com\\\/personnalite\\\/conferencier\\\/phlippe-boulanger\\\/\"]},{\"@type\":\"Person\",\"@id\":\"https:\\\/\\\/philippeboulanger.com\\\/fr\\\/#\\\/schema\\\/person\\\/6bb370f9c91a64097487f01391ea335f\",\"name\":\"Philippe Boulanger\",\"image\":{\"@type\":\"ImageObject\",\"inLanguage\":\"fr-FR\",\"@id\":\"https:\\\/\\\/secure.gravatar.com\\\/avatar\\\/7e269ce6778aacfb26aa4350739359d938962ebf752aa458b862bfd78ff946c1?s=96&d=mm&r=g\",\"url\":\"https:\\\/\\\/secure.gravatar.com\\\/avatar\\\/7e269ce6778aacfb26aa4350739359d938962ebf752aa458b862bfd78ff946c1?s=96&d=mm&r=g\",\"contentUrl\":\"https:\\\/\\\/secure.gravatar.com\\\/avatar\\\/7e269ce6778aacfb26aa4350739359d938962ebf752aa458b862bfd78ff946c1?s=96&d=mm&r=g\",\"caption\":\"Philippe Boulanger\"},\"url\":\"https:\\\/\\\/philippeboulanger.com\\\/fr\\\/author\\\/boulanger-philgmail-com\\\/\"}]}<\/script>\n<!-- \/ Yoast SEO Premium plugin. -->","yoast_head_json":{"title":"La chanteuse fant\u00f4me - Philippe Boulanger","description":"Une chanteuse virtuelle atteint la premi\u00e8re place iTunes avec \u201cCelebrate Me\u201d. Un signal majeur sur l\u2019IA musicale, la transparence, les plateformes et la confiance.","robots":{"index":"index","follow":"follow","max-snippet":"max-snippet:-1","max-image-preview":"max-image-preview:large","max-video-preview":"max-video-preview:-1"},"canonical":"https:\/\/philippeboulanger.com\/fr\/la-chanteuse-fantome\/","og_locale":"fr_FR","og_type":"article","og_title":"La chanteuse fant\u00f4me","og_description":"Une chanteuse virtuelle atteint la premi\u00e8re place iTunes avec \u201cCelebrate Me\u201d. Un signal majeur sur l\u2019IA musicale, la transparence, les plateformes et la confiance.","og_url":"https:\/\/philippeboulanger.com\/fr\/la-chanteuse-fantome\/","og_site_name":"Philippe Boulanger","article_publisher":"https:\/\/www.facebook.com\/philippe.boulanger.official","article_published_time":"2026-04-28T05:00:00+00:00","og_image":[{"width":2560,"height":1429,"url":"https:\/\/philippeboulanger.com\/wp-content\/uploads\/2026\/04\/AI-song-top-of-the-charts-Philippe-Boulanger-scaled.webp","type":"image\/jpeg"}],"author":"Philippe Boulanger","twitter_card":"summary_large_image","twitter_creator":"@Ph_Boulanger","twitter_site":"@Ph_Boulanger","twitter_misc":{"\u00c9crit par":"Philippe Boulanger","Dur\u00e9e de lecture estim\u00e9e":"8 minutes"},"schema":{"@context":"https:\/\/schema.org","@graph":[{"@type":"Article","@id":"https:\/\/philippeboulanger.com\/fr\/la-chanteuse-fantome\/#article","isPartOf":{"@id":"https:\/\/philippeboulanger.com\/fr\/la-chanteuse-fantome\/"},"author":{"name":"Philippe Boulanger","@id":"https:\/\/philippeboulanger.com\/fr\/#\/schema\/person\/6bb370f9c91a64097487f01391ea335f"},"headline":"La chanteuse fant\u00f4me","datePublished":"2026-04-28T05:00:00+00:00","mainEntityOfPage":{"@id":"https:\/\/philippeboulanger.com\/fr\/la-chanteuse-fantome\/"},"wordCount":1851,"commentCount":0,"publisher":{"@id":"https:\/\/philippeboulanger.com\/fr\/#organization"},"image":{"@id":"https:\/\/philippeboulanger.com\/fr\/la-chanteuse-fantome\/#primaryimage"},"thumbnailUrl":"https:\/\/philippeboulanger.com\/wp-content\/uploads\/2026\/04\/AI-song-top-of-the-charts-Philippe-Boulanger-scaled.webp?wsr","keywords":["Bandcamp","confiance num\u00e9rique","cr\u00e9ativit\u00e9","droits d\u2019auteur","gouvernance IA","IA musicale","innovation","intelligence artificielle","iTunes","musique g\u00e9n\u00e9rative","plateformes num\u00e9riques","Spotify","strat\u00e9gie IA","Suno","transparence"],"articleSection":["intelligence innovationnelle\u00ae"],"inLanguage":"fr-FR","potentialAction":[{"@type":"CommentAction","name":"Comment","target":["https:\/\/philippeboulanger.com\/fr\/la-chanteuse-fantome\/#respond"]}]},{"@type":"WebPage","@id":"https:\/\/philippeboulanger.com\/fr\/la-chanteuse-fantome\/","url":"https:\/\/philippeboulanger.com\/fr\/la-chanteuse-fantome\/","name":"La chanteuse fant\u00f4me - Philippe Boulanger","isPartOf":{"@id":"https:\/\/philippeboulanger.com\/fr\/#website"},"primaryImageOfPage":{"@id":"https:\/\/philippeboulanger.com\/fr\/la-chanteuse-fantome\/#primaryimage"},"image":{"@id":"https:\/\/philippeboulanger.com\/fr\/la-chanteuse-fantome\/#primaryimage"},"thumbnailUrl":"https:\/\/philippeboulanger.com\/wp-content\/uploads\/2026\/04\/AI-song-top-of-the-charts-Philippe-Boulanger-scaled.webp?wsr","datePublished":"2026-04-28T05:00:00+00:00","description":"Une chanteuse virtuelle atteint la premi\u00e8re place iTunes avec \u201cCelebrate Me\u201d. Un signal majeur sur l\u2019IA musicale, la transparence, les plateformes et la confiance.","breadcrumb":{"@id":"https:\/\/philippeboulanger.com\/fr\/la-chanteuse-fantome\/#breadcrumb"},"inLanguage":"fr-FR","potentialAction":[{"@type":"ReadAction","target":["https:\/\/philippeboulanger.com\/fr\/la-chanteuse-fantome\/"]}]},{"@type":"ImageObject","inLanguage":"fr-FR","@id":"https:\/\/philippeboulanger.com\/fr\/la-chanteuse-fantome\/#primaryimage","url":"https:\/\/philippeboulanger.com\/wp-content\/uploads\/2026\/04\/AI-song-top-of-the-charts-Philippe-Boulanger-scaled.webp?wsr","contentUrl":"https:\/\/philippeboulanger.com\/wp-content\/uploads\/2026\/04\/AI-song-top-of-the-charts-Philippe-Boulanger-scaled.webp?wsr","width":2560,"height":1429},{"@type":"BreadcrumbList","@id":"https:\/\/philippeboulanger.com\/fr\/la-chanteuse-fantome\/#breadcrumb","itemListElement":[{"@type":"ListItem","position":1,"name":"Home","item":"https:\/\/philippeboulanger.com\/fr\/"},{"@type":"ListItem","position":2,"name":"La chanteuse fant\u00f4me"}]},{"@type":"WebSite","@id":"https:\/\/philippeboulanger.com\/fr\/#website","url":"https:\/\/philippeboulanger.com\/fr\/","name":"Philippe Boulanger","description":"Global Keynote Speaker &amp; Advisor","publisher":{"@id":"https:\/\/philippeboulanger.com\/fr\/#organization"},"potentialAction":[{"@type":"SearchAction","target":{"@type":"EntryPoint","urlTemplate":"https:\/\/philippeboulanger.com\/fr\/?s={search_term_string}"},"query-input":{"@type":"PropertyValueSpecification","valueRequired":true,"valueName":"search_term_string"}}],"inLanguage":"fr-FR"},{"@type":"Organization","@id":"https:\/\/philippeboulanger.com\/fr\/#organization","name":"Philippe Boulanger - The Innovation Evangelist - Global Keynote Speaker","url":"https:\/\/philippeboulanger.com\/fr\/","logo":{"@type":"ImageObject","inLanguage":"fr-FR","@id":"https:\/\/philippeboulanger.com\/fr\/#\/schema\/logo\/image\/","url":"https:\/\/philippeboulanger.com\/wp-content\/uploads\/2026\/01\/cropped-philippe-boulanger-favicon-2026.webp","contentUrl":"https:\/\/philippeboulanger.com\/wp-content\/uploads\/2026\/01\/cropped-philippe-boulanger-favicon-2026.webp","width":512,"height":512,"caption":"Philippe Boulanger - The Innovation Evangelist - Global Keynote Speaker"},"image":{"@id":"https:\/\/philippeboulanger.com\/fr\/#\/schema\/logo\/image\/"},"sameAs":["https:\/\/www.facebook.com\/philippe.boulanger.official","https:\/\/x.com\/Ph_Boulanger","https:\/\/www.youtube.com\/@PhilippeBoulanger","https:\/\/www.lespeakers.com\/conferencier\/philippe-boulanger","https:\/\/www.adn-conferenciers.com\/conferenciers-philippe-boulanger","https:\/\/www.wechamp-entreprise.co\/conferencier\/philippe-boulanger\/","https:\/\/hyfen.fr\/intervenant\/philippe-boulanger\/","https:\/\/okaydoc.fr\/philippe-boulanger-conferencier-innovation\/","https:\/\/www.lesconferenciers.com\/conferencier\/philippe-boulanger\/","https:\/\/simoneetnelson.com\/annuaire\/conferenciers\/philippe-boulanger\/","https:\/\/myspeaker.fr\/conferenciers\/philippe-boulanger\/","https:\/\/www.premium-communication.fr\/conferenciers\/ia-et-innovation\/boulanger","https:\/\/www.vivavox.fr\/conferencier\/233\/","https:\/\/www.a-speakers.fr\/conferencier\/philippe-boulanger\/","https:\/\/www.espeakers.com\/marketplace\/profile\/41889\/philippe-boulanger","https:\/\/www.dunod.com\/livres-philippe-boulanger-2","https:\/\/www.amazon.fr\/stores\/Dr-Philippe-Boulanger\/author\/B0DD4CMFDX","https:\/\/www.lecampus.online\/conferenciers\/philippe-boulanger","https:\/\/www.startnplay.com\/personnalite\/conferencier\/phlippe-boulanger\/"]},{"@type":"Person","@id":"https:\/\/philippeboulanger.com\/fr\/#\/schema\/person\/6bb370f9c91a64097487f01391ea335f","name":"Philippe Boulanger","image":{"@type":"ImageObject","inLanguage":"fr-FR","@id":"https:\/\/secure.gravatar.com\/avatar\/7e269ce6778aacfb26aa4350739359d938962ebf752aa458b862bfd78ff946c1?s=96&d=mm&r=g","url":"https:\/\/secure.gravatar.com\/avatar\/7e269ce6778aacfb26aa4350739359d938962ebf752aa458b862bfd78ff946c1?s=96&d=mm&r=g","contentUrl":"https:\/\/secure.gravatar.com\/avatar\/7e269ce6778aacfb26aa4350739359d938962ebf752aa458b862bfd78ff946c1?s=96&d=mm&r=g","caption":"Philippe Boulanger"},"url":"https:\/\/philippeboulanger.com\/fr\/author\/boulanger-philgmail-com\/"}]}},"jetpack_featured_media_url":"https:\/\/philippeboulanger.com\/wp-content\/uploads\/2026\/04\/AI-song-top-of-the-charts-Philippe-Boulanger-scaled.webp?wsr","jetpack_sharing_enabled":true,"_links":{"self":[{"href":"https:\/\/philippeboulanger.com\/fr\/wp-json\/wp\/v2\/posts\/15926","targetHints":{"allow":["GET"]}}],"collection":[{"href":"https:\/\/philippeboulanger.com\/fr\/wp-json\/wp\/v2\/posts"}],"about":[{"href":"https:\/\/philippeboulanger.com\/fr\/wp-json\/wp\/v2\/types\/post"}],"author":[{"embeddable":true,"href":"https:\/\/philippeboulanger.com\/fr\/wp-json\/wp\/v2\/users\/4"}],"replies":[{"embeddable":true,"href":"https:\/\/philippeboulanger.com\/fr\/wp-json\/wp\/v2\/comments?post=15926"}],"version-history":[{"count":1,"href":"https:\/\/philippeboulanger.com\/fr\/wp-json\/wp\/v2\/posts\/15926\/revisions"}],"predecessor-version":[{"id":15928,"href":"https:\/\/philippeboulanger.com\/fr\/wp-json\/wp\/v2\/posts\/15926\/revisions\/15928"}],"wp:featuredmedia":[{"embeddable":true,"href":"https:\/\/philippeboulanger.com\/fr\/wp-json\/wp\/v2\/media\/15927"}],"wp:attachment":[{"href":"https:\/\/philippeboulanger.com\/fr\/wp-json\/wp\/v2\/media?parent=15926"}],"wp:term":[{"taxonomy":"category","embeddable":true,"href":"https:\/\/philippeboulanger.com\/fr\/wp-json\/wp\/v2\/categories?post=15926"},{"taxonomy":"post_tag","embeddable":true,"href":"https:\/\/philippeboulanger.com\/fr\/wp-json\/wp\/v2\/tags?post=15926"}],"curies":[{"name":"wp","href":"https:\/\/api.w.org\/{rel}","templated":true}]}}